{"id":601848,"date":"2025-12-15T23:48:22","date_gmt":"2025-12-15T23:48:22","guid":{"rendered":"https:\/\/www.europesays.com\/fr\/601848\/"},"modified":"2025-12-15T23:48:22","modified_gmt":"2025-12-15T23:48:22","slug":"spatial-un-hackathon-international-dinnovation-a-montpellier","status":"publish","type":"post","link":"https:\/\/www.europesays.com\/fr\/601848\/","title":{"rendered":"Spatial. Un hackathon international d&rsquo;innovation \u00e0 Montpellier"},"content":{"rendered":"<p>ActInSpace, le hackathon international d\u2019innovation cr\u00e9\u00e9 en 2014 par l\u2019Agence spatiale fran\u00e7aise (Cnes) et coorganis\u00e9, depuis, en collaboration avec l\u2019Agence spatiale europ\u00e9enne (Esa), se d\u00e9roulera les 30 et 31\u00a0janvier 2026.<\/p>\n<p>En Occitanie, le p\u00f4le <a href=\"https:\/\/www.touleco.fr\/Aerospace-Valley-soutient-une-filiere-regionale-de,45235\" class=\"spip_in\" target=\"_blank\" rel=\"noopener\">Aerospace Valley<\/a> est coorganisateur (aux c\u00f4t\u00e9s du <a href=\"https:\/\/www.touleco.fr\/BIC-de-Montpellier-L-accompagnement-est-le-maitre-mot\" class=\"spip_in\" target=\"_blank\" rel=\"noopener\">Bic de Montpellier<\/a> et de Montpellier M\u00e9tropole M\u00e9diterran\u00e9e) de l\u2019\u00e9preuve qui se d\u00e9roulera \u00e0 Montpellier dans les locaux de l\u2019IAE. ActInSpace rassemble, pour cette nouvelle \u00e9dition 2026, plus de cinquante villes de trente pays autour de seize challenges. <a href=\"https:\/\/www.aerospace-valley.com\/agenda\/actinspacer-est-de-retour-en-2026\" class=\"spip_out\" rel=\"external noopener\" target=\"_blank\">Plus d\u2019informations<\/a> et <a href=\"https:\/\/actinspace.org\/\" class=\"spip_out\" rel=\"external noopener\" target=\"_blank\">inscriptions<\/a> en ligne.<\/p>\n<p>ActInSpace. Les vendredi 30 et samedi 31\u00a0janvier 2026, dans les locaux de l\u2019IAE de l\u2019Universit\u00e9 de Montpellier.<\/p>\n","protected":false},"excerpt":{"rendered":"ActInSpace, le hackathon international d\u2019innovation cr\u00e9\u00e9 en 2014 par l\u2019Agence spatiale fran\u00e7aise (Cnes) et coorganis\u00e9, depuis, en collaboration&hellip;\n","protected":false},"author":2,"featured_media":373637,"comment_status":"","ping_status":"","sticky":false,"template":"","format":"standard","meta":{"footnotes":""},"categories":[9599],"tags":[1111,11,1777,674,1011,27,2208,12,2680,50985,25,671],"class_list":{"0":"post-601848","1":"post","2":"type-post","3":"status-publish","4":"format-standard","5":"has-post-thumbnail","7":"category-montpellier","8":"tag-actu","9":"tag-actualites","10":"tag-eu","11":"tag-europe","12":"tag-fr","13":"tag-france","14":"tag-montpellier","15":"tag-news","16":"tag-occitanie","17":"tag-pole-aerospace-valley","18":"tag-republique-francaise","19":"tag-spatial"},"share_on_mastodon":{"url":"https:\/\/pubeurope.com\/@fr\/115726260928754921","error":""},"_links":{"self":[{"href":"https:\/\/www.europesays.com\/fr\/wp-json\/wp\/v2\/posts\/601848","targetHints":{"allow":["GET"]}}],"collection":[{"href":"https:\/\/www.europesays.com\/fr\/wp-json\/wp\/v2\/posts"}],"about":[{"href":"https:\/\/www.europesays.com\/fr\/wp-json\/wp\/v2\/types\/post"}],"author":[{"embeddable":true,"href":"https:\/\/www.europesays.com\/fr\/wp-json\/wp\/v2\/users\/2"}],"replies":[{"embeddable":true,"href":"https:\/\/www.europesays.com\/fr\/wp-json\/wp\/v2\/comments?post=601848"}],"version-history":[{"count":0,"href":"https:\/\/www.europesays.com\/fr\/wp-json\/wp\/v2\/posts\/601848\/revisions"}],"wp:featuredmedia":[{"embeddable":true,"href":"https:\/\/www.europesays.com\/fr\/wp-json\/wp\/v2\/media\/373637"}],"wp:attachment":[{"href":"https:\/\/www.europesays.com\/fr\/wp-json\/wp\/v2\/media?parent=601848"}],"wp:term":[{"taxonomy":"category","embeddable":true,"href":"https:\/\/www.europesays.com\/fr\/wp-json\/wp\/v2\/categories?post=601848"},{"taxonomy":"post_tag","embeddable":true,"href":"https:\/\/www.europesays.com\/fr\/wp-json\/wp\/v2\/tags?post=601848"}],"curies":[{"name":"wp","href":"https:\/\/api.w.org\/{rel}","templated":true}]}}