{"id":601849,"date":"2025-12-15T23:49:13","date_gmt":"2025-12-15T23:49:13","guid":{"rendered":"https:\/\/www.europesays.com\/fr\/601849\/"},"modified":"2025-12-15T23:49:13","modified_gmt":"2025-12-15T23:49:13","slug":"apres-la-folle-course-poursuite-a-montpellier-le-chauffard-sans-permis-face-a-la-justice","status":"publish","type":"post","link":"https:\/\/www.europesays.com\/fr\/601849\/","title":{"rendered":"Apr\u00e8s la folle course-poursuite \u00e0 Montpellier, le chauffard sans permis face \u00e0 la justice"},"content":{"rendered":"<p>                    Par<br \/>\n        <strong><br \/>\n            <a href=\"https:\/\/actu.fr\/auteur\/lea-pippinato\" title=\"Consulter tous les articles de L\u00e9a Pippinato\" target=\"_blank\" rel=\"noopener\">L\u00e9a Pippinato<\/a><br \/>\n                    <\/strong><\/p>\n<p>        Publi\u00e9 le<\/p>\n<p>            15 d\u00e9c. 2025 \u00e0 17h54        <\/p>\n<p>Le chauffard sera jug\u00e9 ce mercredi 17 d\u00e9cembre 2025.\u00a0<a href=\"https:\/\/actu.fr\/occitanie\/montpellier_34172\/refus-d-obtemperer-et-course-poursuite-a-montpellier-policier-blesse-et-voitures-accidentees_63574408.html\" target=\"_blank\" rel=\"noopener\">Samedi, il fuyait la police pendant 20 minutes<\/a>. Entre les deux, une s\u00e9rie d\u2019infractions et un policier l\u00e9g\u00e8rement \u00a0bless\u00e9.\u00a0<\/p>\n<p class=\" wall-content\">L\u2019homme a pass\u00e9 le week-end en garde \u00e0 vue. Il a \u00e9t\u00e9 d\u00e9f\u00e9r\u00e9 <strong>ce lundi 15 d\u00e9cembre 2025<\/strong> au tribunal judiciaire de Montpellier. Le parquet a d\u00e9cid\u00e9 d\u2019une comparution imm\u00e9diate. L\u2019audience est pr\u00e9vue ce mercredi. Il devra r\u00e9pondre de plusieurs infractions. Les faits retenus sont lourds : ils concernent l\u2019usage de stup\u00e9fiants, le refus d\u2019obtemp\u00e9rer, la r\u00e9bellion lors de son interpellation, la mise en danger d\u2019autrui et la conduite sans permis en r\u00e9cidive. L\u2019homme avait d\u00e9j\u00e0 \u00e9t\u00e9 condamn\u00e9 pour des faits similaires.<\/p>\n<p>    <a href=\"https:\/\/www.google.com\/maps\/embed?pb=!1m18!1m12!1m3!1d11556.70365169137!2d3.8567936!3d43.60287875!2m3!1f0!2f0!3f0!3m2!1i1024!2i768!4f13.1!3m3!1m2!1s0x12b6afaa72f9407f%3A0x8635a1527e55fabe!2sTribunal%20Judiciaire%20de%20Montpellier!5e0!3m2!1sfr!2sfr!4v1765814828673!5m2!1sfr!2sfr\" title=\"Ouvrie le lien\" target=\"_blank\" rel=\"noopener\">Cliquez ici pour visualiser le contenu<\/a><\/p>\n<p>Un sc\u00e9nario d\u00e9j\u00e0 connu des enqu\u00eateurs<\/p>\n<p class=\" wall-content\">Les faits se sont d\u00e9roul\u00e9s samedi, en d\u00e9but de soir\u00e9e. Il est 20h10 quand un \u00e9quipage de <strong>police secours<\/strong> patrouille dans le secteur des Marels, \u00e0 Montpellier. Les agents remarquent un v\u00e9hicule qui quitte le point de deal \u00e0 grande vitesse. Le conducteur ne porte pas sa ceinture de s\u00e9curit\u00e9 : le contr\u00f4le s\u2019impose. Dans un premier temps, l\u2019automobiliste s\u2019ex\u00e9cute et gare sur le bas-c\u00f4t\u00e9. Lorsque les policiers s\u2019approchent, il red\u00e9marre brusquement.<\/p>\n<p class=\" wall-content\">La poursuite dure environ vingt minutes, au cours de laquelle une voiture de la DIPN 34 est volontairement percut\u00e9e sur l\u2019avenue de la Pompignane. Pour mettre fin \u00e0 la situation, un v\u00e9hicule de police s\u2019arr\u00eate \u00e0 hauteur du fuyard, qui continue sa course. Les forces de l\u2019ordre percutent alors la voiture \u00e0 faible vitesse, mais l\u2019impact d\u00e9clenche les airbags et un agent perd connaissance \u00e0 deux reprises. Les sapeurs-pompiers interviennent, il est admis aux urgences pendant cinq heures. Son \u00e9tat de sant\u00e9 est aujourd\u2019hui satisfaisant.<\/p>\n<p>Vid\u00e9os : en ce moment sur Actu<\/p>\n<p class=\" wall-content\">Le chauffard est \u00e2g\u00e9 de 32 ans et habite \u00e0 N\u00eemes. Il ne poss\u00e8de pas le permis de conduire : ce point explique en grande partie sa prise de risques. Le v\u00e9hicule ne lui appartient pas, mais n\u2019est pas d\u00e9clar\u00e9 vol\u00e9.<\/p>\n<p class=\" wall-content\">Personnalisez votre actualit\u00e9 en ajoutant vos villes et m\u00e9dias en favori avec <a href=\"https:\/\/moncompte.actu.fr\" title=\"D\u00e9couvez Mon Actu\" rel=\"nofollow noopener\" data-trk=\"{&quot;cta&quot;:{&quot;action&quot;:&quot;https:\\\/\\\/moncompte.actu.fr&quot;,&quot;category&quot;:&quot;mon compte&quot;,&quot;from&quot;:&quot;article footer&quot;,&quot;name&quot;:&quot;Mon actu&quot;,&quot;type&quot;:&quot;cta&quot;}}\" target=\"_blank\">Mon Actu<\/a>.<\/p>\n","protected":false},"excerpt":{"rendered":"Par L\u00e9a Pippinato Publi\u00e9 le 15 d\u00e9c. 2025 \u00e0 17h54 Le chauffard sera jug\u00e9 ce mercredi 17 d\u00e9cembre&hellip;\n","protected":false},"author":2,"featured_media":601850,"comment_status":"","ping_status":"","sticky":false,"template":"","format":"standard","meta":{"footnotes":""},"categories":[9599],"tags":[1111,11,1777,674,118,1011,27,303,2208,12,2680,1072,2852,25],"class_list":{"0":"post-601849","1":"post","2":"type-post","3":"status-publish","4":"format-standard","5":"has-post-thumbnail","7":"category-montpellier","8":"tag-actu","9":"tag-actualites","10":"tag-eu","11":"tag-europe","12":"tag-faits-divers","13":"tag-fr","14":"tag-france","15":"tag-justice","16":"tag-montpellier","17":"tag-news","18":"tag-occitanie","19":"tag-police","20":"tag-refus-dobtemperer","21":"tag-republique-francaise"},"share_on_mastodon":{"url":"https:\/\/pubeurope.com\/@fr\/115726264895616272","error":""},"_links":{"self":[{"href":"https:\/\/www.europesays.com\/fr\/wp-json\/wp\/v2\/posts\/601849","targetHints":{"allow":["GET"]}}],"collection":[{"href":"https:\/\/www.europesays.com\/fr\/wp-json\/wp\/v2\/posts"}],"about":[{"href":"https:\/\/www.europesays.com\/fr\/wp-json\/wp\/v2\/types\/post"}],"author":[{"embeddable":true,"href":"https:\/\/www.europesays.com\/fr\/wp-json\/wp\/v2\/users\/2"}],"replies":[{"embeddable":true,"href":"https:\/\/www.europesays.com\/fr\/wp-json\/wp\/v2\/comments?post=601849"}],"version-history":[{"count":0,"href":"https:\/\/www.europesays.com\/fr\/wp-json\/wp\/v2\/posts\/601849\/revisions"}],"wp:featuredmedia":[{"embeddable":true,"href":"https:\/\/www.europesays.com\/fr\/wp-json\/wp\/v2\/media\/601850"}],"wp:attachment":[{"href":"https:\/\/www.europesays.com\/fr\/wp-json\/wp\/v2\/media?parent=601849"}],"wp:term":[{"taxonomy":"category","embeddable":true,"href":"https:\/\/www.europesays.com\/fr\/wp-json\/wp\/v2\/categories?post=601849"},{"taxonomy":"post_tag","embeddable":true,"href":"https:\/\/www.europesays.com\/fr\/wp-json\/wp\/v2\/tags?post=601849"}],"curies":[{"name":"wp","href":"https:\/\/api.w.org\/{rel}","templated":true}]}}