{"id":601854,"date":"2025-12-15T23:52:17","date_gmt":"2025-12-15T23:52:17","guid":{"rendered":"https:\/\/www.europesays.com\/fr\/601854\/"},"modified":"2025-12-15T23:52:17","modified_gmt":"2025-12-15T23:52:17","slug":"techfest-2026-grenoble-capitale-europeenne-de-linnovation-2026","status":"publish","type":"post","link":"https:\/\/www.europesays.com\/fr\/601854\/","title":{"rendered":"Tech&#038;Fest 2026. Grenoble, Capitale europ\u00e9enne de l\u2019innovation 2026"},"content":{"rendered":"<p>  <strong>Un territoire pionnier, forg\u00e9 par un si\u00e8cle d\u2019innovation <\/strong><\/p>\n<p>Depuis l\u2019exposition de la Houille blanche il y a un si\u00e8cle, Grenoble cultive une identit\u00e9 d\u2019avant-garde o\u00f9 universit\u00e9, recherche publique, industrie et collectivit\u00e9s travaillent ensemble. Cette alliance produit <a href=\"https:\/\/www.grenoblealpesmetropole.fr\/actualite\/559\/45-grenoble-alpes-metropole-capitale-europeenne-de-l-innovation-2026.htm\" target=\"_blank\" rel=\"noopener\">l\u2019un des \u00e9cosyst\u00e8mes les plus denses en Europe<\/a> : 30 000 emplois en R&amp;D, 5e\u00a0densit\u00e9 deeptech mondiale, premi\u00e8re m\u00e9tropole industrielle de France en taux d\u2019emploi, une universit\u00e9 n\u00b01 en Europe pour les brevets. Une dynamique qui propulse le territoire au c\u0153ur des grandes ruptures : quantique, micro\u00e9lectronique, hydrog\u00e8ne, IA embarqu\u00e9e, cleantech\u2026 Une v\u00e9ritable \u201cSilicon Valley \u00e0 la fran\u00e7aise\u201d.<\/p>\n<p><strong>La transition \u00e9cologique par l\u2019exp\u00e9rimentation<\/strong><\/p>\n<p>Premier territoire fran\u00e7ais \u00e0 adopter un plan Climat en 2005, Grenoble a fait de la transition \u00e9cologique un fil rouge. R\u00e9seaux de chaleur 100 % renouvelables, biogaz, urbanisme bioclimatique, sant\u00e9 des sols, mobilit\u00e9s actives&#8230; La transition \u00e9cologique irrigue toutes les politiques publiques et l\u2019innovation participe \u00e0 acc\u00e9l\u00e9rer la neutralit\u00e9 carbone. <br \/>R\u00e9sultat : &#8211; 56\u00a0% d\u2019\u00e9missions de gaz \u00e0 effet de serre en 20 ans et une reconnaissance europ\u00e9enne avec les prix Capitale verte europ\u00e9enne 2022 et le European Energy Award 2024. Prochain objectif : devenir l\u2019une des premi\u00e8res villes europ\u00e9ennes neutre en carbone.<\/p>\n<p><strong>La d\u00e9mocratie participative au c\u0153ur de l\u2019action publique<\/strong><\/p>\n<p>Grenoble place les citoyens au c\u0153ur de la d\u00e9cision publique, convaincue qu\u2019aucune transition juste ne peut r\u00e9ussir sans eux. La Convention Citoyenne M\u00e9tropolitaine pour le Climat de 2022, premi\u00e8re en France \u00e0 cette \u00e9chelle, en est l\u2019exemple le plus marquant : 100 participants, 246\u00a0propositions dont 86 % d\u00e9j\u00e0 mises en \u0153uvre en 2025. Au-del\u00e0 de cet exercice embl\u00e9matique, la M\u00e9tropole a d\u00e9velopp\u00e9 un mod\u00e8le de gouvernance fond\u00e9 sur l\u2019\u00e9coute et l\u2019inclusion : p\u00e9titions citoyennes, d\u00e9marches hors les murs, participation au pied des immeubles, co-construction des politiques territoriales. Ici, l\u2019innovation n\u2019est pas seulement technologique : elle est sociale, d\u00e9mocratique, collective.<\/p>\n<p><strong>La recherche qui invente l\u2019industrie de demain : la marque de fabrique grenobloise<\/strong><\/p>\n<p>Grenoble invente puis industrialise. Des start-up embl\u00e9matiques comme MagREEsource ou Quobly illustrent la capacit\u00e9 du territoire \u00e0 concr\u00e9tiser les ruptures technologiques. Pour accompagner ce passage \u00e0 l\u2019\u00e9chelle, la M\u00e9tropole anime ses fili\u00e8res \u00e0 enjeux et mobilise sa strat\u00e9gie fonci\u00e8re et immobili\u00e8re pour agir. S\u2019inspirant du mod\u00e8le de d\u00e9veloppement du campus GIANT Presqu\u2019\u00eele, le quartier de 250 ha \u00e0 haute intensit\u00e9 technologique autour du CEA. Des projets structurants comme GrandAlpe et FabricAlpes, les BHT, sont autant de lieux con\u00e7us pour accueillir les entreprises industrielles, ma\u00eetriser le foncier et garantir un d\u00e9veloppement durable et \u00e9quilibr\u00e9.<\/p>\n<p><strong>Un \u00e9cosyst\u00e8me qui rayonne\u00a0en France et en Europe<\/strong><\/p>\n<p>Chaque ann\u00e9e, de nouvelles deeptech issues des laboratoires s\u2019implantent sur le territoire. Une dynamique amplifi\u00e9e par des \u00e9v\u00e9nements structurants tel que tech&amp;fest, rendez-vous majeur organis\u00e9 \u00e0 Grenoble, depuis trois ans, pour c\u00e9l\u00e9brer le meilleur de la tech. Il rassemble plus de 20\u00a0000\u00a0participants, 250 speakers et 350 exposants. Pour la M\u00e9tropole, tech&amp;fest est l\u2019occasion d\u2019organiser le iForum, rendez-vous annuel de la communaut\u00e9 locale des accompagnateurs de l\u2019innovation autour des solutions \u00e0 impact, des transitions sociales et environnementales, et son volet \u201cinvestissement\u201d, le iVenture, pour les start-up en recherche de financements. En 2026, tech&amp;fest accueillera \u00e9galement le High Level Forum, qui r\u00e9unit 45 \u00e9cosyst\u00e8mes mondiaux d\u2019innovation, renfor\u00e7ant encore l\u2019attractivit\u00e9 du territoire \u00e0 l\u2019\u00e9chelle nationale et internationale. Rendez-vous les 4 et 5 f\u00e9vrier 2026 \u00e0 Alpexpo !<\/p>\n<p class=\"insetTitle\">M\u00e9lina H\u00e9renger, vice-pr\u00e9sidente de Grenoble Alpes M\u00e9tropole charg\u00e9e du tourisme, de l\u2019attractivit\u00e9, de l\u2019innovation, de l\u2019universit\u00e9 et de la qualit\u00e9 de vie.<\/p>\n<p>            <strong>Quelle est l\u2019importance de ce prix pour Grenoble Alpes M\u00e9tropole ?<\/strong><\/p>\n<p>\u00ab\u00a0\u00catre laur\u00e9at des iCapital Awards confirme que la M\u00e9tropole joue au plus haut niveau europ\u00e9en. Cette r\u00e9compense valide un mod\u00e8le fond\u00e9 sur la coop\u00e9ration entre chercheurs, start-up, industriels, \u00e9lus et citoyens pour transformer la recherche en solutions concr\u00e8tes face aux d\u00e9fis climatiques, technologiques et sociaux. Elle consacre une vision collective o\u00f9 l\u2019innovation s\u2019ancre dans le r\u00e9el et b\u00e9n\u00e9ficie directement aux habitants.\u00a0\u00bb<\/p>\n<p><strong>Est-il vecteur de fiert\u00e9 territoriale ?<\/strong><\/p>\n<p>\u00ab\u00a0Ce prix nourrit la fiert\u00e9 d\u2019un territoire pionnier de la transition \u00e9nerg\u00e9tique, o\u00f9 sobri\u00e9t\u00e9, technologie utile et culture scientifique sont profond\u00e9ment ancr\u00e9es. Il met en lumi\u00e8re la capacit\u00e9 grenobloise \u00e0 allier excellence acad\u00e9mique, puissance industrielle et engagement citoyen, tout en cultivant l\u2019esprit d\u2019exp\u00e9rimentation qui fait son identit\u00e9.\u00a0\u00bb<\/p>\n<p><strong>Est-ce un aboutissement ou une ouverture ?<\/strong><\/p>\n<p>\u00ab\u00a0Cette reconnaissance ouvre de nouvelles perspectives : une visibilit\u00e9 internationale renforc\u00e9e, des financements cl\u00e9s, de nouveaux partenariats et une attractivit\u00e9 accrue. Elle doit servir de levier pour acc\u00e9l\u00e9rer nos projets phares, tester des innovations \u00e0 grande \u00e9chelle et affirmer notre r\u00f4le de laboratoire europ\u00e9en des transitions, au service d\u2019un futur plus durable et plus cr\u00e9atif.\u00a0\u00bb<\/p>\n","protected":false},"excerpt":{"rendered":"Un territoire pionnier, forg\u00e9 par un si\u00e8cle d\u2019innovation Depuis l\u2019exposition de la Houille blanche il y a un&hellip;\n","protected":false},"author":2,"featured_media":601855,"comment_status":"","ping_status":"","sticky":false,"template":"","format":"standard","meta":{"footnotes":""},"categories":[9566],"tags":[1111,11,7884,2430,7885,9810,1777,674,1011,27,2731,12,25,20932],"class_list":{"0":"post-601854","1":"post","2":"type-post","3":"status-publish","4":"format-standard","5":"has-post-thumbnail","7":"category-grenoble","8":"tag-actu","9":"tag-actualites","10":"tag-articles-partenaires","11":"tag-auvergne-rhone-alpes","12":"tag-brand-content","13":"tag-direct-entreprises","14":"tag-eu","15":"tag-europe","16":"tag-fr","17":"tag-france","18":"tag-grenoble","19":"tag-news","20":"tag-republique-francaise","21":"tag-tech-and-fest"},"share_on_mastodon":{"url":"https:\/\/pubeurope.com\/@fr\/115726277016422509","error":""},"_links":{"self":[{"href":"https:\/\/www.europesays.com\/fr\/wp-json\/wp\/v2\/posts\/601854","targetHints":{"allow":["GET"]}}],"collection":[{"href":"https:\/\/www.europesays.com\/fr\/wp-json\/wp\/v2\/posts"}],"about":[{"href":"https:\/\/www.europesays.com\/fr\/wp-json\/wp\/v2\/types\/post"}],"author":[{"embeddable":true,"href":"https:\/\/www.europesays.com\/fr\/wp-json\/wp\/v2\/users\/2"}],"replies":[{"embeddable":true,"href":"https:\/\/www.europesays.com\/fr\/wp-json\/wp\/v2\/comments?post=601854"}],"version-history":[{"count":0,"href":"https:\/\/www.europesays.com\/fr\/wp-json\/wp\/v2\/posts\/601854\/revisions"}],"wp:featuredmedia":[{"embeddable":true,"href":"https:\/\/www.europesays.com\/fr\/wp-json\/wp\/v2\/media\/601855"}],"wp:attachment":[{"href":"https:\/\/www.europesays.com\/fr\/wp-json\/wp\/v2\/media?parent=601854"}],"wp:term":[{"taxonomy":"category","embeddable":true,"href":"https:\/\/www.europesays.com\/fr\/wp-json\/wp\/v2\/categories?post=601854"},{"taxonomy":"post_tag","embeddable":true,"href":"https:\/\/www.europesays.com\/fr\/wp-json\/wp\/v2\/tags?post=601854"}],"curies":[{"name":"wp","href":"https:\/\/api.w.org\/{rel}","templated":true}]}}