{"id":601858,"date":"2025-12-15T23:54:26","date_gmt":"2025-12-15T23:54:26","guid":{"rendered":"https:\/\/www.europesays.com\/fr\/601858\/"},"modified":"2025-12-15T23:54:26","modified_gmt":"2025-12-15T23:54:26","slug":"une-reflexion-collective-en-ille-et-vilaine-la-majorite-soutient-le-retrait-de","status":"publish","type":"post","link":"https:\/\/www.europesays.com\/fr\/601858\/","title":{"rendered":"\u00ab\u00a0Une r\u00e9flexion collective\u00a0\u00bb\u00a0: En Ille-et-Vilaine, la majorit\u00e9 soutient le retrait de"},"content":{"rendered":"<p>Ce lundi 15\u00a0d\u00e9cembre 2025, la majorit\u00e9 d\u00e9partementale apporte son soutien \u00e0 Jean-Luc Chenut, pr\u00e9sident du conseil d\u2019Ille-et-Vilaine, <a href=\"https:\/\/fougeres.maville.com\/actu\/actudet_-le-president-du-departement-d-ille-et-vilaine-retire-sa-confiance-a-une-elue-rennaise-_7-7106532_actu.Htm\" target=\"_blank\" rel=\"noopener\">dans sa d\u00e9cision de retirer sa d\u00e9l\u00e9gation \u00e0 l\u2019\u00e9lue rennaise R\u00e9gine Komokoli-Nakoafio<\/a>.<\/p>\n<p>Depuis juillet\u00a02021, cette derni\u00e8re disposait de la d\u00e9l\u00e9gation \u00e0 la Protection maternelle et infantile, \u00e0 la petite enfance et \u00e0 la parentalit\u00e9.<\/p>\n<p>Vendredi 12\u00a0d\u00e9cembre 2025, Jean-Luc Chenut a officialis\u00e9 sa d\u00e9cision dans un communiqu\u00e9 expliquant son choix par\u00a0diff\u00e9rentes expressions publiques remettant en cause le fonctionnement et les d\u00e9cisions de l\u2019ex\u00e9cutif d\u00e9partemental\u00a0 de la part de <a href=\"https:\/\/rennes.maville.com\/actu\/actudet_-ille-et-vilaine.-l-elue-departementale-regine-komokoli-a-quitte-europe-ecologie-les-verts-_7-5317911_actu.Htm\" target=\"_blank\" rel=\"noopener\">R\u00e9gine Komokoli-Nakoafio<\/a>.<\/p>\n<p>\u00ab\u00a0Une r\u00e9flexion collective\u00a0\u00bb<\/p>\n<p>De son c\u00f4t\u00e9, la majorit\u00e9 d\u00e9partementale, compos\u00e9e du groupe de gauche socialiste et citoyen et du groupe \u00c9cologiste, f\u00e9d\u00e9raliste et citoyen (EFC), apporte son soutien \u00e0 Jean-Luc Chenut. Dans un communiqu\u00e9, elle explique que \u00a0cette d\u00e9cision d\u2019exclusion a \u00e9t\u00e9 prise apr\u00e8s une r\u00e9flexion collective\u00a0. Consid\u00e9rant \u00a0la confiance, la coh\u00e9rence, et la loyaut\u00e9\u00a0 comme \u00a0des \u00e9l\u00e9ments indispensables\u00a0 au \u00a0bon fonctionnement de [la] majorit\u00e9\u00a0, les \u00e9lus \u00e9cologistes et socialistes ont estim\u00e9 que ces derniers \u00a0n\u2019\u00e9taient plus r\u00e9unis\u00a0.<\/p>\n<p>\u00ab\u00a0Une d\u00e9cision difficile\u00a0\u00bb<\/p>\n<p>N\u00e9anmoins, les \u00e9lus \u00e9voquent \u00a0une d\u00e9cision difficile\u00a0 et tiennent \u00e0 rappeler que leur coll\u00e8gue \u00a0demeure naturellement conseill\u00e8re d\u00e9partementale et pourra continuer \u00e0 exercer son mandat\u00a0.<\/p>\n<p>\u00ab\u00a0Surprise, choqu\u00e9e, boulevers\u00e9e\u00a0\u00bb<\/p>\n<p>Apr\u00e8s avoir quitt\u00e9 les \u00c9cologistes en 2022, R\u00e9gine Komokoli-Nakoafio s\u2019est dite \u00a0surprise et m\u00eame choqu\u00e9e, boulevers\u00e9e\u00a0 de cette d\u00e9cision.<\/p>\n<p>En novembre\u00a02025, la conseill\u00e8re d\u00e9partementale, m\u00eame si elle revendique toujours son appartenance\u00a0majorit\u00e9 de gauche de D\u00e9partement, <a href=\"https:\/\/rennes.maville.com\/actu\/actudet_-a-rennes-la-candidate-de-la-france-insoumise-aux-elections-municipales-est-connue-_52674-7074208_actu.Htm\" target=\"_blank\" rel=\"noopener\">s\u2019est affich\u00e9e aux c\u00f4t\u00e9s de Marie Mesmeur, d\u00e9put\u00e9e La France insoumise (LFI), \u00e0 l\u2019annonce de sa candidature aux \u00e9lections municipales de Rennes<\/a>.<\/p>\n<p>\u00a0<\/p>\n","protected":false},"excerpt":{"rendered":"Ce lundi 15\u00a0d\u00e9cembre 2025, la majorit\u00e9 d\u00e9partementale apporte son soutien \u00e0 Jean-Luc Chenut, pr\u00e9sident du conseil d\u2019Ille-et-Vilaine, dans&hellip;\n","protected":false},"author":2,"featured_media":601859,"comment_status":"","ping_status":"","sticky":false,"template":"","format":"standard","meta":{"footnotes":""},"categories":[2821],"tags":[1111,11,829,13773,15491,1777,674,1011,27,848,71443,58510,12,18067,71120,584,25,29622,47163],"class_list":{"0":"post-601858","1":"post","2":"type-post","3":"status-publish","4":"format-standard","5":"has-post-thumbnail","7":"category-rennes","8":"tag-actu","9":"tag-actualites","10":"tag-bretagne","11":"tag-collective","12":"tag-delegation","13":"tag-eu","14":"tag-europe","15":"tag-fr","16":"tag-france","17":"tag-ille-et-vilaine","18":"tag-komokoli","19":"tag-majorite","20":"tag-news","21":"tag-reflexion","22":"tag-regine","23":"tag-rennes","24":"tag-republique-francaise","25":"tag-retrait","26":"tag-soutient"},"share_on_mastodon":{"url":"https:\/\/pubeurope.com\/@fr\/115726285510042648","error":""},"_links":{"self":[{"href":"https:\/\/www.europesays.com\/fr\/wp-json\/wp\/v2\/posts\/601858","targetHints":{"allow":["GET"]}}],"collection":[{"href":"https:\/\/www.europesays.com\/fr\/wp-json\/wp\/v2\/posts"}],"about":[{"href":"https:\/\/www.europesays.com\/fr\/wp-json\/wp\/v2\/types\/post"}],"author":[{"embeddable":true,"href":"https:\/\/www.europesays.com\/fr\/wp-json\/wp\/v2\/users\/2"}],"replies":[{"embeddable":true,"href":"https:\/\/www.europesays.com\/fr\/wp-json\/wp\/v2\/comments?post=601858"}],"version-history":[{"count":0,"href":"https:\/\/www.europesays.com\/fr\/wp-json\/wp\/v2\/posts\/601858\/revisions"}],"wp:featuredmedia":[{"embeddable":true,"href":"https:\/\/www.europesays.com\/fr\/wp-json\/wp\/v2\/media\/601859"}],"wp:attachment":[{"href":"https:\/\/www.europesays.com\/fr\/wp-json\/wp\/v2\/media?parent=601858"}],"wp:term":[{"taxonomy":"category","embeddable":true,"href":"https:\/\/www.europesays.com\/fr\/wp-json\/wp\/v2\/categories?post=601858"},{"taxonomy":"post_tag","embeddable":true,"href":"https:\/\/www.europesays.com\/fr\/wp-json\/wp\/v2\/tags?post=601858"}],"curies":[{"name":"wp","href":"https:\/\/api.w.org\/{rel}","templated":true}]}}