{"id":601870,"date":"2025-12-16T00:04:26","date_gmt":"2025-12-16T00:04:26","guid":{"rendered":"https:\/\/www.europesays.com\/fr\/601870\/"},"modified":"2025-12-16T00:04:26","modified_gmt":"2025-12-16T00:04:26","slug":"fc-nantes-une-vente-du-club-imminente","status":"publish","type":"post","link":"https:\/\/www.europesays.com\/fr\/601870\/","title":{"rendered":"FC Nantes : une vente du club imminente ?"},"content":{"rendered":"<p>Waldemar Kita vendra-t-il le club si les Canaris basculent en Ligue 2 ? Emmanuel Merceron, tr\u00e8s suivi par les supporters, vient d\u2019apporter des pr\u00e9cisions sur la question.<\/p>\n<p>Selon lui, tant que le FC Nantes reste en Ligue 1, Kita ne vendra pas. Malgr\u00e9 sa col\u00e8re et sa frustration, le pr\u00e9sident resterait convaincu qu\u2019il peut encore maintenir le club hors de l\u2019eau. Et l\u2019insider r\u00e9sume parfaitement la situation : \u00ab Si tu te maintiens, pas vraiment de raison de voir Kita vendre. Si tu descends, il restera s\u00fbrement la premi\u00e8re ann\u00e9e en pensant qu\u2019il va remonter facilement. Puis quand il verra que non alors peut-\u00eatre\u2026 \u00bb<\/p>\n<p>Une phrase qui en dit long. Pour Merceron, m\u00eame une descente ne provoquerait pas une vente imm\u00e9diate. Kita voudrait d\u2019abord tenter la remont\u00e9e, persuad\u00e9 que cela se fera sans douleur. Mais la Ligue 2, rude et impr\u00e9visible, ne fait jamais de cadeaux. Si le FCN \u00e9choue \u00e0 remonter d\u00e8s la premi\u00e8re tentative, les dominos pourraient s\u2019encha\u00eener : pression financi\u00e8re, perte de valeur, tensions internes et rejet massif du public. De quoi pousser enfin Kita \u00e0 consid\u00e9rer ce qu\u2019il refuse depuis quinze ans. En clair, Nantes ne joue pas seulement son maintien\u2026 mais peut-\u00eatre la derni\u00e8re ligne droite de l\u2019\u00e8re Kita.<\/p>\n<blockquote class=\"twitter-tweet\" data-width=\"550\" data-dnt=\"true\">\n<p lang=\"fr\" dir=\"ltr\">Si tu te maintiens pas vraiment de raison de voir Kita vendre<br \/>Si tu descends il restera s\u00fbrement la premi\u00e8re ann\u00e9e en pensant qu\u2019il va remonter facilement. Puis quand il verra que non alors peut \u00eatre \u2026<\/p>\n<p>\u2014 Emmanuel Merceron (@ManuMerceron) <a href=\"https:\/\/twitter.com\/ManuMerceron\/status\/1997642014884614474?ref_src=twsrc%5Etfw\" target=\"_blank\" rel=\"noopener\">December 7, 2025<\/a><\/p><\/blockquote>\n<p><script async src=\"https:\/\/platform.twitter.com\/widgets.js\" charset=\"utf-8\"><\/script><\/p>\n","protected":false},"excerpt":{"rendered":"Waldemar Kita vendra-t-il le club si les Canaris basculent en Ligue 2 ? Emmanuel Merceron, tr\u00e8s suivi par&hellip;\n","protected":false},"author":2,"featured_media":601871,"comment_status":"","ping_status":"","sticky":false,"template":"","format":"standard","meta":{"footnotes":""},"categories":[2818],"tags":[1111,11,1777,674,1011,27,766,12,2636,25],"class_list":{"0":"post-601870","1":"post","2":"type-post","3":"status-publish","4":"format-standard","5":"has-post-thumbnail","7":"category-nantes","8":"tag-actu","9":"tag-actualites","10":"tag-eu","11":"tag-europe","12":"tag-fr","13":"tag-france","14":"tag-nantes","15":"tag-news","16":"tag-pays-de-la-loire","17":"tag-republique-francaise"},"share_on_mastodon":{"url":"https:\/\/pubeurope.com\/@fr\/115726323942251927","error":""},"_links":{"self":[{"href":"https:\/\/www.europesays.com\/fr\/wp-json\/wp\/v2\/posts\/601870","targetHints":{"allow":["GET"]}}],"collection":[{"href":"https:\/\/www.europesays.com\/fr\/wp-json\/wp\/v2\/posts"}],"about":[{"href":"https:\/\/www.europesays.com\/fr\/wp-json\/wp\/v2\/types\/post"}],"author":[{"embeddable":true,"href":"https:\/\/www.europesays.com\/fr\/wp-json\/wp\/v2\/users\/2"}],"replies":[{"embeddable":true,"href":"https:\/\/www.europesays.com\/fr\/wp-json\/wp\/v2\/comments?post=601870"}],"version-history":[{"count":0,"href":"https:\/\/www.europesays.com\/fr\/wp-json\/wp\/v2\/posts\/601870\/revisions"}],"wp:featuredmedia":[{"embeddable":true,"href":"https:\/\/www.europesays.com\/fr\/wp-json\/wp\/v2\/media\/601871"}],"wp:attachment":[{"href":"https:\/\/www.europesays.com\/fr\/wp-json\/wp\/v2\/media?parent=601870"}],"wp:term":[{"taxonomy":"category","embeddable":true,"href":"https:\/\/www.europesays.com\/fr\/wp-json\/wp\/v2\/categories?post=601870"},{"taxonomy":"post_tag","embeddable":true,"href":"https:\/\/www.europesays.com\/fr\/wp-json\/wp\/v2\/tags?post=601870"}],"curies":[{"name":"wp","href":"https:\/\/api.w.org\/{rel}","templated":true}]}}