{"id":601886,"date":"2025-12-16T00:13:24","date_gmt":"2025-12-16T00:13:24","guid":{"rendered":"https:\/\/www.europesays.com\/fr\/601886\/"},"modified":"2025-12-16T00:13:24","modified_gmt":"2025-12-16T00:13:24","slug":"charolles-a-la-maison-de-blandine-une-vie-partagee-pour-les-personnes-agees","status":"publish","type":"post","link":"https:\/\/www.europesays.com\/fr\/601886\/","title":{"rendered":"Charolles. \u00c0 la Maison de Blandine, une vie partag\u00e9e pour les personnes \u00e2g\u00e9es"},"content":{"rendered":"<p>Depuis son ouverture en juillet\u00a02025, onze personnes ont emm\u00e9nag\u00e9 dans la Maison de Blandine \u00e9tablie au 3 rue de l\u2019Europe \u00e0 Charolles. Dans cette r\u00e9sidence pour personnes \u00e2g\u00e9es comportant 25 appartements, chaque locataire dispose de son propre logement ainsi que de larges espaces de vie partag\u00e9e\u00a0: une cuisine \u00e9quip\u00e9e, une salle \u00e0 manger, une salle d\u2019activit\u00e9s, une buanderie.<\/p>\n<p>\u00ab\u00a0La libert\u00e9 de faire ce\u00a0qu\u2019ils d\u00e9sirent\u00a0\u00bb<\/p>\n<p>Pendant la semaine, les r\u00e9sidents peuvent compter sur Emmanuelle Cheminat, coordinatrice attentive au bien-\u00eatre de chacun, ainsi que sur Aur\u00e9lie Thomas qui dirige les activit\u00e9s de tous les jours. En outre, trois jeunes assurent une pr\u00e9sence durant les nuits et les week-ends. \u00ab\u00a0Nous encourageons les r\u00e9sidents \u00e0 participer aux diverses activit\u00e9s propos\u00e9es, tout en leur laissant la libert\u00e9 de faire ce qu\u2019ils d\u00e9sirent, explique Emmanuelle Chemina. Parmi celles-ci, nous avons\u00a0: l\u2019atelier de gym douce pour conserver une activit\u00e9 physique, l\u2019atelier m\u00e9moire pour stimuler&#8230;<\/p>\n","protected":false},"excerpt":{"rendered":"Depuis son ouverture en juillet\u00a02025, onze personnes ont emm\u00e9nag\u00e9 dans la Maison de Blandine \u00e9tablie au 3 rue&hellip;\n","protected":false},"author":2,"featured_media":601887,"comment_status":"","ping_status":"","sticky":false,"template":"","format":"standard","meta":{"footnotes":""},"categories":[1889],"tags":[1111,11,2430,6001,6002,3895,1777,674,107,1011,27,2428,12,25,104],"class_list":{"0":"post-601886","1":"post","2":"type-post","3":"status-publish","4":"format-standard","5":"has-post-thumbnail","7":"category-lyon","8":"tag-actu","9":"tag-actualites","10":"tag-auvergne-rhone-alpes","11":"tag-charolles","12":"tag-charolles-bassin","13":"tag-edition-charolais-brionnais","14":"tag-eu","15":"tag-europe","16":"tag-fil-info","17":"tag-fr","18":"tag-france","19":"tag-lyon","20":"tag-news","21":"tag-republique-francaise","22":"tag-societe"},"share_on_mastodon":{"url":"https:\/\/pubeurope.com\/@fr\/115726359510602496","error":""},"_links":{"self":[{"href":"https:\/\/www.europesays.com\/fr\/wp-json\/wp\/v2\/posts\/601886","targetHints":{"allow":["GET"]}}],"collection":[{"href":"https:\/\/www.europesays.com\/fr\/wp-json\/wp\/v2\/posts"}],"about":[{"href":"https:\/\/www.europesays.com\/fr\/wp-json\/wp\/v2\/types\/post"}],"author":[{"embeddable":true,"href":"https:\/\/www.europesays.com\/fr\/wp-json\/wp\/v2\/users\/2"}],"replies":[{"embeddable":true,"href":"https:\/\/www.europesays.com\/fr\/wp-json\/wp\/v2\/comments?post=601886"}],"version-history":[{"count":0,"href":"https:\/\/www.europesays.com\/fr\/wp-json\/wp\/v2\/posts\/601886\/revisions"}],"wp:featuredmedia":[{"embeddable":true,"href":"https:\/\/www.europesays.com\/fr\/wp-json\/wp\/v2\/media\/601887"}],"wp:attachment":[{"href":"https:\/\/www.europesays.com\/fr\/wp-json\/wp\/v2\/media?parent=601886"}],"wp:term":[{"taxonomy":"category","embeddable":true,"href":"https:\/\/www.europesays.com\/fr\/wp-json\/wp\/v2\/categories?post=601886"},{"taxonomy":"post_tag","embeddable":true,"href":"https:\/\/www.europesays.com\/fr\/wp-json\/wp\/v2\/tags?post=601886"}],"curies":[{"name":"wp","href":"https:\/\/api.w.org\/{rel}","templated":true}]}}