{"id":601921,"date":"2025-12-16T00:34:11","date_gmt":"2025-12-16T00:34:11","guid":{"rendered":"https:\/\/www.europesays.com\/fr\/601921\/"},"modified":"2025-12-16T00:34:11","modified_gmt":"2025-12-16T00:34:11","slug":"lasbh-sanctionnee-de-deux-points-au-classement-de-pro-d2-par-le-conseil-de-discipline-du-rugby-francais","status":"publish","type":"post","link":"https:\/\/www.europesays.com\/fr\/601921\/","title":{"rendered":"L\u2019ASBH sanctionn\u00e9e de deux points au classement de Pro D2 par le conseil de discipline du rugby fran\u00e7ais"},"content":{"rendered":"<p>\n                                                                Le conseil de discipline du rugby fran\u00e7ais a rendu ses d\u00e9cisions, ce lundi 15\u00a0d\u00e9cembre, concernant le transfert de Savenaca Rawaca \u00e0 B\u00e9ziers. Et ce ne sont pas des bonnes nouvelles pour l\u2019ASBH. Biarritz et Toulouse ont \u00e9galement \u00e9t\u00e9 condamn\u00e9s.\n                            <\/p>\n<p>La ligue nationale de rugby vient de frapper fort. En effet, ce lundi, elle a condamn\u00e9 trois clubs, dont l\u2019ASBH, \u00e0 de lourdes amendes et des retraits de points. \u00ab\u00a0En janvier\u00a02025, des articles de presse ont r\u00e9v\u00e9l\u00e9 l\u2019existence de mouvements financiers inhabituels impliquant les soci\u00e9t\u00e9s Pacific Heart\u00a0et Rugby Store\u00a0et Arnaud Dubois, alors avocat. Au vu de ces \u00e9l\u00e9ments, la Commission de Contr\u00f4le des Championnats professionnels (CCCP) a d\u00e9cid\u00e9 de mener une instruction sur l\u2019ensemble des clubs professionnels, visant \u00e0 \u00e9tablir si des flux financiers impliquant ces soci\u00e9t\u00e9s et M. Arnaud Dubois\u00a0\u00bb\u00a0avaient pu \u00eatre utilis\u00e9s pour contourner les r\u00e8glements de l\u2019A2R, notamment dans le cadre de mutations de joueurs\u00a0\u00bb, \u00e9crit la ligue dans un communiqu\u00e9.<\/p>\n<p>Ces mouvements concernent plusieurs joueurs\u00a0: Adrien Motoc et Thomas Sauveterre, \u00e0 l\u2019\u00e9poque \u00e0 Biarritz, Melvyn Jaminet \u00e0 Toulouse et Savenaca Rawaca \u00e0 B\u00e9ziers.<\/p>\n<p>Dans ce dernier cas, le conseil de discipline estime que \u00ab\u00a0les \u00e9l\u00e9ments du dossier d\u00e9montraient que les flux financiers entre le club et les soci\u00e9t\u00e9s Pacific Heart-Rugby Store, pr\u00e9sent\u00e9s comme li\u00e9s \u00e0 des prestations de communication, avaient, en r\u00e9alit\u00e9, servi \u00e0 indemniser M. Savenaca Rawaca\u00a0\u00e0 l\u2019occasion de la rupture de son contrat et que ce montage participait d\u2019un habillage juridique et financier visant \u00e0 d\u00e9tourner des financements de leur v\u00e9ritable objet et le manquement du club \u00e0 son obligation de d\u00e9clarer \u00e0 la CCCP le litige prud\u2019hommal avec ce m\u00eame joueur. Le Conseil de discipline a \u00e9galement consid\u00e9r\u00e9 que le club \u00e9tait en infraction avec l\u2019obligation qui lui est faite de proc\u00e9der \u00e0 la comptabilisation r\u00e9guli\u00e8re et conforme au droit comptable de toutes op\u00e9rations suivant les dispositions pr\u00e9vues notamment en application des r\u00e8glements de l\u2019A2R.\u00a0\u00bb<\/p>\n<p>Dans un communiqu\u00e9 le club biterrois\u00a0\u00ab\u00a0prend acte de cette d\u00e9cision et se laisse quelques jours pour d\u00e9cider s\u2019il fera appel ou non. \u00c0 d\u00e9faut, l\u2019ensemble des acteurs du club feront le n\u00e9cessaire pour regagner, sportivement, les points perdus.\u00a0\u00bb<\/p>\n<p>Toulouse aussi condamn\u00e9<\/p>\n<p>La sanction est donc tomb\u00e9e pour le club biterrois, qui n\u2019avait certainement pas besoin de cela. Il a \u00e9t\u00e9 condamn\u00e9 \u00e0 un retrait de 4 points au classement, dont 2 avec sursis et une amende de 20\u00a0000\u00a0\u20ac dont 5\u00a0000 avec sursis.<\/p>\n<p>Pour les m\u00eames raisons, le Biarritz Olympique est sanctionn\u00e9 de 4 points de retrait, dont 2 ferme, et 10\u00a0000\u00a0\u20ac d\u2019amende. Dans le cas du Stade Toulousain et de Melvyn Jaminet, la sanction est \u00e9galement de 4 points retir\u00e9s, dont deux avec sursis et 45\u00a0000\u00a0\u20ac d\u2019amende, dont 15\u00a0000 avec sursis.<\/p>\n","protected":false},"excerpt":{"rendered":"Le conseil de discipline du rugby fran\u00e7ais a rendu ses d\u00e9cisions, ce lundi 15\u00a0d\u00e9cembre, concernant le transfert de&hellip;\n","protected":false},"author":2,"featured_media":601922,"comment_status":"","ping_status":"","sticky":false,"template":"","format":"standard","meta":{"footnotes":""},"categories":[1416],"tags":[37552,1011,27,7089,479,1468,65087,517,60],"class_list":{"0":"post-601921","1":"post","2":"type-post","3":"status-publish","4":"format-standard","5":"has-post-thumbnail","7":"category-rugby","8":"tag-beziers","9":"tag-fr","10":"tag-france","11":"tag-herault","12":"tag-rugby","13":"tag-rugby-football","14":"tag-rugby-xv","15":"tag-sport","16":"tag-sports"},"share_on_mastodon":{"url":"https:\/\/pubeurope.com\/@fr\/115726441851130502","error":""},"_links":{"self":[{"href":"https:\/\/www.europesays.com\/fr\/wp-json\/wp\/v2\/posts\/601921","targetHints":{"allow":["GET"]}}],"collection":[{"href":"https:\/\/www.europesays.com\/fr\/wp-json\/wp\/v2\/posts"}],"about":[{"href":"https:\/\/www.europesays.com\/fr\/wp-json\/wp\/v2\/types\/post"}],"author":[{"embeddable":true,"href":"https:\/\/www.europesays.com\/fr\/wp-json\/wp\/v2\/users\/2"}],"replies":[{"embeddable":true,"href":"https:\/\/www.europesays.com\/fr\/wp-json\/wp\/v2\/comments?post=601921"}],"version-history":[{"count":0,"href":"https:\/\/www.europesays.com\/fr\/wp-json\/wp\/v2\/posts\/601921\/revisions"}],"wp:featuredmedia":[{"embeddable":true,"href":"https:\/\/www.europesays.com\/fr\/wp-json\/wp\/v2\/media\/601922"}],"wp:attachment":[{"href":"https:\/\/www.europesays.com\/fr\/wp-json\/wp\/v2\/media?parent=601921"}],"wp:term":[{"taxonomy":"category","embeddable":true,"href":"https:\/\/www.europesays.com\/fr\/wp-json\/wp\/v2\/categories?post=601921"},{"taxonomy":"post_tag","embeddable":true,"href":"https:\/\/www.europesays.com\/fr\/wp-json\/wp\/v2\/tags?post=601921"}],"curies":[{"name":"wp","href":"https:\/\/api.w.org\/{rel}","templated":true}]}}