{"id":601923,"date":"2025-12-16T00:35:12","date_gmt":"2025-12-16T00:35:12","guid":{"rendered":"https:\/\/www.europesays.com\/fr\/601923\/"},"modified":"2025-12-16T00:35:12","modified_gmt":"2025-12-16T00:35:12","slug":"premier-belge-a-disputer-les-next-gen-atp-finals-alexander-blockx-est-seduit-par-jeddah-lune-de-mes-experiences-les-plus-marquantes","status":"publish","type":"post","link":"https:\/\/www.europesays.com\/fr\/601923\/","title":{"rendered":"Premier Belge \u00e0 disputer les Next Gen ATP Finals, Alexander Blockx est s\u00e9duit par Jeddah : \u00ab\u00a0L&rsquo;une de mes exp\u00e9riences les plus marquantes\u00a0\u00bb"},"content":{"rendered":"<p class=\"ap-StoryElement ap-StoryElement--mb ap-StoryText\"><b>Alexander, cette fois, vous y \u00eates. Une premi\u00e8re r\u00e9action ? <\/b><\/p>\n<p class=\"ap-StoryElement ap-StoryElement--mb ap-StoryText\">\u00ab\u00a0La mission est accomplie. J&rsquo;avais cet objectif en t\u00eate depuis le d\u00e9but de la saison et je pense avoir disput\u00e9 de bons tournois pour en arriver l\u00e0, m\u00eame si tout n&rsquo;a pas \u00e9t\u00e9 parfait. Les joueurs pr\u00e9sents ici m\u00e9ritent leur place. Les absences de Jo\u00e3o Fonseca et de Jakub Men\u0161\u00edk (NdlR : les deux premi\u00e8res t\u00eates de s\u00e9rie) augmentent \u00e9videmment nos chances.\u00a0\u00bb<\/p>\n<p><a href=\"https:\/\/www.dhnet.be\/sports\/tennis\/2025\/12\/11\/raphael-collignon-va-disputer-une-exhibition-par-equipe-avec-le-veteran-stan-wawrinka-une-annee-de-tennis-coute-cher-XYUD6ZDZZJCHHGLLBZGUJKOHRA\/\" target=\"_self\" class=\"ap-StoryInterstitialLink ap-StoryElement ap-StoryElement--mb\" rel=\"noopener\">Rapha\u00ebl Collignon va disputer une exhibition par \u00e9quipe avec le v\u00e9t\u00e9ran Stan Wawrinka : \u00ab\u00a0Une ann\u00e9e de tennis co\u00fbte cher&#8230;\u00a0\u00bb<\/a><\/p>\n<p class=\"ap-StoryElement ap-StoryElement--mb ap-StoryText\"><b>Que pensez-vous de votre tirage ?<\/b><\/p>\n<p class=\"ap-StoryElement ap-StoryElement--mb ap-StoryText\">\u00ab\u00a0C&rsquo;est sympa d&rsquo;affronter des joueurs que j&rsquo;ai d\u00e9j\u00e0 crois\u00e9s par le pass\u00e9, \u00e0 l&rsquo;exception de Justin Engel. Ce sont tous de tr\u00e8s bons gars. Je ne crois pas qu&rsquo;il y ait un bon ou un mauvais tirage : le niveau est solide. De mon c\u00f4t\u00e9, j&rsquo;esp\u00e8re proposer de belles prestations. Je me suis bien pr\u00e9par\u00e9 ces trois derni\u00e8res semaines et je compte utiliser, en match, tout ce que nous avons travaill\u00e9 sur le plan technique.\u00a0\u00bb<\/p>\n<p class=\"ap-StoryElement ap-StoryElement--mb ap-StoryText\"><b>Quelles sont vos ambitions dans ce tournoi si particulier ?<\/b><\/p>\n<p class=\"ap-StoryElement ap-StoryElement--mb ap-StoryText\">\u00ab\u00a0Gagner ! Comme je suis deuxi\u00e8me t\u00eate de s\u00e9rie, je peux me permettre de le dire. Je me sens bien et j&rsquo;ai le sentiment que le niveau est l\u00e0. J&rsquo;ai d\u00e9j\u00e0 battu bon nombre de mes concurrents. Et m\u00eame contre Learner Tien, qui est mieux class\u00e9, je sais que c&rsquo;est possible. Ce ne sont pas des robots, ce sont des humains comme moi.\u00a0\u00bb<\/p>\n<blockquote class=\"ap-StoryQuote ap-StoryQuote--pullquote\"><p>guillement<\/p>\n<p class=\"ap-StoryQuote-text\">Pour moi, ce n&rsquo;est pas la fin de saison mais le d\u00e9part de la prochaine.<\/p>\n<\/blockquote>\n<p class=\"ap-StoryElement ap-StoryElement--mb ap-StoryText\"><b>Avez-vous encore de l&rsquo;essence dans le r\u00e9servoir pour conclure cette saison qui a \u00e9t\u00e9 longue et exigeante ?<\/b><\/p>\n<p class=\"ap-StoryElement ap-StoryElement--mb ap-StoryText\">\u00ab\u00a0Je ne vois pas ce rendez-vous comme la fin de la saison, mais plut\u00f4t comme le d\u00e9but de la suivante. Entre la Coupe Davis \u00e0 Bologne, la p\u00e9riode d&rsquo;entra\u00eenement qui a suivi et cette semaine \u00e0 Jeddah, j&rsquo;ai finalement b\u00e9n\u00e9fici\u00e9 de plus d&rsquo;un mois de pr\u00e9paration. Avoir l&rsquo;occasion de disputer quelques matchs avant l&rsquo;Australie est aussi tr\u00e8s int\u00e9ressant. Les deux derni\u00e8res ann\u00e9es, j&rsquo;arrivais l\u00e0-bas avec peu de rythme apr\u00e8s presque deux mois sans comp\u00e9tition, et je l&rsquo;ai ressenti, notamment \u00e0 Canberra o\u00f9 je n&rsquo;ai pas obtenu de bons r\u00e9sultats.\u00a0\u00bb<\/p>\n<p class=\"ap-StoryElement ap-StoryElement--mb ap-StoryText\"><b>Vous \u00eates le premier Belge \u00e0 disputer les Next Gen ATP Finals. Qu&rsquo;est-ce que cela repr\u00e9sente pour vous ?<\/b><\/p>\n<p class=\"ap-StoryElement ap-StoryElement--mb ap-StoryText\">\u00ab\u00a0C&rsquo;est un honneur, mais \u00e7a ne change pas fondamentalement les choses car j&rsquo;ai toujours \u00e9t\u00e9 parmi les meilleurs dans mes cat\u00e9gories d&rsquo;\u00e2ge. Disons que c&rsquo;est surtout la confirmation, pour moi, que je suis sur le bon chemin.\u00a0\u00bb<\/p>\n<p class=\"ap-StoryElement ap-StoryElement--mb ap-StoryText\"><b>Gilles-Arnaud Bailly est en Arabie saoudite en tant que premier r\u00e9serviste. Avez-vous \u00e9chang\u00e9 avec lui ?<\/b><\/p>\n<p class=\"ap-StoryElement ap-StoryElement--mb ap-StoryText\">\u00ab\u00a0Il est arriv\u00e9 dimanche soir, mais nous n&rsquo;avons pas encore eu l&rsquo;occasion de nous entra\u00eener ensemble. Nous avons discut\u00e9 avant le tournoi et, \u00e9videmment, c&rsquo;est frustrant pour lui d&rsquo;\u00eatre ici comme rempla\u00e7ant, d&rsquo;autant qu&rsquo;il ne manquait pas grand-chose pour qu&rsquo;il soit \u00e0 la place d&rsquo;Engel. Certains joueurs, comme Basavareddy ou Pri\u017emi\u0107 qui ont tra\u00een\u00e9 des soucis au genou, ne sont pas \u00e0 100% physiquement. Il pourrait donc y avoir des opportunit\u00e9s d&rsquo;ici vendredi. S&rsquo;il peut jouer, ce serait vraiment une bonne chose pour lui. Financi\u00e8rement aussi.\u00a0\u00bb<\/p>\n<p><a href=\"https:\/\/www.dhnet.be\/sports\/tennis\/2025\/12\/10\/la-chronique-de-dominique-monami-les-exhibitions-cest-de-largent-facilement-gagne-OUTNYCX2GFB5XIQL3KEFMQ2EEQ\/\" target=\"_self\" class=\"ap-StoryInterstitialLink ap-StoryElement ap-StoryElement--mb\" rel=\"noopener\">La chronique de Dominique Monami : \u00ab\u00a0Les exhibitions, c&rsquo;est de l&rsquo;argent facilement gagn\u00e9\u00a0\u00bb<\/a><\/p>\n<p class=\"ap-StoryElement ap-StoryElement--mb ap-StoryText\"><b>Justement, \u00e0 quel point ce ch\u00e8que (130 000 \u20ac, hors bonus de victoires) est-il important pour vous ?<\/b><\/p>\n<p class=\"ap-StoryElement ap-StoryElement--mb ap-StoryText\">\u00ab\u00a0Il permet une marge de man\u0153uvre suppl\u00e9mentaire pour la saison prochaine, notamment pour renforcer mon \u00e9quipe. Pouvoir int\u00e9grer un physioth\u00e9rapeute au quotidien ou faire venir un pr\u00e9parateur physique sur certains tournois, c&rsquo;est essentiel. Mieux tu te soignes et te pr\u00e9pares, plus tu peux encha\u00eener les tournois, gagner des matchs et progresser rapidement au classement. D&rsquo;ailleurs, le tournoi n&rsquo;offrant aucun point ATP, je mentirais si je disais que je ne joue pas du tout pour l&rsquo;argent. En fin de compte, c&rsquo;est mon travail.\u00a0\u00bb<\/p>\n<p class=\"ap-StoryElement ap-StoryElement--mb ap-StoryText\"><b>Une derni\u00e8re question : comment vivez-vous votre s\u00e9jour \u00e0 Jeddah ?<\/b><\/p>\n<p class=\"ap-StoryElement ap-StoryElement--mb ap-StoryText\">\u00ab\u00a0Je ne m&rsquo;attendais pas \u00e0 une ville aussi internationale et moderne. Tout est immense, tr\u00e8s propre, parfaitement organis\u00e9. Les installations h\u00f4teli\u00e8res sont incroyables, parmi les meilleures que j&rsquo;ai eues jusqu&rsquo;\u00e0 pr\u00e9sent. Pour seulement huit joueurs, le niveau d&rsquo;encadrement et de s\u00e9curit\u00e9 est impressionnant. Rien qu&rsquo;\u00e0 l&rsquo;a\u00e9roport, il y avait quatre gardes pour nous accompagner. Jusqu&rsquo;ici, c&rsquo;est clairement l&rsquo;une de mes exp\u00e9riences les plus marquantes.\u00a0\u00bb<\/p>\n","protected":false},"excerpt":{"rendered":"Alexander, cette fois, vous y \u00eates. Une premi\u00e8re r\u00e9action ? \u00ab\u00a0La mission est accomplie. J&rsquo;avais cet objectif en&hellip;\n","protected":false},"author":2,"featured_media":601924,"comment_status":"","ping_status":"","sticky":false,"template":"","format":"standard","meta":{"footnotes":""},"categories":[1415],"tags":[71008,17,26386,71450,615,68020,1011,27,71014,517,60,1467],"class_list":{"0":"post-601923","1":"post","2":"type-post","3":"status-publish","4":"format-standard","5":"has-post-thumbnail","7":"category-tennis","8":"tag-peterdevoecht","9":"tag-17","10":"tag-antwerpen","11":"tag-beker","12":"tag-coupe","13":"tag-davis-cup","14":"tag-fr","15":"tag-france","16":"tag-peter-de-voecht","17":"tag-sport","18":"tag-sports","19":"tag-tennis"},"share_on_mastodon":{"url":"https:\/\/pubeurope.com\/@fr\/115726445641450066","error":""},"_links":{"self":[{"href":"https:\/\/www.europesays.com\/fr\/wp-json\/wp\/v2\/posts\/601923","targetHints":{"allow":["GET"]}}],"collection":[{"href":"https:\/\/www.europesays.com\/fr\/wp-json\/wp\/v2\/posts"}],"about":[{"href":"https:\/\/www.europesays.com\/fr\/wp-json\/wp\/v2\/types\/post"}],"author":[{"embeddable":true,"href":"https:\/\/www.europesays.com\/fr\/wp-json\/wp\/v2\/users\/2"}],"replies":[{"embeddable":true,"href":"https:\/\/www.europesays.com\/fr\/wp-json\/wp\/v2\/comments?post=601923"}],"version-history":[{"count":0,"href":"https:\/\/www.europesays.com\/fr\/wp-json\/wp\/v2\/posts\/601923\/revisions"}],"wp:featuredmedia":[{"embeddable":true,"href":"https:\/\/www.europesays.com\/fr\/wp-json\/wp\/v2\/media\/601924"}],"wp:attachment":[{"href":"https:\/\/www.europesays.com\/fr\/wp-json\/wp\/v2\/media?parent=601923"}],"wp:term":[{"taxonomy":"category","embeddable":true,"href":"https:\/\/www.europesays.com\/fr\/wp-json\/wp\/v2\/categories?post=601923"},{"taxonomy":"post_tag","embeddable":true,"href":"https:\/\/www.europesays.com\/fr\/wp-json\/wp\/v2\/tags?post=601923"}],"curies":[{"name":"wp","href":"https:\/\/api.w.org\/{rel}","templated":true}]}}