{"id":601925,"date":"2025-12-16T00:39:12","date_gmt":"2025-12-16T00:39:12","guid":{"rendered":"https:\/\/www.europesays.com\/fr\/601925\/"},"modified":"2025-12-16T00:39:12","modified_gmt":"2025-12-16T00:39:12","slug":"helene-clauzel-je-peux-etre-fiere-de-moi-actualite","status":"publish","type":"post","link":"https:\/\/www.europesays.com\/fr\/601925\/","title":{"rendered":"H\u00e9l\u00e8ne Clauzel : \u00ab Je peux \u00eatre fi\u00e8re de moi \u00bb &#8211; Actualit\u00e9"},"content":{"rendered":"<p style=\"text-align: justify;\"><strong>H\u00e9l\u00e8ne Clauzel garde le rythme. Pr\u00e9sente dans le Top 10 au Championnat d\u2019Europe puis \u00e0 Tabor et Flamanville lors des premi\u00e8res manches de la Coupe du Monde, l\u2019athl\u00e8te de 27 ans a une nouvelle fois relev\u00e9 le d\u00e9fi de tenir au maximum les meilleures mondiales sur le circuit si sp\u00e9cifique de Namur, dimanche. Aux portes du Top 10, la voil\u00e0 dans le rythme avant le gros encha\u00eenement des prochaines semaines. Pr\u00e9sent sur le circuit belge ce week-end, DirectVelo a fait le point avec H\u00e9l\u00e8ne Clauzel. <br \/><\/strong><\/p>\n<p style=\"text-align: justify;\">DirectVelo : Comment s\u2019est pass\u00e9e cette manche de Coupe du Monde ? <br \/>H\u00e9l\u00e8ne Clauzel : Bien, \u00e7a va. J\u2019ai pris un d\u00e9part moyen. Je ne me suis pas affol\u00e9e, je savais que \u00e7a risquait d\u2019\u00eatre dur, il fallait que je fasse ma course en pensant \u00e0 moi et pas aux autres. Je suis remont\u00e9e petit \u00e0 petit, je peux \u00eatre contente.\u00a0 <br \/>\u00ab C\u2019EST DU BON TRAVAIL \u00bb <br \/>Tu es donc satisfaite de tes sensations\u2026<br \/>Hier (samedi), j\u2019avais d\u00e9j\u00e0 couru (4e \u00e0 Courtrai, NDLR). J\u2019avais les jambes tr\u00e8s dures, s\u00fbrement \u00e0 la suite du stage et du voyage. J\u2019avais donc un peu peur pour aujourd\u2019hui (dimanche) mais je me suis dit que c\u2019\u00e9tait un autre jour et en effet, \u00e7a s\u2019est bien pass\u00e9. <strong><a href=\"https:\/\/www.directvelo.com\/epreuve\/48818\/cc-namur-coupe-du-monde-femmes-2025\" target=\"_blank\" rel=\"noopener\">Je ne suis pas loin du Top 10<\/a><\/strong>, sur un circuit exigeant. Je pense que je peux \u00eatre fi\u00e8re de moi. C\u2019est du bon travail apr\u00e8s ce qui a d\u00e9j\u00e0 \u00e9t\u00e9 fait ces derniers jours \u00e0 l\u2019entra\u00eenement. Maintenant, il n\u2019y a plus qu\u2019\u00e0, pour la p\u00e9riode des f\u00eates.<br \/>Namur, c\u2019est toujours une gestion de course particuli\u00e8re !<br \/>Sur cette course-l\u00e0, je ne peux pas g\u00e9rer par rapport aux autres. Je reste concentr\u00e9e sur ma propre course sans me focaliser sur mes adversaires. Un effort inutile, ici, tu le paies vite. Tu peux faire une erreur dans chaque virage. C\u2019est une strat\u00e9gie qui marche toujours bien ici.<br \/>\u00ab ON NE S\u2019ENTEND M\u00caME PLUS RESPIRER \u00bb <br \/>Et que dire de ce public ! <br \/>J\u2019adore ! Le public nous pousse tellement ici. \u00c7a m&rsquo;aide davantage que \u00e7a ne me met dans le rouge. C\u2019est vrai qu\u2019il ne faut pas se laisser griser mais personnellement, j\u2019aime beaucoup. On ne s\u2019entend m\u00eame plus respirer.<br \/>Tu \u00e9voquais la p\u00e9riode des f\u00eates. Qu\u2019en attends-tu ?<br \/>Le but est que \u00e7a puisse tenir sur la dur\u00e9e, au fil des comp\u00e9titions. Comme je l\u2019avais dit, cette ann\u00e9e,\u00a0<strong><a href=\"https:\/\/www.directvelo.com\/actualite\/124995\/helene-clauzel-tout-est-nouveau-pour-moi\" target=\"_blank\" rel=\"noopener\">tout est nouveau pour moi<\/a><\/strong> mais je prends \u00e7a avec beaucoup de l\u00e9g\u00e8ret\u00e9. On verra comment \u00e7a se passe mais ce qui est s\u00fbr, c\u2019est que ce sera une grosse p\u00e9riode, toujours avec un maillot neutre pour l\u2019instant (sourire) mais \u00e7a devrait changer en janvier. <\/p>\n","protected":false},"excerpt":{"rendered":"H\u00e9l\u00e8ne Clauzel garde le rythme. Pr\u00e9sente dans le Top 10 au Championnat d\u2019Europe puis \u00e0 Tabor et Flamanville&hellip;\n","protected":false},"author":2,"featured_media":601926,"comment_status":"","ping_status":"","sticky":false,"template":"","format":"standard","meta":{"footnotes":""},"categories":[1411],"tags":[834,828,836,829,837,827,83,826,824,823,1154,207,814,817,815,816,822,821,832,211,839,1011,27,820,818,819,835,831,830,833,838,60,212,208,825],"class_list":{"0":"post-601925","1":"post","2":"type-post","3":"status-publish","4":"format-standard","5":"has-post-thumbnail","7":"category-cyclisme","8":"tag-attaque","9":"tag-belgique","10":"tag-braquet","11":"tag-bretagne","12":"tag-chute","13":"tag-competition","14":"tag-coupe-de-france","15":"tag-coureur","16":"tag-course-cyclisme","17":"tag-course-cycliste","18":"tag-cycling","19":"tag-cyclisme","20":"tag-direct","21":"tag-direct-velo","22":"tag-directvelo","23":"tag-directvelo-com","24":"tag-epreuve","25":"tag-epreuve-cycliste","26":"tag-federation-francaise-de-cyclisme","27":"tag-ffc","28":"tag-flandres","29":"tag-fr","30":"tag-france","31":"tag-live","32":"tag-live-course","33":"tag-live-epreuve","34":"tag-peloton","35":"tag-radio-peloton","36":"tag-radio-tour","37":"tag-ravitaillement","38":"tag-relance","39":"tag-sports","40":"tag-uci","41":"tag-velo","42":"tag-velos"},"share_on_mastodon":{"url":"https:\/\/pubeurope.com\/@fr\/115726461427579538","error":""},"_links":{"self":[{"href":"https:\/\/www.europesays.com\/fr\/wp-json\/wp\/v2\/posts\/601925","targetHints":{"allow":["GET"]}}],"collection":[{"href":"https:\/\/www.europesays.com\/fr\/wp-json\/wp\/v2\/posts"}],"about":[{"href":"https:\/\/www.europesays.com\/fr\/wp-json\/wp\/v2\/types\/post"}],"author":[{"embeddable":true,"href":"https:\/\/www.europesays.com\/fr\/wp-json\/wp\/v2\/users\/2"}],"replies":[{"embeddable":true,"href":"https:\/\/www.europesays.com\/fr\/wp-json\/wp\/v2\/comments?post=601925"}],"version-history":[{"count":0,"href":"https:\/\/www.europesays.com\/fr\/wp-json\/wp\/v2\/posts\/601925\/revisions"}],"wp:featuredmedia":[{"embeddable":true,"href":"https:\/\/www.europesays.com\/fr\/wp-json\/wp\/v2\/media\/601926"}],"wp:attachment":[{"href":"https:\/\/www.europesays.com\/fr\/wp-json\/wp\/v2\/media?parent=601925"}],"wp:term":[{"taxonomy":"category","embeddable":true,"href":"https:\/\/www.europesays.com\/fr\/wp-json\/wp\/v2\/categories?post=601925"},{"taxonomy":"post_tag","embeddable":true,"href":"https:\/\/www.europesays.com\/fr\/wp-json\/wp\/v2\/tags?post=601925"}],"curies":[{"name":"wp","href":"https:\/\/api.w.org\/{rel}","templated":true}]}}