{"id":601947,"date":"2025-12-16T00:52:14","date_gmt":"2025-12-16T00:52:14","guid":{"rendered":"https:\/\/www.europesays.com\/fr\/601947\/"},"modified":"2025-12-16T00:52:14","modified_gmt":"2025-12-16T00:52:14","slug":"trump-annonce-classer-le-fentanyl-comme-une-arme-de-destruction-massive","status":"publish","type":"post","link":"https:\/\/www.europesays.com\/fr\/601947\/","title":{"rendered":"Trump annonce classer le fentanyl comme une \u00ab\u00a0arme de destruction massive\u00a0\u00bb"},"content":{"rendered":"<p>        <img decoding=\"async\" loading=\"lazy\" src=\"https:\/\/www.europesays.com\/fr\/wp-content\/uploads\/2025\/12\/82942cd_upload-1-fxsajxfbzruz-afp-20251211-87vn8cu-v1-highres-uspoliticstrump.jpg\"  width=\"728\" height=\"409\" alt=\"Trump annonce classer le fentanyl comme une \u00ab\u00a0arme de destruction massive\u00a0\u00bb \"\/>  <\/p>\n<p>ALEX WROBLEWSKI \/ AFP<\/p>\n<p>Trump annonce classer le fentanyl comme une \u00ab\u00a0arme de destruction massive\u00a0\u00bb <\/p>\n<p class=\"asset asset-text\">Il a fait de<a href=\"https:\/\/www.huffingtonpost.fr\/international\/article\/en-2022-les-etats-unis-ont-saisi-assez-de-fentanyl-pour-tuer-tous-les-americains_211831.html\" target=\"_blank\" rel=\"noopener\"> la lutte contre fentanyl <\/a>son grand combat, mais la guerre semble avoir pass\u00e9 un nouveau palier. Donald Trump a annonc\u00e9 classer ce <a href=\"https:\/\/www.huffingtonpost.fr\/life\/article\/fentanyl-quel-est-cet-opioide-qui-fait-des-ravages-aux-etats-unis_216297.html\" target=\"_blank\" rel=\"noopener\">puissant opio\u00efde de synth\u00e8se<\/a> responsable de tr\u00e8s nombreuses overdoses aux \u00c9tats-Unis, comme \u00ab\u00a0arme de destruction massive\u00a0\u00bb, ce lundi 15\u00a0d\u00e9cembre.<\/p>\n<p class=\"asset asset-text\">\u00ab\u00a0Avec le d\u00e9cret que je vais signer aujourd\u2019hui, nous classons formellement le fentanyl comme une arme de destruction massive, ce qu\u2019il est. Aucune bombe ne fait ce que (cette drogue) fait\u00a0\u00bb, a-t-il d\u00e9clar\u00e9.<\/p>\n<p class=\"asset asset-text\">Des cartels au Mexique<a href=\"https:\/\/www.huffingtonpost.fr\/international\/article\/trump-va-rencontrer-xi-mais-derriere-les-sourires-ces-sujets-restent-epineux_256507.html\" target=\"_blank\" rel=\"noopener\"> utilisent des pr\u00e9curseurs chimiques export\u00e9s depuis la Chine<\/a> pour fabriquer ill\u00e9galement\u00a0<a href=\"https:\/\/www.huffingtonpost.fr\/life\/article\/fentanyl-quel-est-cet-opioide-qui-fait-des-ravages-aux-etats-unis_216297.html\" target=\"_blank\" rel=\"noopener\">du fentanyl<\/a>. Les opiac\u00e9s synth\u00e9tiques \u2013 principalement le fentanyl \u2013 ont caus\u00e9 60\u00a0% des morts par overdose dans le pays en 2024, soit 48\u00a0000 d\u00e9c\u00e8s.<\/p>\n<p>    Assez de fentanyl pour tuer tous les Am\u00e9ricains    <\/p>\n<p class=\"asset asset-text\">Cr\u00e9\u00e9 pour \u00eatre un antidouleur plus puissant que la morphine, le fentanyl a \u00e9t\u00e9 d\u00e9tourn\u00e9 de son usage initial pour devenir une drogue dont\u00a0<a href=\"https:\/\/www.huffingtonpost.fr\/people\/article\/michael-k-williams-est-mort-d-une-overdose-accidentelle_186918.html\" target=\"_blank\" rel=\"noopener\">l\u2019usage peut \u00eatre mortel<\/a>. Le fentanyl est souvent vendu sous la forme de contrefa\u00e7on de m\u00e9dicaments distribu\u00e9s sur ordonnance. Relativement simple \u00e0 fabriquer et vendu \u00e0 bas co\u00fbt sur le march\u00e9 noir de la drogue, il est l\u2019un des stup\u00e9fiants les plus consomm\u00e9s outre-Atlantique. Il est aussi hautement addictif qu\u2019il est dangereux.<\/p>\n<p class=\"asset asset-text\">Selon l\u2019institution am\u00e9ricaine de lutte contre la drogue, en 2022,\u00a0la quantit\u00e9 de fentanyl saisie\u00a0aux \u00c9tats-Unis aurait suffi pour tuer l\u2019ensemble de la population am\u00e9ricaine, et plus encore\u00a0: 379\u00a0millions de doses potentiellement l\u00e9tales, pour 331,9\u00a0millions d\u2019habitants.<\/p>\n<p class=\"asset asset-text\">De quoi aggraver la crise des opio\u00efdes qui s\u00e9vit partout dans le pays et qui semble n\u2019\u00e9pargner personne\u00a0: en 2023, chez les 18-45\u00a0ans, les overdoses sont devenues\u00a0<a href=\"https:\/\/www.francetvinfo.fr\/replay-radio\/le-choix-franceinfo\/aux-etats-unis-les-opioides-engendrent-toujours-plus-d-overdoses-chez-les-jeunes-ils-meurent-parce-qu-ils-ne-savent-pas-ce-qu-ils-prennent_5148319.html\" target=\"_blank\" rel=\"noopener\" title=\"Nouvelle fen\u00eatre\">la premi\u00e8re cause de d\u00e9c\u00e8s \u00e9vitable<\/a><a href=\"https:\/\/www.francetvinfo.fr\/replay-radio\/le-choix-franceinfo\/aux-etats-unis-les-opioides-engendrent-toujours-plus-d-overdoses-chez-les-jeunes-ils-meurent-parce-qu-ils-ne-savent-pas-ce-qu-ils-prennent_5148319.html\" target=\"_blank\" rel=\"noopener\" title=\"Nouvelle fen\u00eatre\">s<\/a>\u00a0sur tout le territoire.<\/p>\n","protected":false},"excerpt":{"rendered":"ALEX WROBLEWSKI \/ AFP Trump annonce classer le fentanyl comme une \u00ab\u00a0arme de destruction massive\u00a0\u00bb Il a fait&hellip;\n","protected":false},"author":2,"featured_media":601948,"comment_status":"","ping_status":"","sticky":false,"template":"","format":"standard","meta":{"footnotes":""},"categories":[5],"tags":[11,75,1052,73,1011,27,14,12,28],"class_list":{"0":"post-601947","1":"post","2":"type-post","3":"status-publish","4":"format-standard","5":"has-post-thumbnail","7":"category-international","8":"tag-actualites","9":"tag-donald-trump","10":"tag-drogue","11":"tag-etats-unis","12":"tag-fr","13":"tag-france","14":"tag-international","15":"tag-news","16":"tag-world"},"share_on_mastodon":{"url":"https:\/\/pubeurope.com\/@fr\/115726513474576610","error":""},"_links":{"self":[{"href":"https:\/\/www.europesays.com\/fr\/wp-json\/wp\/v2\/posts\/601947","targetHints":{"allow":["GET"]}}],"collection":[{"href":"https:\/\/www.europesays.com\/fr\/wp-json\/wp\/v2\/posts"}],"about":[{"href":"https:\/\/www.europesays.com\/fr\/wp-json\/wp\/v2\/types\/post"}],"author":[{"embeddable":true,"href":"https:\/\/www.europesays.com\/fr\/wp-json\/wp\/v2\/users\/2"}],"replies":[{"embeddable":true,"href":"https:\/\/www.europesays.com\/fr\/wp-json\/wp\/v2\/comments?post=601947"}],"version-history":[{"count":0,"href":"https:\/\/www.europesays.com\/fr\/wp-json\/wp\/v2\/posts\/601947\/revisions"}],"wp:featuredmedia":[{"embeddable":true,"href":"https:\/\/www.europesays.com\/fr\/wp-json\/wp\/v2\/media\/601948"}],"wp:attachment":[{"href":"https:\/\/www.europesays.com\/fr\/wp-json\/wp\/v2\/media?parent=601947"}],"wp:term":[{"taxonomy":"category","embeddable":true,"href":"https:\/\/www.europesays.com\/fr\/wp-json\/wp\/v2\/categories?post=601947"},{"taxonomy":"post_tag","embeddable":true,"href":"https:\/\/www.europesays.com\/fr\/wp-json\/wp\/v2\/tags?post=601947"}],"curies":[{"name":"wp","href":"https:\/\/api.w.org\/{rel}","templated":true}]}}