{"id":601956,"date":"2025-12-16T00:57:18","date_gmt":"2025-12-16T00:57:18","guid":{"rendered":"https:\/\/www.europesays.com\/fr\/601956\/"},"modified":"2025-12-16T00:57:18","modified_gmt":"2025-12-16T00:57:18","slug":"le-nanceien-m-energies-veut-multiplier-sa-taille-grace-au-renfort-dedmond-de-rothschild","status":"publish","type":"post","link":"https:\/\/www.europesays.com\/fr\/601956\/","title":{"rendered":"Le Nanc\u00e9ien M-Energies veut multiplier sa taille gr\u00e2ce au renfort d\u2019Edmond de Rothschild \u00a0"},"content":{"rendered":"<p>Publi\u00e9 le  16 d\u00e9cembre 2025 par Philippe Bohlinger<\/p>\n<p><img decoding=\"async\" src=\"https:\/\/www.europesays.com\/fr\/wp-content\/uploads\/2025\/12\/M Energies entretien.jpg&#038;w=1280&#038;a=t&#038;zc=1.jpeg\" alt=\"M-Energies intervient principalement dans les secteurs du particulier, des syndics de copropri\u00e9t\u00e9, des bailleurs sociaux et des collectivit\u00e9s locales. \u00a9 Philippe Bohlinger\"\/>M-Energies intervient principalement dans les secteurs du particulier, des syndics de copropri\u00e9t\u00e9, des bailleurs sociaux et des collectivit\u00e9s locales. \u00a9 Philippe Bohlinger\t<\/p>\n<p>\n\t\tLa prise de participation majoritaire d\u2019un fonds de la banque priv\u00e9e suisse Edmond de Rothschild ouvre une nouvelle \u00e8re pour le groupe M-Energies et ses 550 salari\u00e9s. L\u2019entreprise de services \u00e9nerg\u00e9tiques d\u00e9sormais pr\u00e9sid\u00e9e par Aur\u00e9lien Fortier, jusqu&rsquo;alors son directeur g\u00e9n\u00e9ral, compte atteindre un chif&#8230;\t<\/p>\n<p>\n\t\t\t\tCet article est r\u00e9serv\u00e9 aux abonn\u00e9s\n\t\t\t<\/p>\n<p>\t\t\t\t\t\t<img decoding=\"async\" src=\"https:\/\/www.europesays.com\/fr\/wp-content\/uploads\/2025\/05\/icone-paywall-tous-nos-contenus.png\" alt=\"icone journal\"\/><br \/>\n\t\t\t\t\t\tAcc\u00e9dez \u00e0 <strong>tous nos contenus<\/strong><br \/> en illimit\u00e9 \u00e0 partir de <strong>9.90\u00a0\u20ac<\/strong>\u00a0HT\/mois<\/p>\n<p>\t\t\t\t\t\t<img decoding=\"async\" src=\"https:\/\/www.europesays.com\/fr\/wp-content\/uploads\/2025\/05\/icone-paywall-journalisme-independant.png\" alt=\"icone mains\"\/><br \/>\n\t\t\t\t\t\tSoutenez un <strong>journalisme ind\u00e9pendant<\/strong><\/p>\n<p>\t\t\t\t\t\t<img decoding=\"async\" src=\"https:\/\/www.europesays.com\/fr\/wp-content\/uploads\/2025\/05\/icone-paywall-information-verifiee.png\" alt=\"icone ordinateurs check\"\/><br \/>\n\t\t\t\t\t\tAcc\u00e9dez \u00e0 une information v\u00e9rifi\u00e9e, document\u00e9e et utile \u00e0 votre business<\/p>\n<p><strong>Mots-cl\u00e9s :<\/strong>\u00a0<a href=\"https:\/\/www.tracesecritesnews.fr\/actualite\/tag\/croissance-externe\" target=\"_blank\" rel=\"noopener\">croissance externe<\/a>, <a href=\"https:\/\/www.tracesecritesnews.fr\/actualite\/tag\/dominique-massonneau\" target=\"_blank\" rel=\"noopener\">Dominique Massonneau<\/a>, <a href=\"https:\/\/www.tracesecritesnews.fr\/actualite\/tag\/aurelien-fortier\" target=\"_blank\" rel=\"noopener\">Aur\u00e9lien Fortier<\/a>, <a href=\"https:\/\/www.tracesecritesnews.fr\/actualite\/tag\/edmond-de-rothschild\" target=\"_blank\" rel=\"noopener\">Edmond de Rothschild<\/a>, <a href=\"https:\/\/www.tracesecritesnews.fr\/actualite\/tag\/applitech\" target=\"_blank\" rel=\"noopener\">Applitech<\/a>, <a href=\"https:\/\/www.tracesecritesnews.fr\/actualite\/tag\/services-energetiques\" target=\"_blank\" rel=\"noopener\">services \u00e9nerg\u00e9tiques<\/a>\t\t\t\t\t\t\t\t\t\t<\/p>\n","protected":false},"excerpt":{"rendered":"Publi\u00e9 le 16 d\u00e9cembre 2025 par Philippe Bohlinger M-Energies intervient principalement dans les secteurs du particulier, des syndics&hellip;\n","protected":false},"author":2,"featured_media":601957,"comment_status":"","ping_status":"","sticky":false,"template":"","format":"standard","meta":{"footnotes":""},"categories":[9635],"tags":[1111,11,1777,674,1011,27,775,1702,12,25],"class_list":{"0":"post-601956","1":"post","2":"type-post","3":"status-publish","4":"format-standard","5":"has-post-thumbnail","7":"category-nancy","8":"tag-actu","9":"tag-actualites","10":"tag-eu","11":"tag-europe","12":"tag-fr","13":"tag-france","14":"tag-grand-est","15":"tag-nancy","16":"tag-news","17":"tag-republique-francaise"},"share_on_mastodon":{"url":"https:\/\/pubeurope.com\/@fr\/115726532528559359","error":""},"_links":{"self":[{"href":"https:\/\/www.europesays.com\/fr\/wp-json\/wp\/v2\/posts\/601956","targetHints":{"allow":["GET"]}}],"collection":[{"href":"https:\/\/www.europesays.com\/fr\/wp-json\/wp\/v2\/posts"}],"about":[{"href":"https:\/\/www.europesays.com\/fr\/wp-json\/wp\/v2\/types\/post"}],"author":[{"embeddable":true,"href":"https:\/\/www.europesays.com\/fr\/wp-json\/wp\/v2\/users\/2"}],"replies":[{"embeddable":true,"href":"https:\/\/www.europesays.com\/fr\/wp-json\/wp\/v2\/comments?post=601956"}],"version-history":[{"count":0,"href":"https:\/\/www.europesays.com\/fr\/wp-json\/wp\/v2\/posts\/601956\/revisions"}],"wp:featuredmedia":[{"embeddable":true,"href":"https:\/\/www.europesays.com\/fr\/wp-json\/wp\/v2\/media\/601957"}],"wp:attachment":[{"href":"https:\/\/www.europesays.com\/fr\/wp-json\/wp\/v2\/media?parent=601956"}],"wp:term":[{"taxonomy":"category","embeddable":true,"href":"https:\/\/www.europesays.com\/fr\/wp-json\/wp\/v2\/categories?post=601956"},{"taxonomy":"post_tag","embeddable":true,"href":"https:\/\/www.europesays.com\/fr\/wp-json\/wp\/v2\/tags?post=601956"}],"curies":[{"name":"wp","href":"https:\/\/api.w.org\/{rel}","templated":true}]}}