{"id":601958,"date":"2025-12-16T00:58:29","date_gmt":"2025-12-16T00:58:29","guid":{"rendered":"https:\/\/www.europesays.com\/fr\/601958\/"},"modified":"2025-12-16T00:58:29","modified_gmt":"2025-12-16T00:58:29","slug":"le-debrief-dun-succes-important-pour-las-nancy-lorraine-face-a-clermont-foot-2","status":"publish","type":"post","link":"https:\/\/www.europesays.com\/fr\/601958\/","title":{"rendered":"Le d\u00e9brief d&rsquo;un succ\u00e8s important pour l&rsquo;AS Nancy Lorraine face \u00e0 Clermont Foot"},"content":{"rendered":"<p class=\"PopSlotParagraph qg-tx2 qg-xtra-lh svelte-1r0pyek\">Le stade Marcel Picot a vibr\u00e9 ce vendredi soir. L&rsquo;AS Nancy Lorraine a d\u00e9croch\u00e9 une victoire pr\u00e9cieuse (1-0) face \u00e0 Clermont Foot, un concurrent direct pour le maintien. Plus qu&rsquo;un simple r\u00e9sultat comptable, ce succ\u00e8s est une\u00a0<a href=\"https:\/\/www.francebleu.fr\/sports\/football\/direct-ligue-2-vivez-la-rencontre-as-nancy-lorraine-bastia-sur-ici-lorraine-5105230\" target=\"_blank\" rel=\"noopener\" class=\"\" data-testid=\"link\">v\u00e9ritable bouff\u00e9e d&rsquo;oxyg\u00e8ne<\/a>\u00a0juste avant la tr\u00eave hivernale.<\/p>\n<p class=\"PopSlotParagraph qg-tx2 qg-xtra-lh svelte-1r0pyek\">Au coup de sifflet final, l&rsquo;ambiance t\u00e9moignait d&rsquo;un soulagement immense. Les joueurs de l&rsquo;ASNL ont montr\u00e9 un visage combatif et solidaire, retrouvant une certaine <strong>\u00abniaque\u00bb<\/strong> que l&rsquo;on pensait \u00e9teinte apr\u00e8s plusieurs semaines compliqu\u00e9es. M\u00eame si l&rsquo;ASNL n&rsquo;a pas tout ma\u00eetris\u00e9,\u00a0 l l&rsquo;\u00e9nergie d\u00e9ploy\u00e9e et l&rsquo;agressivit\u00e9 positive dans les duels sont des signaux positifs.<\/p>\n<p class=\"PopSlotParagraph qg-tx2 qg-xtra-lh svelte-1r0pyek\">Ce regain de forme arrive \u00e0 point nomm\u00e9. L&rsquo;ASNL se donne un peu d&rsquo;air au classement et peut aborder les f\u00eates l&rsquo;esprit plus serein. Cette victoire n&rsquo;est cependant qu&rsquo;une \u00e9tape. Le travail est encore long pour assurer le maintien, mais elle pose une base psychologique solide pour la suite.<\/p>\n<p class=\"PopSlotParagraph qg-tx2 qg-xtra-lh svelte-1r0pyek\">Le 3 janvier prochain, l&rsquo;ASNL replongera directement dans le bain avec un d\u00e9placement \u00e0 <strong>Amiens<\/strong>, un autre adversaire direct dans la course au maintien. Ce match sera un test grandeur nature pour confirmer cette nouvelle dynamique et montrer que l&rsquo;\u00e9quipe a d\u00e9finitivement tourn\u00e9 la page des doutes.<\/p>\n<p class=\"PopSlotParagraph qg-tx2 qg-xtra-lh svelte-1r0pyek\">Pour d\u00e9cortiquer cette performance et analyser les perspectives pour la seconde partie de saison, Laurent Pilloni et ses d\u00e9batteurs ont pris les commandes du d\u00e9brief. Quelles sont les cl\u00e9s de cette victoire\u00a0? R\u00e9ponse dans <strong>100% ASNL.<\/strong><\/p>\n","protected":false},"excerpt":{"rendered":"Le stade Marcel Picot a vibr\u00e9 ce vendredi soir. L&rsquo;AS Nancy Lorraine a d\u00e9croch\u00e9 une victoire pr\u00e9cieuse (1-0)&hellip;\n","protected":false},"author":2,"featured_media":601353,"comment_status":"","ping_status":"","sticky":false,"template":"","format":"standard","meta":{"footnotes":""},"categories":[9635],"tags":[1111,11,1777,674,1011,27,775,1702,12,25],"class_list":{"0":"post-601958","1":"post","2":"type-post","3":"status-publish","4":"format-standard","5":"has-post-thumbnail","7":"category-nancy","8":"tag-actu","9":"tag-actualites","10":"tag-eu","11":"tag-europe","12":"tag-fr","13":"tag-france","14":"tag-grand-est","15":"tag-nancy","16":"tag-news","17":"tag-republique-francaise"},"share_on_mastodon":{"url":"https:\/\/pubeurope.com\/@fr\/115726536089275794","error":""},"_links":{"self":[{"href":"https:\/\/www.europesays.com\/fr\/wp-json\/wp\/v2\/posts\/601958","targetHints":{"allow":["GET"]}}],"collection":[{"href":"https:\/\/www.europesays.com\/fr\/wp-json\/wp\/v2\/posts"}],"about":[{"href":"https:\/\/www.europesays.com\/fr\/wp-json\/wp\/v2\/types\/post"}],"author":[{"embeddable":true,"href":"https:\/\/www.europesays.com\/fr\/wp-json\/wp\/v2\/users\/2"}],"replies":[{"embeddable":true,"href":"https:\/\/www.europesays.com\/fr\/wp-json\/wp\/v2\/comments?post=601958"}],"version-history":[{"count":0,"href":"https:\/\/www.europesays.com\/fr\/wp-json\/wp\/v2\/posts\/601958\/revisions"}],"wp:featuredmedia":[{"embeddable":true,"href":"https:\/\/www.europesays.com\/fr\/wp-json\/wp\/v2\/media\/601353"}],"wp:attachment":[{"href":"https:\/\/www.europesays.com\/fr\/wp-json\/wp\/v2\/media?parent=601958"}],"wp:term":[{"taxonomy":"category","embeddable":true,"href":"https:\/\/www.europesays.com\/fr\/wp-json\/wp\/v2\/categories?post=601958"},{"taxonomy":"post_tag","embeddable":true,"href":"https:\/\/www.europesays.com\/fr\/wp-json\/wp\/v2\/tags?post=601958"}],"curies":[{"name":"wp","href":"https:\/\/api.w.org\/{rel}","templated":true}]}}