{"id":601959,"date":"2025-12-16T01:00:29","date_gmt":"2025-12-16T01:00:29","guid":{"rendered":"https:\/\/www.europesays.com\/fr\/601959\/"},"modified":"2025-12-16T01:00:29","modified_gmt":"2025-12-16T01:00:29","slug":"il-etait-en-train-dapprendre-a-nager-un-petit-garcon-de-3-ans-meurt-dans-la-piscine-municipale","status":"publish","type":"post","link":"https:\/\/www.europesays.com\/fr\/601959\/","title":{"rendered":"Il \u00e9tait en train d\u2019apprendre \u00e0 nager\u00a0: un petit gar\u00e7on de 3 ans meurt dans la piscine municipale"},"content":{"rendered":"<p>\n                                                                Un enfant de trois ans est d\u00e9c\u00e9d\u00e9 samedi 13\u00a0d\u00e9cembre 2025 en soir\u00e9e \u00e0 la piscine municipale de Font-Pr\u00e9 \u00e0 Toulon (Var), lors d\u2019un cours de natation encadr\u00e9 par un club sportif.\n                            <\/p>\n<p>Le drame s\u2019est d\u00e9roul\u00e9 ce samedi 13\u00a0d\u00e9cembre dans la soir\u00e9e \u00e0 la piscine municipale de Font-Pr\u00e9 \u00e0 Toulon dans le Var. Un petit gar\u00e7on de trois ans a perdu la vie.<\/p>\n<p>En train d\u2019apprendre \u00e0 nager<\/p>\n<p>L\u2019enfant est d\u00e9c\u00e9d\u00e9 alors qu\u2019il participait \u00e0 une activit\u00e9 organis\u00e9e par un club sportif, pour apprendre \u00e0 nager, rapportent\u00a0<a href=\"https:\/\/www.francebleu.fr\/infos\/faits-divers-justice\/toulon-un-enfant-de-3-ans-meurt-a-la-piscine-municipale-de-font-pre-7181279\" target=\"_self\" rel=\"noopener\">France Bleu <\/a>et <a href=\"https:\/\/actu.fr\/provence-alpes-cote-d-azur\/toulon_83137\/toulon-un-enfant-de-trois-ans-meurt-a-la-piscine-dans-le-cadre-d-une-activite-pour-apprendre-a-nager_63576012.html\" target=\"_self\" rel=\"noopener\">Actu<\/a>. L\u2019exercice se d\u00e9roulait \u00ab\u00a0sur un cr\u00e9neau g\u00e9r\u00e9 en autonomie, avec un encadrement dipl\u00f4m\u00e9 du club, conforme \u00e0 la r\u00e9glementation en vigueur\u00a0\u00bb, ont indiqu\u00e9 \u00e0 nos confr\u00e8res les services de la mairie de Toulon.<\/p>\n<p>La maire de Toulon, Jos\u00e9e Massi, s\u2019est rendue sur place pour apporter son soutien \u00e0 la famille de la victime.<\/p>\n<p>Une enqu\u00eate des services de l\u2019\u00c9tat a \u00e9t\u00e9 ouverte et une autopsie va \u00eatre effectu\u00e9e, les causes du d\u00e9c\u00e8s de l\u2019enfant n\u2019\u00e9tant \u00ab\u00a0pas \u00e9tablies \u00e0 ce stade\u00a0\u00bb.<\/p>\n","protected":false},"excerpt":{"rendered":"Un enfant de trois ans est d\u00e9c\u00e9d\u00e9 samedi 13\u00a0d\u00e9cembre 2025 en soir\u00e9e \u00e0 la piscine municipale de Font-Pr\u00e9&hellip;\n","protected":false},"author":2,"featured_media":601960,"comment_status":"","ping_status":"","sticky":false,"template":"","format":"standard","meta":{"footnotes":""},"categories":[9619],"tags":[1111,11,1777,674,118,1011,27,12,882,25,2310],"class_list":{"0":"post-601959","1":"post","2":"type-post","3":"status-publish","4":"format-standard","5":"has-post-thumbnail","7":"category-toulon","8":"tag-actu","9":"tag-actualites","10":"tag-eu","11":"tag-europe","12":"tag-faits-divers","13":"tag-fr","14":"tag-france","15":"tag-news","16":"tag-provence-alpes-cote-dazur","17":"tag-republique-francaise","18":"tag-toulon"},"share_on_mastodon":{"url":"https:\/\/pubeurope.com\/@fr\/115726543970838087","error":""},"_links":{"self":[{"href":"https:\/\/www.europesays.com\/fr\/wp-json\/wp\/v2\/posts\/601959","targetHints":{"allow":["GET"]}}],"collection":[{"href":"https:\/\/www.europesays.com\/fr\/wp-json\/wp\/v2\/posts"}],"about":[{"href":"https:\/\/www.europesays.com\/fr\/wp-json\/wp\/v2\/types\/post"}],"author":[{"embeddable":true,"href":"https:\/\/www.europesays.com\/fr\/wp-json\/wp\/v2\/users\/2"}],"replies":[{"embeddable":true,"href":"https:\/\/www.europesays.com\/fr\/wp-json\/wp\/v2\/comments?post=601959"}],"version-history":[{"count":0,"href":"https:\/\/www.europesays.com\/fr\/wp-json\/wp\/v2\/posts\/601959\/revisions"}],"wp:featuredmedia":[{"embeddable":true,"href":"https:\/\/www.europesays.com\/fr\/wp-json\/wp\/v2\/media\/601960"}],"wp:attachment":[{"href":"https:\/\/www.europesays.com\/fr\/wp-json\/wp\/v2\/media?parent=601959"}],"wp:term":[{"taxonomy":"category","embeddable":true,"href":"https:\/\/www.europesays.com\/fr\/wp-json\/wp\/v2\/categories?post=601959"},{"taxonomy":"post_tag","embeddable":true,"href":"https:\/\/www.europesays.com\/fr\/wp-json\/wp\/v2\/tags?post=601959"}],"curies":[{"name":"wp","href":"https:\/\/api.w.org\/{rel}","templated":true}]}}