{"id":601961,"date":"2025-12-16T01:01:17","date_gmt":"2025-12-16T01:01:17","guid":{"rendered":"https:\/\/www.europesays.com\/fr\/601961\/"},"modified":"2025-12-16T01:01:17","modified_gmt":"2025-12-16T01:01:17","slug":"pere-noel-gouter-et-cadeaux-a-montpellier-pour-90-enfants-porteurs-de-handicaps","status":"publish","type":"post","link":"https:\/\/www.europesays.com\/fr\/601961\/","title":{"rendered":"P\u00e8re No\u00ebl, go\u00fbter et cadeaux \u00e0 Montpellier pour 90 enfants porteurs de handicaps"},"content":{"rendered":"<p>                    Par<br \/>\n        <strong><br \/>\n            <a href=\"https:\/\/actu.fr\/auteur\/metropoop\" title=\"Consulter tous les articles de R\u00e9daction M\u00e9tropolitain\" target=\"_blank\" rel=\"noopener\">R\u00e9daction M\u00e9tropolitain<\/a><br \/>\n                    <\/strong><\/p>\n<p>        Publi\u00e9 le<\/p>\n<p>            15 d\u00e9c. 2025 \u00e0 16h35        <\/p>\n<p>C\u2019\u00e9tait un grand moment attendu par<strong> 90 enfants<\/strong> du Centre m\u00e9dico-\u00e9ducatif de l\u2019Enfance Fontcaude, \u00e0 <strong>Montpellier,<\/strong> la semaine derni\u00e8re : la venue du<strong> P\u00e8re No\u00ebl<\/strong> lors d\u2019un d\u00e9licieux go\u00fbter organis\u00e9 par Mike Marcou dit \u00ab\u00a0le petit bide\u00a0\u00bb, un jeune qui oeuvre Cit\u00e9 G\u00e9ly, dans le quartier de Figuerolles pour d\u00e9fendre des causes qui lui tiennent \u00e0 coeur.<\/p>\n<p class=\" wall-content\">\u00ab\u00a0C\u2019est la deuxi\u00e8me ann\u00e9e que j\u2019organise ce go\u00fbter pour ces enfants, j\u2019en suis encore tr\u00e8s heureux, c\u2019est une action qui me tient beaucoup \u00e0 coeur\u00a0\u00bb, se f\u00e9licite Mike Marcou, connu et appr\u00e9ci\u00e9 par les familles et les associations pour ses gestes positifs aupr\u00e8s des jeunes de la Cit\u00e9 G\u00e9ly, point\u00e9e du doigt pour ses points de deal et ses trafics.<\/p>\n<p>    <a href=\"https:\/\/www.google.com\/maps\/embed?pb=!1m18!1m12!1m3!1d4242.856689603571!2d3.817169797206537!3d43.62881750161343!2m3!1f0!2f0!3f0!3m2!1i1024!2i768!4f13.1!3m3!1m2!1s0x12b6ac23028c08f9%3A0x1ab6bf2624a7e733!2s70%20Rue%20de%20Tipasa%2C%2034080%20Montpellier!5e0!3m2!1sfr!2sfr!4v1765781356763!5m2!1sfr!2sfr\" title=\"Ouvrie le lien\" target=\"_blank\" rel=\"noopener\">Cliquez ici pour visualiser le contenu<\/a><\/p>\n<p class=\" wall-content\">Bien s\u00fbr, qui dit P\u00e8re No\u00ebl, dit cadeaux : les 90 enfants ont \u00e9t\u00e9 g\u00e2t\u00e9s et sont repartis heureux dans leur chambre, apr\u00e8s cette parenth\u00e8se conviviale dans la salle des f\u00eates de l\u2019Institut m\u00e9dico-social Fontcaude.<\/p>\n<p class=\" wall-content\">Le Centre m\u00e9dico \u00e9ducatif de l\u2019Enfance Fontcaude accueille d\u00e8s le plus jeune \u00e2ge des enfants porteurs de diff\u00e9rents handicaps : d\u00e9ficience intellectuelle avec ou sans trouble associ\u00e9, enfants porteurs de troubles neuro-d\u00e9veloppementaux et de troubles du spectre de l\u2019autisme, enfants polyhandicap\u00e9s, enfants d\u00e9ficients moteurs.<\/p>\n<p>Vid\u00e9os : en ce moment sur Actu<\/p>\n<p class=\" wall-content\">L\u2019\u00e9tablissement situ\u00e9 dans le quartier nord-ouest de Montpellier comprend 41 places d\u2019accueil de jour pour enfants avec diff\u00e9rents handicaps, 23 places d\u2019accueil de jour pour enfants ayant un poly-handicap, 8\u00a0lits d\u2019internat de semaine et der 8\u00a0places de prestation en milieu ordinaire.\u00a0Le Service d\u2019\u00e9ducation sp\u00e9ciale et de soins \u00e0 domicile polyvalent -Sessad- abrite\u00a042 places pouvant accueillir des enfants en situation de handicap.<\/p>\n<p class=\" wall-content\">Le Centre m\u00e9dico-\u00e9ducatif de l\u2019enfance Fontcaude a \u00e9t\u00e9 cr\u00e9\u00e9 en 1974. Il est situ\u00e9 dans le quartier ouest de la Mosson, \u00e0 Montpellier. Il pr\u00e9sente une facilit\u00e9 d\u2019acc\u00e8s et un cadre de vie ouvert sur un parc arbor\u00e9. L\u2019implantation de l\u2019\u00e9tablissement en zone urbaine, proche de tous ses partenaires ou relais ext\u00e9rieurs, facilite l\u2019inclusion de l\u2019enfant en situation de handicap dans la vie sociale.<\/p>\n<p class=\" wall-content\">Personnalisez votre actualit\u00e9 en ajoutant vos villes et m\u00e9dias en favori avec <a href=\"https:\/\/moncompte.actu.fr\" title=\"D\u00e9couvez Mon Actu\" rel=\"nofollow noopener\" data-trk=\"{&quot;cta&quot;:{&quot;action&quot;:&quot;https:\\\/\\\/moncompte.actu.fr&quot;,&quot;category&quot;:&quot;mon compte&quot;,&quot;from&quot;:&quot;article footer&quot;,&quot;name&quot;:&quot;Mon actu&quot;,&quot;type&quot;:&quot;cta&quot;}}\" target=\"_blank\">Mon Actu<\/a>.<\/p>\n","protected":false},"excerpt":{"rendered":"Par R\u00e9daction M\u00e9tropolitain Publi\u00e9 le 15 d\u00e9c. 2025 \u00e0 16h35 C\u2019\u00e9tait un grand moment attendu par 90 enfants&hellip;\n","protected":false},"author":2,"featured_media":601962,"comment_status":"","ping_status":"","sticky":false,"template":"","format":"standard","meta":{"footnotes":""},"categories":[9599],"tags":[1111,11,1777,674,1011,27,1652,2208,12,2680,25],"class_list":{"0":"post-601961","1":"post","2":"type-post","3":"status-publish","4":"format-standard","5":"has-post-thumbnail","7":"category-montpellier","8":"tag-actu","9":"tag-actualites","10":"tag-eu","11":"tag-europe","12":"tag-fr","13":"tag-france","14":"tag-loisirs-culture","15":"tag-montpellier","16":"tag-news","17":"tag-occitanie","18":"tag-republique-francaise"},"share_on_mastodon":{"url":"https:\/\/pubeurope.com\/@fr\/115726548015018773","error":""},"_links":{"self":[{"href":"https:\/\/www.europesays.com\/fr\/wp-json\/wp\/v2\/posts\/601961","targetHints":{"allow":["GET"]}}],"collection":[{"href":"https:\/\/www.europesays.com\/fr\/wp-json\/wp\/v2\/posts"}],"about":[{"href":"https:\/\/www.europesays.com\/fr\/wp-json\/wp\/v2\/types\/post"}],"author":[{"embeddable":true,"href":"https:\/\/www.europesays.com\/fr\/wp-json\/wp\/v2\/users\/2"}],"replies":[{"embeddable":true,"href":"https:\/\/www.europesays.com\/fr\/wp-json\/wp\/v2\/comments?post=601961"}],"version-history":[{"count":0,"href":"https:\/\/www.europesays.com\/fr\/wp-json\/wp\/v2\/posts\/601961\/revisions"}],"wp:featuredmedia":[{"embeddable":true,"href":"https:\/\/www.europesays.com\/fr\/wp-json\/wp\/v2\/media\/601962"}],"wp:attachment":[{"href":"https:\/\/www.europesays.com\/fr\/wp-json\/wp\/v2\/media?parent=601961"}],"wp:term":[{"taxonomy":"category","embeddable":true,"href":"https:\/\/www.europesays.com\/fr\/wp-json\/wp\/v2\/categories?post=601961"},{"taxonomy":"post_tag","embeddable":true,"href":"https:\/\/www.europesays.com\/fr\/wp-json\/wp\/v2\/tags?post=601961"}],"curies":[{"name":"wp","href":"https:\/\/api.w.org\/{rel}","templated":true}]}}