{"id":601963,"date":"2025-12-16T01:02:14","date_gmt":"2025-12-16T01:02:14","guid":{"rendered":"https:\/\/www.europesays.com\/fr\/601963\/"},"modified":"2025-12-16T01:02:14","modified_gmt":"2025-12-16T01:02:14","slug":"dermatose-une-operation-coup-de-poing-des-agriculteurs-provoque-de-gros-bouchons-a-montpellier","status":"publish","type":"post","link":"https:\/\/www.europesays.com\/fr\/601963\/","title":{"rendered":"Dermatose\u00a0: une op\u00e9ration coup de poing des agriculteurs provoque de gros bouchons \u00e0 Montpellier"},"content":{"rendered":"<p>Ce lundi vers 17 heures, les agriculteurs h\u00e9raultais ont lanc\u00e9 une op\u00e9ration escargot sur l&rsquo;autoroute A709. Partis du rond-point de Vendargues, ils ont d\u00e9pos\u00e9 du fumier jusqu&rsquo;au rond-point d&rsquo;Odysseum, pr\u00e8s du Z\u00e9nith de Montpellier, avant de faire demi-tour. La circulation est fortement perturb\u00e9e.<\/p>\n<p>Une <strong>op\u00e9ration escargot<\/strong> avec des tracteurs a \u00e9t\u00e9 lanc\u00e9e ce <strong>lundi soir vers 17 heures<\/strong>, entre Vendargues et Montpellier, le long de l&rsquo;A709 par les agriculteurs h\u00e9raultais face \u00e0 la gestion de la crise de la\u00a0<a class=\"IciLink ici-link IciArticleLink g-ici-body-regular-1 underline brand svelte-1chfe2s\" href=\"https:\/\/www.francebleu.fr\/infos\/sante-sciences\/dermatose-nodulaire-contagieuse-ce-que-l-on-sait-sur-cette-maladie-qui-menace-les-bovins-et-inquiete-les-eleveurs-4924667?at_medium=ads&amp;at_ad_platform=google&amp;at_campaign=ici_search&amp;gad_source=1&amp;gad_campaignid=17449052839&amp;gbraid=0AAAAACdTEwayvddyQEFMugb7Z3QEmP3Nw&amp;gclid=Cj0KCQiAgP_JBhD-ARIsANpEMxyD1ti0pHfcle-cb0VRrHMk0S3La6oFk-yydoPTEkhoebDoCDZWt_oaAmpFEALw_wcB\" target=\"_blank\" rel=\"noopener\">dermatose nodulaire<\/a>. Mobilis\u00e9s depuis hier sur le rond-point de Vendargues dans l&rsquo;H\u00e9rault, cette fois, ils ont d\u00e9cid\u00e9 de rouler au pas sur l&rsquo;autoroute jusqu&rsquo;au niveau du rond-point d&rsquo;Odysseum (sortie 29), pr\u00e8s du Z\u00e9nith, avant de repartir dans l&rsquo;autre sens. Un aller-retour qui cause de nombreux bouchons sur l&rsquo;autoroute dans les deux sens.<\/p>\n<p>Au-del\u00e0 du rythme ralenti des tracteurs, les agriculteurs ont d\u00e9pos\u00e9 du <strong>fumier, des bidons,<\/strong> le long des voies qui perturbent la circulation. La <strong>Conf\u00e9d\u00e9ration paysanne<\/strong>, syndicat agricole \u00e0 l&rsquo;origine des mobilisations, d\u00e9nonce, comme ailleurs en France, l&rsquo;abattage impos\u00e9 des troupeaux pour stopper la\u00a0<a class=\"IciLink ici-link IciArticleLink g-ici-body-regular-1 underline brand svelte-1chfe2s\" href=\"https:\/\/www.francebleu.fr\/infos\/agriculture-peche\/symptomes-abattages-des-troupeaux-vaccination-mobilisation-des-agriculteurs-que-sait-on-de-la-dermatose-nodulaire-7399093\" target=\"_blank\" rel=\"noopener\">dermatose nodulaire<\/a>. La maladie n&rsquo;a pas encore touch\u00e9 l&rsquo;H\u00e9rault, mais l&rsquo;inqui\u00e9tude de voir leurs animaux abattus et la col\u00e8re sont l\u00e0.<\/p>\n<p> <img decoding=\"async\" src=\"https:\/\/www.europesays.com\/fr\/wp-content\/uploads\/2025\/12\/1765846934_28_1280\" alt=\"illustration agrandir l'image\" style=\"--_image-preview:url('data:image\/jpeg;base64,\/9j\/2wBDACgcHiMeGSgjISMtKygwPGRBPDc3PHtYXUlkkYCZlo+AjIqgtObDoKrarYqMyP\/L2u71\/\/\/\/m8H\/\/\/\/6\/+b9\/\/j\/2wBDASstLTw1PHZBQXb4pYyl+Pj4+Pj4+Pj4+Pj4+Pj4+Pj4+Pj4+Pj4+Pj4+Pj4+Pj4+Pj4+Pj4+Pj4+Pj4+Pj4+Pj\/wAARCAAXACoDASIAAhEBAxEB\/8QAGAAAAwEBAAAAAAAAAAAAAAAAAAIDAQT\/xAAYEAEBAQEBAAAAAAAAAAAAAAAAAQIREv\/EABcBAAMBAAAAAAAAAAAAAAAAAAABAgP\/xAAVEQEBAAAAAAAAAAAAAAAAAAAAEf\/aAAwDAQACEQMRAD8A4cq5qfDSqqYvnSk05po80qpi3R1P0OnSiNhaAyas6aaABHlb0Aw\/\/9k=');\" loading=\"lazy\" fetchpriority=\"low\" class=\"svelte-1cksh76 rounded\" onload=\"this.__e=event\" onerror=\"this.__e=event\"\/> Les agriculteurs ont d\u00e9pos\u00e9 du fumier et des bidons tout au long de l&rsquo;A709 \u00a9 Radio France &#8211; Cl\u00e9mentine PROUTEAU  \u00c0 lire aussi   <img decoding=\"async\" src=\"https:\/\/www.europesays.com\/fr\/wp-content\/uploads\/2025\/12\/1765846934_698_400x400\" alt=\"\" style=\"--_image-preview:url('data:image\/jpeg;base64,\/9j\/2wBDACgcHiMeGSgjISMtKygwPGRBPDc3PHtYXUlkkYCZlo+AjIqgtObDoKrarYqMyP\/L2u71\/\/\/\/m8H\/\/\/\/6\/+b9\/\/j\/2wBDASstLTw1PHZBQXb4pYyl+Pj4+Pj4+Pj4+Pj4+Pj4+Pj4+Pj4+Pj4+Pj4+Pj4+Pj4+Pj4+Pj4+Pj4+Pj4+Pj4+Pj\/wAARCAAXACoDASIAAhEBAxEB\/8QAGAABAAMBAAAAAAAAAAAAAAAAAAEDBAL\/xAAYEAEAAwEAAAAAAAAAAAAAAAAAAQISEf\/EABUBAQEAAAAAAAAAAAAAAAAAAAAB\/8QAFREBAQAAAAAAAAAAAAAAAAAAABH\/2gAMAwEAAhEDEQA\/ANU3czdRN3M3Bo2bZ9m1qRo0aUbNlIqmyOginToIqeo0AP\/Z');\" loading=\"lazy\" fetchpriority=\"low\" aria-hidden=\"true\" class=\"svelte-1cksh76 rounded\" onload=\"this.__e=event\" onerror=\"this.__e=event\"\/><\/p>\n","protected":false},"excerpt":{"rendered":"Ce lundi vers 17 heures, les agriculteurs h\u00e9raultais ont lanc\u00e9 une op\u00e9ration escargot sur l&rsquo;autoroute A709. Partis du&hellip;\n","protected":false},"author":2,"featured_media":601964,"comment_status":"","ping_status":"","sticky":false,"template":"","format":"standard","meta":{"footnotes":""},"categories":[9599],"tags":[1111,11,1777,674,1011,27,2208,12,2680,25],"class_list":{"0":"post-601963","1":"post","2":"type-post","3":"status-publish","4":"format-standard","5":"has-post-thumbnail","7":"category-montpellier","8":"tag-actu","9":"tag-actualites","10":"tag-eu","11":"tag-europe","12":"tag-fr","13":"tag-france","14":"tag-montpellier","15":"tag-news","16":"tag-occitanie","17":"tag-republique-francaise"},"share_on_mastodon":{"url":"https:\/\/pubeurope.com\/@fr\/115726552826109693","error":""},"_links":{"self":[{"href":"https:\/\/www.europesays.com\/fr\/wp-json\/wp\/v2\/posts\/601963","targetHints":{"allow":["GET"]}}],"collection":[{"href":"https:\/\/www.europesays.com\/fr\/wp-json\/wp\/v2\/posts"}],"about":[{"href":"https:\/\/www.europesays.com\/fr\/wp-json\/wp\/v2\/types\/post"}],"author":[{"embeddable":true,"href":"https:\/\/www.europesays.com\/fr\/wp-json\/wp\/v2\/users\/2"}],"replies":[{"embeddable":true,"href":"https:\/\/www.europesays.com\/fr\/wp-json\/wp\/v2\/comments?post=601963"}],"version-history":[{"count":0,"href":"https:\/\/www.europesays.com\/fr\/wp-json\/wp\/v2\/posts\/601963\/revisions"}],"wp:featuredmedia":[{"embeddable":true,"href":"https:\/\/www.europesays.com\/fr\/wp-json\/wp\/v2\/media\/601964"}],"wp:attachment":[{"href":"https:\/\/www.europesays.com\/fr\/wp-json\/wp\/v2\/media?parent=601963"}],"wp:term":[{"taxonomy":"category","embeddable":true,"href":"https:\/\/www.europesays.com\/fr\/wp-json\/wp\/v2\/categories?post=601963"},{"taxonomy":"post_tag","embeddable":true,"href":"https:\/\/www.europesays.com\/fr\/wp-json\/wp\/v2\/tags?post=601963"}],"curies":[{"name":"wp","href":"https:\/\/api.w.org\/{rel}","templated":true}]}}