{"id":601988,"date":"2025-12-16T01:17:19","date_gmt":"2025-12-16T01:17:19","guid":{"rendered":"https:\/\/www.europesays.com\/fr\/601988\/"},"modified":"2025-12-16T01:17:19","modified_gmt":"2025-12-16T01:17:19","slug":"previsions-du-mardi-16-decembre-2025-4","status":"publish","type":"post","link":"https:\/\/www.europesays.com\/fr\/601988\/","title":{"rendered":"pr\u00e9visions du mardi 16 d\u00e9cembre 2025"},"content":{"rendered":"<p>La ville de Bordeaux profitera de quelques \u00e9claircies aujourd&rsquo;hui. Le thermom\u00e8tre affichera 12\u00b0C en moyenne. Les temp\u00e9ratures avoisineront les 10\u00b0C au cours de la matin\u00e9e. Un vent de sud-est soufflera un peu, avec 9 km\/h. Les temp\u00e9ratures vont conna\u00eetre une augmentation de quelques degr\u00e9s lors de l&rsquo;apr\u00e8s-midi. Les valeurs s&rsquo;\u00e9chelonneront entre 12 et 15\u00b0C. Le ciel sera assez lumineux, avec quelques \u00e9claircies le soir. Les temp\u00e9ratures seront de 11\u00b0C. C&rsquo;est un ciel d\u00e9pourvu de nuages que conna\u00eetra la nuit de mardi \u00e0 mercredi.<\/p>\n<p>Demain, le vent va progressivement chasser la grisaille \u00e0 Bordeaux. Une diminution du mercure est attendue. Il va faire 11\u00b0C en moyenne. La matin\u00e9e se d\u00e9roulera dans le brouillard. Les temp\u00e9ratures afficheront entre 8\u00b0C et 13\u00b0C. Un modeste vent de nord-ouest sera ressenti par les habitants. Les maximales pourront atteindre 14\u00b0C dans l&rsquo;apr\u00e8s-midi tandis que les minimales seront de 11\u00b0C. Le ciel va s&rsquo;\u00e9claircir dans la soir\u00e9e. On pr\u00e9voit des valeurs avoisinant 10\u00b0C. Une petite brise de sud-est soufflera.<\/p>\n<p>Les conditions m\u00e9t\u00e9orologiques des jours qui suivent vont \u00e9voluer peu \u00e0 peu. Apr\u00e8s des conditions m\u00e9t\u00e9orologiques similaires jeudi, la situation changera vendredi.<\/p>\n<p><\/p>\n","protected":false},"excerpt":{"rendered":"La ville de Bordeaux profitera de quelques \u00e9claircies aujourd&rsquo;hui. Le thermom\u00e8tre affichera 12\u00b0C en moyenne. Les temp\u00e9ratures avoisineront&hellip;\n","protected":false},"author":2,"featured_media":601989,"comment_status":"","ping_status":"","sticky":false,"template":"","format":"standard","meta":{"footnotes":""},"categories":[2817],"tags":[1111,11,1997,1777,674,1011,27,12,2219,2119,25],"class_list":{"0":"post-601988","1":"post","2":"type-post","3":"status-publish","4":"format-standard","5":"has-post-thumbnail","7":"category-bordeaux","8":"tag-actu","9":"tag-actualites","10":"tag-bordeaux","11":"tag-eu","12":"tag-europe","13":"tag-fr","14":"tag-france","15":"tag-news","16":"tag-nouvelle-aquitaine","17":"tag-previsions-meteo","18":"tag-republique-francaise"},"share_on_mastodon":{"url":"https:\/\/pubeurope.com\/@fr\/115726612150826879","error":""},"_links":{"self":[{"href":"https:\/\/www.europesays.com\/fr\/wp-json\/wp\/v2\/posts\/601988","targetHints":{"allow":["GET"]}}],"collection":[{"href":"https:\/\/www.europesays.com\/fr\/wp-json\/wp\/v2\/posts"}],"about":[{"href":"https:\/\/www.europesays.com\/fr\/wp-json\/wp\/v2\/types\/post"}],"author":[{"embeddable":true,"href":"https:\/\/www.europesays.com\/fr\/wp-json\/wp\/v2\/users\/2"}],"replies":[{"embeddable":true,"href":"https:\/\/www.europesays.com\/fr\/wp-json\/wp\/v2\/comments?post=601988"}],"version-history":[{"count":0,"href":"https:\/\/www.europesays.com\/fr\/wp-json\/wp\/v2\/posts\/601988\/revisions"}],"wp:featuredmedia":[{"embeddable":true,"href":"https:\/\/www.europesays.com\/fr\/wp-json\/wp\/v2\/media\/601989"}],"wp:attachment":[{"href":"https:\/\/www.europesays.com\/fr\/wp-json\/wp\/v2\/media?parent=601988"}],"wp:term":[{"taxonomy":"category","embeddable":true,"href":"https:\/\/www.europesays.com\/fr\/wp-json\/wp\/v2\/categories?post=601988"},{"taxonomy":"post_tag","embeddable":true,"href":"https:\/\/www.europesays.com\/fr\/wp-json\/wp\/v2\/tags?post=601988"}],"curies":[{"name":"wp","href":"https:\/\/api.w.org\/{rel}","templated":true}]}}