{"id":601994,"date":"2025-12-16T01:21:15","date_gmt":"2025-12-16T01:21:15","guid":{"rendered":"https:\/\/www.europesays.com\/fr\/601994\/"},"modified":"2025-12-16T01:21:15","modified_gmt":"2025-12-16T01:21:15","slug":"previsions-du-mardi-16-decembre-2025-6","status":"publish","type":"post","link":"https:\/\/www.europesays.com\/fr\/601994\/","title":{"rendered":"pr\u00e9visions du mardi 16 d\u00e9cembre 2025"},"content":{"rendered":"<p>\u00c0 Lille, les temp\u00e9ratures seront de 7\u00b0C au plus bas et de 11\u00b0C au plus haut la journ\u00e9e. Un vent de sud-est soufflera un peu, avec 15 km\/h. Des \u00e9claircies feront leur apparition dans la matin\u00e9e. Il fera en moyenne 9\u00b0C. L&rsquo;apr\u00e8s-midi qui s&rsquo;annonce, promet d&rsquo;\u00eatre beau et ensoleill\u00e9 ! Les maximales atteindront les 11\u00b0C tandis que les minimales seront de 10\u00b0C. Le soir, apr\u00e8s un petit \u00e9pisode nuageux, le vent va progressivement \u00e9loigner la grisaille. Le mercure affichera 10\u00b0C en moyenne. Le passage de mardi \u00e0 mercredi se fera sous un ciel clair.<\/p>\n<p>L&rsquo;apparition du soleil demain \u00e0 Lille sera retard\u00e9e par beaucoup de nuages. Il va faire 9\u00b0C en moyenne. Durant la matin\u00e9e, le brouillard va s&rsquo;installer \u00e0 cause de l&rsquo;humidit\u00e9. Un vent de sud-ouest soufflera l\u00e9g\u00e8rement. Le temps sera au brouillard dans l&rsquo;apr\u00e8s-midi. Les valeurs seront comprises entre 9 et 10\u00b0C. Le ciel sera relativement lumineux, avec quelques \u00e9claircies demain soir. Les temp\u00e9ratures afficheront entre 7 et 8\u00b0C. Une petite brise de sud-ouest soufflera.<\/p>\n<p>Une d\u00e9gradation est annonc\u00e9e vendredi, alors que la journ\u00e9e de jeudi aura \u00e9t\u00e9 ensoleill\u00e9e.<\/p>\n<p><\/p>\n","protected":false},"excerpt":{"rendered":"\u00c0 Lille, les temp\u00e9ratures seront de 7\u00b0C au plus bas et de 11\u00b0C au plus haut la journ\u00e9e.&hellip;\n","protected":false},"author":2,"featured_media":601995,"comment_status":"","ping_status":"","sticky":false,"template":"","format":"standard","meta":{"footnotes":""},"categories":[2815],"tags":[1111,11,1777,674,1011,27,811,1307,12,2119,25],"class_list":{"0":"post-601994","1":"post","2":"type-post","3":"status-publish","4":"format-standard","5":"has-post-thumbnail","7":"category-lille","8":"tag-actu","9":"tag-actualites","10":"tag-eu","11":"tag-europe","12":"tag-fr","13":"tag-france","14":"tag-hauts-de-france","15":"tag-lille","16":"tag-news","17":"tag-previsions-meteo","18":"tag-republique-francaise"},"share_on_mastodon":{"url":"https:\/\/pubeurope.com\/@fr\/115726626664294783","error":""},"_links":{"self":[{"href":"https:\/\/www.europesays.com\/fr\/wp-json\/wp\/v2\/posts\/601994","targetHints":{"allow":["GET"]}}],"collection":[{"href":"https:\/\/www.europesays.com\/fr\/wp-json\/wp\/v2\/posts"}],"about":[{"href":"https:\/\/www.europesays.com\/fr\/wp-json\/wp\/v2\/types\/post"}],"author":[{"embeddable":true,"href":"https:\/\/www.europesays.com\/fr\/wp-json\/wp\/v2\/users\/2"}],"replies":[{"embeddable":true,"href":"https:\/\/www.europesays.com\/fr\/wp-json\/wp\/v2\/comments?post=601994"}],"version-history":[{"count":0,"href":"https:\/\/www.europesays.com\/fr\/wp-json\/wp\/v2\/posts\/601994\/revisions"}],"wp:featuredmedia":[{"embeddable":true,"href":"https:\/\/www.europesays.com\/fr\/wp-json\/wp\/v2\/media\/601995"}],"wp:attachment":[{"href":"https:\/\/www.europesays.com\/fr\/wp-json\/wp\/v2\/media?parent=601994"}],"wp:term":[{"taxonomy":"category","embeddable":true,"href":"https:\/\/www.europesays.com\/fr\/wp-json\/wp\/v2\/categories?post=601994"},{"taxonomy":"post_tag","embeddable":true,"href":"https:\/\/www.europesays.com\/fr\/wp-json\/wp\/v2\/tags?post=601994"}],"curies":[{"name":"wp","href":"https:\/\/api.w.org\/{rel}","templated":true}]}}