{"id":602024,"date":"2025-12-16T01:37:14","date_gmt":"2025-12-16T01:37:14","guid":{"rendered":"https:\/\/www.europesays.com\/fr\/602024\/"},"modified":"2025-12-16T01:37:14","modified_gmt":"2025-12-16T01:37:14","slug":"linsolente-reussite-de-larena-futuroscope","status":"publish","type":"post","link":"https:\/\/www.europesays.com\/fr\/602024\/","title":{"rendered":"l\u2019insolente r\u00e9ussite de l\u2019Arena Futuroscope"},"content":{"rendered":"<p>En plus du palais des congr\u00e8s du <a title=\"Vienne : le Futuroscope accueille le P\u00e8re No\u00ebl pour les f\u00eates de fin d\u2019ann\u00e9e\" target=\"_self\" href=\"https:\/\/www.lanouvellerepublique.fr\/vienne\/commune\/chasseneuil-du-poitou\/vienne-le-futuroscope-accueille-le-pere-noel-pour-les-fetes-de-fin-d-annee-1765814577\" rel=\"noopener\">Futuroscope<\/a>, le conseil d\u00e9partemental de <a title=\"Lien vers la page Vienne du site internet de La Nouvelle R\u00e9publique\" target=\"_self\" href=\"https:\/\/www.lanouvellerepublique.fr\/vienne\" rel=\"noopener\">la Vienne<\/a>, r\u00e9uni lundi 15\u00a0d\u00e9cembre 2025, a dress\u00e9 le bilan 2024 de l\u2019Arena Futuroscope. Depuis son ouverture le 7\u00a0avril 2022, la salle de spectacle de Chasseneuil-du-Poitou affiche un d\u00e9marrage fulgurant. \u00ab\u00a0Tous les indicateurs sont au vert.\u00a0L\u2019ensemble de nos revenus augmente, notamment la billetterie\u00a0\u00bb, se r\u00e9jouit St\u00e9phane Pottier, le directeur g\u00e9n\u00e9ral de la soci\u00e9t\u00e9 d\u2019exploitation de l\u2019\u00e9quipement. Preuve en est, le chiffre d\u2019affaire&#8230; <\/p>\n<p>    Cet article a \u00e9t\u00e9 tronqu\u00e9. Abonnez-vous pour lire l&rsquo;article complet sur notre site.<\/p>\n<p style=\"margin: 0 !important; padding: 0 !important; font-size: 12px !important;\">Cet article a \u00e9t\u00e9 tronqu\u00e9. Abonnez-vous pour lire l&rsquo;article complet.<\/p>\n<p>    <a href=\"https:\/\/www.lanouvellerepublique.fr\/abonnements\" style=\"display: inline-block; margin-top: 5px !important; padding: 6px 12px !important; background: #cb1c27; color: white; text-decoration: none; border-radius: 4px; font-size: 12px !important;\" target=\"_blank\" rel=\"noopener\"><br \/>\n      S&rsquo;abonner<br \/>\n    <\/a><\/p>\n","protected":false},"excerpt":{"rendered":"En plus du palais des congr\u00e8s du Futuroscope, le conseil d\u00e9partemental de la Vienne, r\u00e9uni lundi 15\u00a0d\u00e9cembre 2025,&hellip;\n","protected":false},"author":2,"featured_media":602025,"comment_status":"","ping_status":"","sticky":false,"template":"","format":"standard","meta":{"footnotes":""},"categories":[1586],"tags":[1392,11,42195,4156,30456,33,1777,674,1011,27,56519,4387,12,1653,316,25,1584],"class_list":{"0":"post-602024","1":"post","2":"type-post","3":"status-publish","4":"format-standard","5":"has-post-thumbnail","7":"category-europe","8":"tag-a-la-une-local","9":"tag-actualites","10":"tag-chasseneuil-du-poitou","11":"tag-concerts","12":"tag-conseil-departemental","13":"tag-economie","14":"tag-eu","15":"tag-europe","16":"tag-fr","17":"tag-france","18":"tag-futuroscope","19":"tag-loisirs-sportifs","20":"tag-news","21":"tag-poitiers","22":"tag-politique","23":"tag-republique-francaise","24":"tag-vienne"},"share_on_mastodon":{"url":"","error":""},"_links":{"self":[{"href":"https:\/\/www.europesays.com\/fr\/wp-json\/wp\/v2\/posts\/602024","targetHints":{"allow":["GET"]}}],"collection":[{"href":"https:\/\/www.europesays.com\/fr\/wp-json\/wp\/v2\/posts"}],"about":[{"href":"https:\/\/www.europesays.com\/fr\/wp-json\/wp\/v2\/types\/post"}],"author":[{"embeddable":true,"href":"https:\/\/www.europesays.com\/fr\/wp-json\/wp\/v2\/users\/2"}],"replies":[{"embeddable":true,"href":"https:\/\/www.europesays.com\/fr\/wp-json\/wp\/v2\/comments?post=602024"}],"version-history":[{"count":0,"href":"https:\/\/www.europesays.com\/fr\/wp-json\/wp\/v2\/posts\/602024\/revisions"}],"wp:featuredmedia":[{"embeddable":true,"href":"https:\/\/www.europesays.com\/fr\/wp-json\/wp\/v2\/media\/602025"}],"wp:attachment":[{"href":"https:\/\/www.europesays.com\/fr\/wp-json\/wp\/v2\/media?parent=602024"}],"wp:term":[{"taxonomy":"category","embeddable":true,"href":"https:\/\/www.europesays.com\/fr\/wp-json\/wp\/v2\/categories?post=602024"},{"taxonomy":"post_tag","embeddable":true,"href":"https:\/\/www.europesays.com\/fr\/wp-json\/wp\/v2\/tags?post=602024"}],"curies":[{"name":"wp","href":"https:\/\/api.w.org\/{rel}","templated":true}]}}