{"id":602028,"date":"2025-12-16T01:39:14","date_gmt":"2025-12-16T01:39:14","guid":{"rendered":"https:\/\/www.europesays.com\/fr\/602028\/"},"modified":"2025-12-16T01:39:14","modified_gmt":"2025-12-16T01:39:14","slug":"avec-la-crise-de-la-dermatose-les-veterinaires-face-a-un-deferlement-de-haine-liberation","status":"publish","type":"post","link":"https:\/\/www.europesays.com\/fr\/602028\/","title":{"rendered":"avec la crise de la dermatose, les v\u00e9t\u00e9rinaires face \u00e0 un \u00abd\u00e9ferlement de haine\u00bb \u2013 Lib\u00e9ration"},"content":{"rendered":"<p class=\"sc-cPiKLX AiZTS text-element\">De m\u00e9moire de v\u00e9t\u00e9rinaire, elle n\u2019avait \u00abjamais eu \u00e0 travailler dans un climat si tendu\u00bb. Une escorte de cinq motos de gendarmerie pour acc\u00e9der jusqu\u2019au corps de ferme o\u00f9 un cas de<a href=\"https:\/\/www.liberation.fr\/environnement\/agriculture\/dermatose-face-a-la-politique-dabattage-la-confederation-paysanne-appelle-a-des-blocages-partout-en-france-20251212_2SIYWIWNXJEL5H3VMZ76TCN4WI\/\" target=\"_blank\" rel=\"noreferrer noopener\" title=\"https:\/\/www.liberation.fr\/environnement\/agriculture\/dermatose-face-a-la-politique-dabattage-la-confederation-paysanne-appelle-a-des-blocages-partout-en-france-20251212_2SIYWIWNXJEL5H3VMZ76TCN4WI\/\"> dermatose nodulaire contagieuse (DNC)<\/a> a \u00e9t\u00e9 d\u00e9tect\u00e9. Un itin\u00e9raire fait de \u00abpetits chemins parall\u00e8les\u00bb \u00e0 l\u2019abri des regards et un \u00absilence de mort dans la voiture\u00bb. Une cagoule pour se couvrir le visage, conseil des forces de l\u2019ordre pour \u00e9chapper aux dizaines de t\u00e9l\u00e9phones portables dirig\u00e9s vers elle. \u00abJ\u2019\u00e9tais tr\u00e8s tendue, on avait tous peur de prendre des pierres sur la voiture\u00bb avant d\u2019arriver sur place, explique celle qui souhaite rester anonyme par peur de nouvelles menaces. \u00abJ\u2019esp\u00e8re ne plus jamais avoir \u00e0 faire une op\u00e9ration de d\u00e9peuplement du genre.\u00bb Son inqui\u00e9tude est telle que cette v\u00e9t\u00e9rinaire pr\u00e9f\u00e8re taire la r\u00e9gion o\u00f9 elle exerce.<\/p>\n<p class=\"sc-cPiKLX AiZTS text-element\">Ces \u00abd\u00e9peuplements\u00bb \u2013 ou plus simplement, abattage \u2013 se multiplient ces derniers jours en France avec la d\u00e9couverte \u00e0 r\u00e9p\u00e9tition de foyers de<a href=\"https:\/\/www.liberation.fr\/environne&lt;\/p&gt;&lt;\/div&gt;&lt;\/article&gt;&lt;\/div&gt;&lt;div data-fusion-lazy-id=\" f0f8vgvlad832fw=\"\" target=\"_blank\" rel=\"noopener\"><\/p>\n","protected":false},"excerpt":{"rendered":"De m\u00e9moire de v\u00e9t\u00e9rinaire, elle n\u2019avait \u00abjamais eu \u00e0 travailler dans un climat si tendu\u00bb. Une escorte de&hellip;\n","protected":false},"author":2,"featured_media":602029,"comment_status":"","ping_status":"","sticky":false,"template":"","format":"standard","meta":{"footnotes":""},"categories":[2],"tags":[11,2430,71054,1011,27,12,2680,25],"class_list":{"0":"post-602028","1":"post","2":"type-post","3":"status-publish","4":"format-standard","5":"has-post-thumbnail","7":"category-actualites","8":"tag-actualites","9":"tag-auvergne-rhone-alpes","10":"tag-dermatose-nodulaire-contagieuse","11":"tag-fr","12":"tag-france","13":"tag-news","14":"tag-occitanie","15":"tag-republique-francaise"},"share_on_mastodon":{"url":"https:\/\/pubeurope.com\/@fr\/115726697519314043","error":""},"_links":{"self":[{"href":"https:\/\/www.europesays.com\/fr\/wp-json\/wp\/v2\/posts\/602028","targetHints":{"allow":["GET"]}}],"collection":[{"href":"https:\/\/www.europesays.com\/fr\/wp-json\/wp\/v2\/posts"}],"about":[{"href":"https:\/\/www.europesays.com\/fr\/wp-json\/wp\/v2\/types\/post"}],"author":[{"embeddable":true,"href":"https:\/\/www.europesays.com\/fr\/wp-json\/wp\/v2\/users\/2"}],"replies":[{"embeddable":true,"href":"https:\/\/www.europesays.com\/fr\/wp-json\/wp\/v2\/comments?post=602028"}],"version-history":[{"count":0,"href":"https:\/\/www.europesays.com\/fr\/wp-json\/wp\/v2\/posts\/602028\/revisions"}],"wp:featuredmedia":[{"embeddable":true,"href":"https:\/\/www.europesays.com\/fr\/wp-json\/wp\/v2\/media\/602029"}],"wp:attachment":[{"href":"https:\/\/www.europesays.com\/fr\/wp-json\/wp\/v2\/media?parent=602028"}],"wp:term":[{"taxonomy":"category","embeddable":true,"href":"https:\/\/www.europesays.com\/fr\/wp-json\/wp\/v2\/categories?post=602028"},{"taxonomy":"post_tag","embeddable":true,"href":"https:\/\/www.europesays.com\/fr\/wp-json\/wp\/v2\/tags?post=602028"}],"curies":[{"name":"wp","href":"https:\/\/api.w.org\/{rel}","templated":true}]}}