{"id":602030,"date":"2025-12-16T01:40:17","date_gmt":"2025-12-16T01:40:17","guid":{"rendered":"https:\/\/www.europesays.com\/fr\/602030\/"},"modified":"2025-12-16T01:40:17","modified_gmt":"2025-12-16T01:40:17","slug":"trump-sengage-a-garantir-la-securite-de-kiev-et-un-sous-marin-russe-prend-la-maree","status":"publish","type":"post","link":"https:\/\/www.europesays.com\/fr\/602030\/","title":{"rendered":"Trump s\u2019engage \u00e0 garantir la s\u00e9curit\u00e9 de Kiev et un sous-marin russe prend la mar\u00e9e"},"content":{"rendered":"<p>Vous avez rat\u00e9 les derniers \u00e9v\u00e9nements sur la <a href=\"https:\/\/www.20minutes.fr\/monde\/ukraine\/\" class=\"c-link c-link--is-underlined\" target=\"_blank\" rel=\"noopener\">guerre en Ukraine<\/a>\u00a0? 20 Minutes fait le point pour vous tous les soirs. Voici l\u2019essentiel de ce lundi 15\u00a0d\u00e9cembre, au 1.391e jour du conflit.<\/p>\n<p>Le fait du jour<\/p>\n<p>La paix en Ukraine est-elle \u00e0 port\u00e9e de parapheur\u00a0? L\u2019optimisme pr\u00e9dominait en tout cas ce lundi soir du c\u00f4t\u00e9 des n\u00e9gociateurs am\u00e9ricains et ukrainiens apr\u00e8s u<a href=\"https:\/\/www.20minutes.fr\/monde\/ukraine\/4191382-20251214-guerre-ukraine-zelensky-berlin-echanges-diplomatiques-etats-unis\" target=\"_blank\" class=\"c-link c-link--is-underlined\" rel=\"noopener\">n deuxi\u00e8me round de discussion<\/a> \u00e0 Berlin. Les <a href=\"https:\/\/www.20minutes.fr\/monde\/etats-unis\/\" class=\"c-link c-link--is-underlined\" target=\"_blank\" rel=\"noopener\">Etats-Unis<\/a> auraient notamment offert des \u00ab\u00a0garanties de s\u00e9curit\u00e9 tr\u00e8s fortes\u00a0\u00bb pour l\u2019Ukraine, semblables \u00e0 celles de l\u2019article\u00a05 du trait\u00e9 de l\u2019<a href=\"https:\/\/www.20minutes.fr\/monde\/otan\/\" class=\"c-link c-link--is-underlined\" target=\"_blank\" rel=\"noopener\">Otan<\/a>, a dit ce haut responsable am\u00e9ricain.<\/p>\n<p>Cet article, pierre angulaire de l\u2019Organisation du trait\u00e9 de l\u2019Atlantique nord n\u00e9e pendant la guerre froide, pose un principe d\u2019assistance mutuelle dans le cas o\u00f9 l\u2019un des membres est attaqu\u00e9. Dans les faits, il place les Etats concern\u00e9s sous la protection militaire am\u00e9ricaine, notamment nucl\u00e9aire.<\/p>\n<p>\u00ab\u00a0Tout ce dont les Ukrainiens ont besoin selon nous pour se sentir en s\u00e9curit\u00e9 est inclus\u00a0\u00bb dans le volet s\u00e9curit\u00e9 du projet d\u2019accord, a insist\u00e9 le haut responsable pendant un entretien avec la presse. <a href=\"https:\/\/www.20minutes.fr\/monde\/volodymyr-zelensky\/\" class=\"c-link c-link--is-underlined\" target=\"_blank\" rel=\"noopener\">Volodymyr Zelensky<\/a> a lui m\u00eame parl\u00e9 de discussions \u00ab\u00a0productives\u00a0\u00bb, tout en, pr\u00e9cisant qu\u2019il restait des \u00ab\u00a0diff\u00e9rences\u00a0\u00bb sur les \u00e9pineuses questions territoriales.<\/p>\n<p>Ces \u00ab\u00a0progr\u00e8s\u00a0\u00bb devaient \u00eatre abord\u00e9s ce jeudi soir \u00e0 Berlin lors d\u2019un d\u00eener des alli\u00e9s europ\u00e9ens de Kiev, en pr\u00e9sence d\u2019<a href=\"https:\/\/www.20minutes.fr\/politique\/emmanuel-macron\/\" class=\"c-link c-link--is-underlined\" target=\"_blank\" rel=\"noopener\">Emmanuel Macron<\/a>. Un coup de t\u00e9l\u00e9phone de <a href=\"https:\/\/www.20minutes.fr\/dossier\/donald_trump\" class=\"c-link c-link--is-underlined\" target=\"_blank\" rel=\"noopener\">Donald Trump<\/a> aux convives \u00e9tait pr\u00e9vu.<\/p>\n<\/p>\n<p>La d\u00e9claration du jour<\/p>\n<blockquote class=\"mx-m@xs mx-xxl@md color-ultramarine c-citation\">\n<p class=\"font-weight-regular@xs text-italic font-source-serif-pro text-l@xs c-citation__content\">\u00ab\u00a0C\u2019est toujours l\u2019\u00e9ternelle caricature de chars qui arriveraient sur Belfort ou sur Strasbourg. Il n\u2019en est rien. En revanche, on peut \u00eatre d\u00e9sormais d\u00e9fait sans \u00eatre envahi.\u00a0\u00bb<\/p>\n<\/blockquote>\n<p>Le Premier ministre <a href=\"https:\/\/www.20minutes.fr\/politique\/sebastien-lecornu\/\" class=\"c-link c-link--is-underlined\" target=\"_blank\" rel=\"noopener\">S\u00e9bastien Lecornu<\/a> a jou\u00e9 la corde sensible devant les s\u00e9nateurs pour les convaincre d\u2019approuver une hausse de cr\u00e9dits de 6,7\u00a0milliards d\u2019euros pour les arm\u00e9es. \u00ab\u00a0La mani\u00e8re de s\u2019en prendre \u00e0 la nation fran\u00e7aise dans les ann\u00e9es qui viendront sera une mani\u00e8re beaucoup plus hybride que par le pass\u00e9\u00a0\u00bb, a-t-il aussi soulign\u00e9.<\/p>\n<p>Le chiffre du jour<\/p>\n<p>40. Le nombre de nouveaux navires de la flotte fant\u00f4me russe ajout\u00e9 ce lundi \u00e0 la liste des sanctions de l\u2019<a href=\"https:\/\/www.20minutes.fr\/dossier\/ue\" class=\"c-link c-link--is-underlined\" target=\"_blank\" rel=\"noopener\">Union europ\u00e9enne<\/a>. Elle comprend aussi cinq personnes et quatre entit\u00e9s, sanctionn\u00e9es pour avoir favoris\u00e9 l\u2019exportation de p\u00e9trole depuis la <a href=\"https:\/\/www.20minutes.fr\/monde\/russie\/\" class=\"c-link c-link--is-underlined\" target=\"_blank\" rel=\"noopener\">Russie<\/a>.<\/p>\n<p>Les individus cit\u00e9s sont des hommes d\u2019affaires li\u00e9s, directement ou indirectement, aux grandes compagnies p\u00e9troli\u00e8res d\u2019\u00c9tat russes Rosneft et Lukoil. Les entit\u00e9s vis\u00e9es sont des soci\u00e9t\u00e9s de transport maritime bas\u00e9es aux \u00c9mirats arabes unis, au Vietnam et en Russie, propri\u00e9taires ou gestionnaires de p\u00e9troliers sanctionn\u00e9s par l\u2019UE ou par d\u2019autres. L\u2019UE a \u00e9galement d\u00e9cid\u00e9 de sanctionner 12 personnes accus\u00e9es de d\u00e9sinformation ou de propagation de fausses nouvelles, dont un ressortissant franco-russe, Xavier Moreau, \u00ab\u00a0relais de la propagande du Kremlin en Europe\u00a0\u00bb, selon le ministre fran\u00e7ais des Affaires \u00e9trang\u00e8res Jean-No\u00ebl Barrot.<\/p>\n<p>La tendance<\/p>\n<p>N\u00e9gocier n\u2019exclut pas de continuer la bataille. Navale notamment. L\u2019Ukraine affirme avoir frapp\u00e9 un sous-marin russe amarr\u00e9 dans le port de Novorossi\u00efsk en mer Noire. \u00ab\u00a0Pour la premi\u00e8re fois de l\u2019histoire, des drones sous-marins Sub Sea Baby ont fait exploser un sous-marin russe\u00a0\u00bb de classe Kilo, ont annonc\u00e9 les services de s\u00e9curit\u00e9 ukrainiens (SBU) sur Telegram. \u00ab\u00a0A la suite de l\u2019explosion, le sous-marin a subi des dommages critiques et a \u00e9t\u00e9 mis hors service\u00a0\u00bb, ont-ils ajout\u00e9. La Russie n\u2019a pas communiqu\u00e9 dans l\u2019imm\u00e9diat sur ces affirmations de Kiev.<\/p>\n<p>Ce type de sous-marin d\u2019attaque conventionnel est fabriqu\u00e9 depuis les ann\u00e9es\u00a01980. Selon les analystes militaires, la Russie en poss\u00e8de plus d\u2019une trentaine. Depuis le d\u00e9but de la guerre, l\u2019Ukraine a frapp\u00e9 \u00e0 plusieurs reprises avec des drones ou missiles des navires russes dans les eaux de la mer Noire, les for\u00e7ant \u00e0 rester dans sa partie orientale pour y \u00e9chapper.<\/p>\n","protected":false},"excerpt":{"rendered":"Vous avez rat\u00e9 les derniers \u00e9v\u00e9nements sur la guerre en Ukraine\u00a0? 20 Minutes fait le point pour vous&hellip;\n","protected":false},"author":2,"featured_media":602031,"comment_status":"","ping_status":"","sticky":false,"template":"","format":"standard","meta":{"footnotes":""},"categories":[2],"tags":[47,11,672,1898,1073,1011,27,131,74,1916,12,136,25,132,11067,36558,555,135,134],"class_list":{"0":"post-602030","1":"post","2":"type-post","3":"status-publish","4":"format-standard","5":"has-post-thumbnail","7":"category-actualites","8":"tag-actualite","9":"tag-actualites","10":"tag-allemagne","11":"tag-berlin","12":"tag-emmanuel-macron","13":"tag-fr","14":"tag-france","15":"tag-guerre-en-ukraine","16":"tag-monde","17":"tag-moscou","18":"tag-news","19":"tag-otan","20":"tag-republique-francaise","21":"tag-russie","22":"tag-sebastien-lecornu","23":"tag-sous-marin","24":"tag-union-europeenne-ue","25":"tag-vladimir-poutine","26":"tag-volodymyr-zelensky"},"share_on_mastodon":{"url":"https:\/\/pubeurope.com\/@fr\/115726701323514235","error":""},"_links":{"self":[{"href":"https:\/\/www.europesays.com\/fr\/wp-json\/wp\/v2\/posts\/602030","targetHints":{"allow":["GET"]}}],"collection":[{"href":"https:\/\/www.europesays.com\/fr\/wp-json\/wp\/v2\/posts"}],"about":[{"href":"https:\/\/www.europesays.com\/fr\/wp-json\/wp\/v2\/types\/post"}],"author":[{"embeddable":true,"href":"https:\/\/www.europesays.com\/fr\/wp-json\/wp\/v2\/users\/2"}],"replies":[{"embeddable":true,"href":"https:\/\/www.europesays.com\/fr\/wp-json\/wp\/v2\/comments?post=602030"}],"version-history":[{"count":0,"href":"https:\/\/www.europesays.com\/fr\/wp-json\/wp\/v2\/posts\/602030\/revisions"}],"wp:featuredmedia":[{"embeddable":true,"href":"https:\/\/www.europesays.com\/fr\/wp-json\/wp\/v2\/media\/602031"}],"wp:attachment":[{"href":"https:\/\/www.europesays.com\/fr\/wp-json\/wp\/v2\/media?parent=602030"}],"wp:term":[{"taxonomy":"category","embeddable":true,"href":"https:\/\/www.europesays.com\/fr\/wp-json\/wp\/v2\/categories?post=602030"},{"taxonomy":"post_tag","embeddable":true,"href":"https:\/\/www.europesays.com\/fr\/wp-json\/wp\/v2\/tags?post=602030"}],"curies":[{"name":"wp","href":"https:\/\/api.w.org\/{rel}","templated":true}]}}