{"id":602038,"date":"2025-12-16T01:49:17","date_gmt":"2025-12-16T01:49:17","guid":{"rendered":"https:\/\/www.europesays.com\/fr\/602038\/"},"modified":"2025-12-16T01:49:17","modified_gmt":"2025-12-16T01:49:17","slug":"lidl-trek-skjelmose-a-prolonge-jusquen-2028-sports","status":"publish","type":"post","link":"https:\/\/www.europesays.com\/fr\/602038\/","title":{"rendered":"Lidl-Trek : Skjelmose a prolong\u00e9 jusqu&rsquo;en 2028 : Sports"},"content":{"rendered":"<p class=\"date\">\n                                                            Guillaume Marion, Media365, publi\u00e9 le lundi 15 d\u00e9cembre 2025 \u00e0 19h10\n                                                    <\/p>\n<p>Alors que l&rsquo;avenir de Mattias Skjelmose chez Lidl-Trek semblait incertain surtout depuis l&rsquo;arriv\u00e9e de Juan Ayuso, la formation allemande a annonc\u00e9 ce lundi la prolongation du Danois jusqu&rsquo;en 2028.<\/p>\n<p>Entre Mattias Skjelmose et Lidl-Trek, l&rsquo;histoire est bien partie pour durer. En effet, arriv\u00e9 en 2020 en tant que stagiaire au sein de la formation allemande, qui s&rsquo;appelait \u00e0 l&rsquo;\u00e9poque Trek-Segafredo, <strong>le Danois a prolong\u00e9 son contrat jusqu&rsquo;en 2028.<\/strong> La nouvelle a \u00e9t\u00e9 officialis\u00e9e ce lundi et met fin \u00e0 quelques rumeurs qui indiquaient que le natif de Copenhague aurait pu changer d&rsquo;air \u00e0 l&rsquo;issue de l&rsquo;ann\u00e9e 2026, notamment \u00e0 cause de l&rsquo;arriv\u00e9e de Juan Ayuso.<\/p>\n<p>\u00ab Prolonger mon contrat avec Lidl-Trek signifie tout pour moi. Je l&rsquo;ai d\u00e9j\u00e0 dit de nombreuses fois, et je le dirai s\u00fbrement encore beaucoup \u00e0 l&rsquo;avenir. <strong>Cette \u00e9quipe est ma famille, je m&rsquo;y sens chez moi, et je ne me vois pas courir ailleurs<\/strong> \u00bb, a dans un premier temps d\u00e9clar\u00e9 le principal int\u00e9ress\u00e9 qui a remport\u00e9 l&rsquo;Amstel Gold Race cette ann\u00e9e, en devan\u00e7ant Tadej Pogacar et Remco Evenepoel.<\/p>\n<p><strong>Guercilena : \u00ab L&rsquo;un des piliers de notre \u00e9quipe \u00bb<\/strong><\/p>\n<p>\u00ab Grandir avec l&rsquo;\u00e9quipe est quelque chose de vraiment particulier : on ne sait jamais ce que l&rsquo;avenir nous r\u00e9serve, mais le fait d&rsquo;\u00eatre arriv\u00e9 \u00e0 ce moment-l\u00e0, et de sentir aujourd&rsquo;hui que l&rsquo;\u00e9quipe et moi avons grandi ensemble, c&rsquo;est fort. L&rsquo;ambition a toujours \u00e9t\u00e9 l\u00e0, mais il a fallu un peu de temps pour atteindre le niveau que nous visions, et <strong>c&rsquo;est vraiment g\u00e9nial de pouvoir poursuivre cette aventure avec l&rsquo;\u00e9quipe<\/strong> \u00bb, a par la suite d\u00e9clar\u00e9 Skjelmose, sur le site officiel de Lidl-Trek.<\/p>\n<p>\u00ab Mattias est devenu l&rsquo;un des piliers de notre \u00e9quipe. Il a montr\u00e9 qu&rsquo;il pouvait performer au plus haut niveau, aussi bien sur les classiques que sur les courses de trois semaines, et cette polyvalence est extr\u00eamement importante pour nous. (&#8230;) <strong>Avoir Mattias engag\u00e9 pour les prochaines saisons est essentiel pour nos ambitions, et nous sommes ravis de continuer \u00e0 construire avec lui comme l&rsquo;un de nos leaders<\/strong> \u00bb, a pour sa part d\u00e9clar\u00e9 Luca Guercilena, le directeur g\u00e9n\u00e9ral de la formation allemande.<\/p>\n","protected":false},"excerpt":{"rendered":"Guillaume Marion, Media365, publi\u00e9 le lundi 15 d\u00e9cembre 2025 \u00e0 19h10 Alors que l&rsquo;avenir de Mattias Skjelmose chez&hellip;\n","protected":false},"author":2,"featured_media":602039,"comment_status":"","ping_status":"","sticky":false,"template":"","format":"standard","meta":{"footnotes":""},"categories":[1411],"tags":[1154,207,1011,27,60],"class_list":{"0":"post-602038","1":"post","2":"type-post","3":"status-publish","4":"format-standard","5":"has-post-thumbnail","7":"category-cyclisme","8":"tag-cycling","9":"tag-cyclisme","10":"tag-fr","11":"tag-france","12":"tag-sports"},"share_on_mastodon":{"url":"https:\/\/pubeurope.com\/@fr\/115726736677393246","error":""},"_links":{"self":[{"href":"https:\/\/www.europesays.com\/fr\/wp-json\/wp\/v2\/posts\/602038","targetHints":{"allow":["GET"]}}],"collection":[{"href":"https:\/\/www.europesays.com\/fr\/wp-json\/wp\/v2\/posts"}],"about":[{"href":"https:\/\/www.europesays.com\/fr\/wp-json\/wp\/v2\/types\/post"}],"author":[{"embeddable":true,"href":"https:\/\/www.europesays.com\/fr\/wp-json\/wp\/v2\/users\/2"}],"replies":[{"embeddable":true,"href":"https:\/\/www.europesays.com\/fr\/wp-json\/wp\/v2\/comments?post=602038"}],"version-history":[{"count":0,"href":"https:\/\/www.europesays.com\/fr\/wp-json\/wp\/v2\/posts\/602038\/revisions"}],"wp:featuredmedia":[{"embeddable":true,"href":"https:\/\/www.europesays.com\/fr\/wp-json\/wp\/v2\/media\/602039"}],"wp:attachment":[{"href":"https:\/\/www.europesays.com\/fr\/wp-json\/wp\/v2\/media?parent=602038"}],"wp:term":[{"taxonomy":"category","embeddable":true,"href":"https:\/\/www.europesays.com\/fr\/wp-json\/wp\/v2\/categories?post=602038"},{"taxonomy":"post_tag","embeddable":true,"href":"https:\/\/www.europesays.com\/fr\/wp-json\/wp\/v2\/tags?post=602038"}],"curies":[{"name":"wp","href":"https:\/\/api.w.org\/{rel}","templated":true}]}}