{"id":602044,"date":"2025-12-16T01:52:33","date_gmt":"2025-12-16T01:52:33","guid":{"rendered":"https:\/\/www.europesays.com\/fr\/602044\/"},"modified":"2025-12-16T01:52:33","modified_gmt":"2025-12-16T01:52:33","slug":"artscafe-en-armagnac-jeanne-delecluse-explore-lecriture-photographique-et-le-recit-par-limage","status":"publish","type":"post","link":"https:\/\/www.europesays.com\/fr\/602044\/","title":{"rendered":"Arts\u2019caf\u00e9 en Armagnac\u00a0: Jeanne Delecluse explore l\u2019\u00e9criture photographique et le r\u00e9cit par l\u2019image"},"content":{"rendered":"<p>\n                                                                    l&rsquo;essentiel<br \/>\n                                                                Lors du dernier Arts\u2019caf\u00e9 2025, Jeanne Delecluse a partag\u00e9 sa d\u00e9marche artistique autour de la photographie comme langage narratif, m\u00ealant po\u00e9sie, intimit\u00e9 et r\u00e9flexion contemporaine.\n                            <\/p>\n<p>Les Arts\u2019caf\u00e9 initi\u00e9s par les Chemins d\u2019art en Armagnac connaissent toujours un franc succ\u00e8s. \u00c0 la m\u00e9diath\u00e8que, pour l\u2019ultime rendez-vous de 2025, Jeanne Delecluse, artiste photographe et amoureuse de l\u2019art contemporain, est venue \u00e9voquer l\u2019\u00e9criture photographique, sa perception, sa compr\u00e9hension et sa d\u00e9marche afin de cr\u00e9er ses projets po\u00e9tiques.<\/p>\n<p>L\u2019ancienne graphiste, install\u00e9e au Village des brocanteurs \u00e0 Lectoure, lance un d\u00e9fi avec l\u2019original langage\u00a0: \u00ab\u00a0Comment se raconter des histoires \u00e0 partir d\u2019images, rien de plus actuel\u00a0\u00bb. Ses photographies sont fortes et se suffisent \u00e0 elles-m\u00eames\u00a0; elles sont utilis\u00e9es comme des mots. Elles racontent une histoire, un travail artistique fait d\u2019histoires po\u00e9tiques.<\/p>\n<p>En regardant les photos qu\u2019elle a tri\u00e9es, l\u2019histoire vient \u00e0 Jeanne. La photo est son stylo, sa p\u00e2te d\u2019\u00e9criture, joyeuse m\u00eame lorsqu\u2019elle aborde des sujets intimes tels que l\u2019amour et le deuil. Son travail transcende la compr\u00e9hension des choses.<\/p>\n<p>Elle d\u00e9bute avec \u00ab\u00a0Tu m\u2019es cerf\u00a0\u00bb, le roi de la for\u00eat, symbole du masculin. Au d\u00e9c\u00e8s de son p\u00e8re, avec la s\u00e9rie \u00ab\u00a0Vitamine\u00a0\u00bb, elle a souhait\u00e9 se faire du bien. Le chemin visuel se d\u00e9place dans plusieurs pays et traverse un univers calme, \u00e0 l\u2019instar d\u2019un rideau tr\u00e8s color\u00e9 avec un Christ au sol.<\/p>\n<p>\u00c0 l\u2019ancienne et abandonn\u00e9e coop\u00e9rative agricole de Fleurance, elle s\u2019est retrouv\u00e9e face \u00e0 des sujets d\u2019amour qui nous font tous r\u00e9fl\u00e9chir, dans des locaux sordides et tourment\u00e9s, au c\u0153ur de l\u2019univers industriel de la rue des Amours. Chacun a sa propre perception de la relation et de l\u2019amour.<\/p>\n<p>De son exp\u00e9rience d\u2019artiste, elle a con\u00e7u un livret aux pages d\u00e9tachables. Avec \u00ab\u00a0Silence\u00a0\u00bb, elle souhaitait r\u00e9aliser une exposition toute blanche, compos\u00e9e de photos carr\u00e9es \u00e9voquant la lumi\u00e8re et se r\u00e9pondant entre elles, une s\u00e9rie enveloppante.<\/p>\n<p>Dans son futur reportage \u00ab\u00a0D\u2019amour et d\u2019eau fra\u00eeche\u00a0\u00bb, en collaboration avec un mara\u00eecher bio, elle \u00e9voque un hectare de terre permettant de nourrir 360 personnes. \u00ab\u00a0Un travail global qui reste Moi\u00a0\u00bb, conclut la photographe.<\/p>\n<p>Apr\u00e8s l\u2019assembl\u00e9e g\u00e9n\u00e9rale pr\u00e9vue le vendredi 30\u00a0janvier, Julien Dubuc animera le prochain Arts\u2019caf\u00e9 le 21\u00a0f\u00e9vrier 2026, consacr\u00e9 \u00e0 l\u2019implication du num\u00e9rique.<\/p>\n","protected":false},"excerpt":{"rendered":"l&rsquo;essentiel Lors du dernier Arts\u2019caf\u00e9 2025, Jeanne Delecluse a partag\u00e9 sa d\u00e9marche artistique autour de la photographie comme&hellip;\n","protected":false},"author":2,"featured_media":602045,"comment_status":"","ping_status":"","sticky":false,"template":"","format":"standard","meta":{"footnotes":""},"categories":[1358],"tags":[1348,1384,1385,71459,872,1386,58,59,1011,27,11328],"class_list":{"0":"post-602044","1":"post","2":"type-post","3":"status-publish","4":"format-standard","5":"has-post-thumbnail","7":"category-arts-et-design","8":"tag-arts","9":"tag-arts-and-design","10":"tag-arts-et-design","11":"tag-condom","12":"tag-culture-et-loisirs","13":"tag-design","14":"tag-divertissement","15":"tag-entertainment","16":"tag-fr","17":"tag-france","18":"tag-gers"},"share_on_mastodon":{"url":"https:\/\/pubeurope.com\/@fr\/115726748426691434","error":""},"_links":{"self":[{"href":"https:\/\/www.europesays.com\/fr\/wp-json\/wp\/v2\/posts\/602044","targetHints":{"allow":["GET"]}}],"collection":[{"href":"https:\/\/www.europesays.com\/fr\/wp-json\/wp\/v2\/posts"}],"about":[{"href":"https:\/\/www.europesays.com\/fr\/wp-json\/wp\/v2\/types\/post"}],"author":[{"embeddable":true,"href":"https:\/\/www.europesays.com\/fr\/wp-json\/wp\/v2\/users\/2"}],"replies":[{"embeddable":true,"href":"https:\/\/www.europesays.com\/fr\/wp-json\/wp\/v2\/comments?post=602044"}],"version-history":[{"count":0,"href":"https:\/\/www.europesays.com\/fr\/wp-json\/wp\/v2\/posts\/602044\/revisions"}],"wp:featuredmedia":[{"embeddable":true,"href":"https:\/\/www.europesays.com\/fr\/wp-json\/wp\/v2\/media\/602045"}],"wp:attachment":[{"href":"https:\/\/www.europesays.com\/fr\/wp-json\/wp\/v2\/media?parent=602044"}],"wp:term":[{"taxonomy":"category","embeddable":true,"href":"https:\/\/www.europesays.com\/fr\/wp-json\/wp\/v2\/categories?post=602044"},{"taxonomy":"post_tag","embeddable":true,"href":"https:\/\/www.europesays.com\/fr\/wp-json\/wp\/v2\/tags?post=602044"}],"curies":[{"name":"wp","href":"https:\/\/api.w.org\/{rel}","templated":true}]}}