{"id":602055,"date":"2025-12-16T01:59:30","date_gmt":"2025-12-16T01:59:30","guid":{"rendered":"https:\/\/www.europesays.com\/fr\/602055\/"},"modified":"2025-12-16T01:59:30","modified_gmt":"2025-12-16T01:59:30","slug":"trente-cinq-pays-participeront-a-la-prochaine-edition-du-concours-de-chant","status":"publish","type":"post","link":"https:\/\/www.europesays.com\/fr\/602055\/","title":{"rendered":"Trente-cinq pays participeront \u00e0 la prochaine \u00e9dition du concours de chant"},"content":{"rendered":"<p>C\u2019est act\u00e9\u00a0: trente-cinq pays participeront \u00e0 la prochaine \u00e9dition de l\u2019<a href=\"https:\/\/www.20minutes.fr\/arts-stars\/culture\/eurovision\/\" class=\"c-link c-link--is-underlined\" target=\"_blank\" rel=\"noopener\">Eurovision<\/a>, qui se tiendra en mai\u00a02026 \u00e0 Vienne (Autriche), alors que cinq pays ont d\u2019ores et d\u00e9j\u00e0 <a href=\"https:\/\/www.20minutes.fr\/arts-stars\/culture\/eurovision\/4189790-20251204-festival-domine-interets-geopolitiques-pourquoi-jeudi-coup-tonnerre-eurovision\" class=\"c-link c-link--is-underlined\" target=\"_blank\" rel=\"noopener\">annonc\u00e9 leurs boycotts<\/a> en raison de la <a href=\"https:\/\/www.20minutes.fr\/arts-stars\/culture\/eurovision\/4186417-20251118-eurovision-2026-diffuseur-autrichien-espere-parvenir-compromis-participation-israel\" class=\"c-link c-link--is-underlined\" target=\"_blank\" rel=\"noopener\">participation d\u2019Isra\u00ebl<\/a>, selon la liste officielle des participants publi\u00e9e lundi 15\u00a0d\u00e9cembre 2025.<\/p>\n<\/p>\n<p>Ce concours de chanson est secou\u00e9 depuis plusieurs mois par une controverse sur la participation d\u2019Isra\u00ebl en raison de la <a href=\"https:\/\/www.20minutes.fr\/monde\/4188731-20251129-guerre-entre-israel-hamas-cause-plus-70-000-morts-bande-gaza\" class=\"c-link c-link--is-underlined\" target=\"_blank\" rel=\"noopener\">guerre dans la bande de Gaza<\/a>, mais aussi d\u2019<a href=\"https:\/\/www.20minutes.fr\/arts-stars\/culture\/eurovision\/4155093-20250523-eurovision-2025-face-polemiques-patron-concours-revient-systeme-votes\" class=\"c-link c-link--is-underlined\" target=\"_blank\" rel=\"noopener\">accusations d\u2019irr\u00e9gularit\u00e9s dans les votes<\/a> lors de pr\u00e9c\u00e9dentes \u00e9ditions.<\/p>\n<p>Une copie revue et amend\u00e9e<\/p>\n<p>L\u2019Union Europ\u00e9enne de Radio-T\u00e9l\u00e9vision (UER), qui organise l\u2019\u00e9v\u00e9nement, a r\u00e9cemment mis en place <a href=\"https:\/\/www.20minutes.fr\/arts-stars\/culture\/4187075-20251121-eurovision-2026-organisateurs-changent-regles-vote-apres-controverse-autour-israel\" class=\"c-link c-link--is-underlined\" target=\"_blank\" rel=\"noopener\">un ensemble de r\u00e8gles actualis\u00e9<\/a> afin de tenter de r\u00e9pondre aux critiques et de pr\u00e9server \u00ab\u00a0l\u2019\u00e9quit\u00e9, l\u2019int\u00e9grit\u00e9 et l\u2019esprit de comp\u00e9tition\u00a0\u00bb, souligne-t-elle dans un communiqu\u00e9.<\/p>\n<p>Il s\u2019agit notamment \u00ab\u00a0de renforcer les garanties contre la promotion externe indue des candidatures, de limiter le vote individuel pour encourager un large soutien \u00e0 de nombreuses lois, de r\u00e9tablir les jurys professionnels au stade des demi-finales avec des membres de jury \u00e9largis et plus diversifi\u00e9s, et de meilleures mesures techniques pour d\u00e9tecter et emp\u00eacher les activit\u00e9s de vote coordonn\u00e9es ou frauduleuses\u00a0\u00bb.<\/p>\n<p>Petites d\u00e9cisions, grands effets<\/p>\n<p>D\u00e9but d\u00e9cembre\u00a02025, la majorit\u00e9 des membres diffuseurs de l\u2019UER avait finalement estim\u00e9 qu\u2019il n\u2019\u00e9tait <a href=\"https:\/\/www.20minutes.fr\/arts-stars\/culture\/4189782-20251204-israel-exclu-eurovision-2026-pays-bas-annoncent-retrait\" class=\"c-link c-link--is-underlined\" target=\"_blank\" rel=\"noopener\">pas n\u00e9cessaire de voter sur la participation d\u2019Isra\u00ebl<\/a> avec sa t\u00e9l\u00e9vision publique KAN, estimant que les nouvelles r\u00e8gles \u00e9taient suffisantes.<\/p>\n<p>Mais cette d\u00e9cision avait instantan\u00e9ment d\u00e9clench\u00e9 les annonces de boycott des diffuseurs de l\u2019Espagne, qui \u00e9taient un des cinq plus importants contributeurs financiers du concours, des Pays-Bas, de l\u2019Irlande et de la Slov\u00e9nie, et, <a href=\"https:\/\/www.20minutes.fr\/arts-stars\/culture\/eurovision\/4190884-20251210-eurovision-islande-annonce-tour-boycott-concours-2026\" class=\"c-link c-link--is-underlined\" target=\"_blank\" rel=\"noopener\">quelques jours plus tard, de l\u2019Islande<\/a>.<\/p>\n<p>Dans l\u2019attente de la publication de la liste officielle des diffuseurs participants, le directeur de l\u2019\u00e9v\u00e8nement Martin Green avait d\u00e9j\u00e0 estim\u00e9, le 5\u00a0d\u00e9cembre, qu\u2019environ cinq pays boycotteraient l\u2019Eurovision et qu\u2019il y aurait 35 participants.<\/p>\n<p>Cinq absents et trois \u00ab\u00a0revenants\u00a0\u00bb<\/p>\n<p>Et c\u2019est d\u00e9sormais officiel\u00a0: \u00ab\u00a035 diffuseurs enverront des chansons et des artistes \u00e0 Vienne entre le 12 et le 16\u00a0mai 2026\u00a0\u00bb, a indiqu\u00e9 l\u2019UER. Parmi lesquels ceux de <a href=\"https:\/\/www.20minutes.fr\/monde\/bulgarie\/\" class=\"c-link c-link--is-underlined\" target=\"_blank\" rel=\"noopener\">Bulgarie<\/a>, de <a href=\"https:\/\/www.20minutes.fr\/dossier\/roumanie\" class=\"c-link c-link--is-underlined\" target=\"_blank\" rel=\"noopener\">Roumanie <\/a>et de <a href=\"https:\/\/www.20minutes.fr\/dossier\/moldavie\" class=\"c-link c-link--is-underlined\" target=\"_blank\" rel=\"noopener\">Moldavie<\/a>, qui feront ainsi leur retour apr\u00e8s \u2013 respectivement \u2013 trois, deux et un ans d\u2019absence.<\/p>\n<p>\u00ab\u00a0Alors que nous nous appr\u00eatons \u00e0 c\u00e9l\u00e9brer les 70 ans du Concours Eurovision de la chanson, celui-ci reste un lieu o\u00f9 les voix, les cultures, les langues et la musique se m\u00ealent\u00a0\u00bb, a affirm\u00e9 M. Green, cit\u00e9 dans le communiqu\u00e9.<\/p>\n<p>Un parcours millim\u00e9tr\u00e9<\/p>\n<p>Quinze chansons participeront \u00e0 la premi\u00e8re demi-finale le 12\u00a0mai et 15 chansons \u00e0 la deuxi\u00e8me demi-finale le 14\u00a0mai 2026. Vingt chansons rejoindront, lors de la finale du 16\u00a0mai, les candidatures pr\u00e9qualifi\u00e9es de l\u2019<a href=\"https:\/\/www.20minutes.fr\/dossier\/autriche\" class=\"c-link c-link--is-underlined\" target=\"_blank\" rel=\"noopener\">Autriche<\/a>, en tant que pays h\u00f4te, et des plus gros contributeurs financiers \u00e0 l\u2019organisation du concours\u00a0: la France, l\u2019Allemagne, l\u2019Italie et le Royaume-Uni.<\/p>\n<p>Pour la premi\u00e8re fois depuis\u00a02022, les jurys d\u00e9sign\u00e9s par les 35 diffuseurs participants reviendront voter lors des demi-finales. Leurs points seront combin\u00e9s aux r\u00e9sultats d\u2019un vote du public pour d\u00e9signer les 10 chansons qui se qualifieront pour chaque demi-finale.<\/p>\n<p><a href=\"https:\/\/www.20minutes.fr\/arts-stars\/culture\/eurovision\/\" class=\"c-link c-btn c-btn--primary\" target=\"_blank\" rel=\"noopener\">Notre dossier \u00ab Eurovision 2026 \u00bb<\/a><\/p>\n<p>Le tirage au sort pour d\u00e9terminer dans quelle demi-finale chaque chanson sera interpr\u00e9t\u00e9e aura lieu \u00e0 Vienne le 12\u00a0janvier 2026. Vienne accueille le concours pour la troisi\u00e8me fois. L\u2019\u00e9v\u00e9nement a \u00e9t\u00e9 organis\u00e9 pour la premi\u00e8re fois par l\u2019ORF dans la capitale autrichienne en\u00a01967 apr\u00e8s la victoire d\u2019Udo J\u00fcrgens l\u2019ann\u00e9e pr\u00e9c\u00e9dente.<\/p>\n","protected":false},"excerpt":{"rendered":"C\u2019est act\u00e9\u00a0: trente-cinq pays participeront \u00e0 la prochaine \u00e9dition de l\u2019Eurovision, qui se tiendra en mai\u00a02026 \u00e0 Vienne&hellip;\n","protected":false},"author":2,"featured_media":602056,"comment_status":"","ping_status":"","sticky":false,"template":"","format":"standard","meta":{"footnotes":""},"categories":[8],"tags":[7976,1695,17348,903,58,59,123,51844,1011,27,665,516,12528,664,873,934,21170,252],"class_list":{"0":"post-602055","1":"post","2":"type-post","3":"status-publish","4":"format-standard","5":"has-post-thumbnail","7":"category-divertissement","8":"tag-boycott","9":"tag-chanson","10":"tag-chant","11":"tag-concours","12":"tag-divertissement","13":"tag-entertainment","14":"tag-espagne","15":"tag-eurovision-2026","16":"tag-fr","17":"tag-france","18":"tag-gaza","19":"tag-irlande","20":"tag-islande","21":"tag-israel","22":"tag-musique","23":"tag-pays-bas","24":"tag-slovenie","25":"tag-television"},"share_on_mastodon":{"url":"https:\/\/pubeurope.com\/@fr\/115726776497334444","error":""},"_links":{"self":[{"href":"https:\/\/www.europesays.com\/fr\/wp-json\/wp\/v2\/posts\/602055","targetHints":{"allow":["GET"]}}],"collection":[{"href":"https:\/\/www.europesays.com\/fr\/wp-json\/wp\/v2\/posts"}],"about":[{"href":"https:\/\/www.europesays.com\/fr\/wp-json\/wp\/v2\/types\/post"}],"author":[{"embeddable":true,"href":"https:\/\/www.europesays.com\/fr\/wp-json\/wp\/v2\/users\/2"}],"replies":[{"embeddable":true,"href":"https:\/\/www.europesays.com\/fr\/wp-json\/wp\/v2\/comments?post=602055"}],"version-history":[{"count":0,"href":"https:\/\/www.europesays.com\/fr\/wp-json\/wp\/v2\/posts\/602055\/revisions"}],"wp:featuredmedia":[{"embeddable":true,"href":"https:\/\/www.europesays.com\/fr\/wp-json\/wp\/v2\/media\/602056"}],"wp:attachment":[{"href":"https:\/\/www.europesays.com\/fr\/wp-json\/wp\/v2\/media?parent=602055"}],"wp:term":[{"taxonomy":"category","embeddable":true,"href":"https:\/\/www.europesays.com\/fr\/wp-json\/wp\/v2\/categories?post=602055"},{"taxonomy":"post_tag","embeddable":true,"href":"https:\/\/www.europesays.com\/fr\/wp-json\/wp\/v2\/tags?post=602055"}],"curies":[{"name":"wp","href":"https:\/\/api.w.org\/{rel}","templated":true}]}}