{"id":602061,"date":"2025-12-16T02:02:15","date_gmt":"2025-12-16T02:02:15","guid":{"rendered":"https:\/\/www.europesays.com\/fr\/602061\/"},"modified":"2025-12-16T02:02:15","modified_gmt":"2025-12-16T02:02:15","slug":"en-australie-apres-lattaque-antisemite-de-sydney-nous-sommes-endeuilles-mais-pas-surpris-liberation","status":"publish","type":"post","link":"https:\/\/www.europesays.com\/fr\/602061\/","title":{"rendered":"En Australie, apr\u00e8s l\u2019attaque antis\u00e9mite de Sydney : \u00abNous sommes endeuill\u00e9s mais pas surpris &#8211; Lib\u00e9ration"},"content":{"rendered":"<ol>\n<li><a href=\"https:\/\/news.google.com\/rss\/articles\/CBMijAJBVV95cUxOUFZvbEhJSGw5elN5ZkdkZFR4dTYzNk5xSXdlaUs0WUpPemk0OGZwdlE1dUFNY0hlUHZpbWx3MVRCeF9SZkUzbTdZYVliVWtwQjRHRk1NbGFhUnRvN2dPV0ZtYkhfV2hqMmZYSDBjSERJajQwV3RPU1NIZml6aHRXRXZDNHpjQ1Q2MnN5TnhBUC1LanE3MC1KU0poRk1oekRwNTV2NV9rYzNyMDMtMXJyZWF2WTZ3R213T3lCTFBvdmlYQlp4VS1kNldFODhRVk8tMm5ZMVRaMkhXNURRNGd0ZWFYTG8zMWxrQXg5QXI1dzQwOXVhQXFFdnQtb242VVg5VDVpeS13S2dvSDJ6?oc=5\" target=\"_blank\" rel=\"noopener\">En Australie, apr\u00e8s l\u2019attaque antis\u00e9mite de Sydney : \u00abNous sommes endeuill\u00e9s mais pas surpris<\/a>&nbsp;&nbsp;Lib\u00e9ration<\/li>\n<li><a href=\"https:\/\/news.google.com\/rss\/articles\/CBMi-gFBVV95cUxOcDhpdDBMbkc0bkYydl9GaERIVF9VUXUwTGJjb0hqRFVUNGt4cEVzeHg1RjJQbHF4M1U2eXB0NTZGT2RIY3o2UEpUTGdjcmQyamxlREVvMnltcDZBb2ZSUFMxTUc0a3lhMEY3NW1jZ2lkM0RJdzZPbkxCTDhfX2N4Nk9pTm1RYnZwRFktdDBCdVExZGYtU21HemRVbnRfMlZOT3Q4TFlqYTRJRGFzOC14MEhhSGR2NUEtYkpmR0dnTlQtNXNKeWlJc0tIZ1V3WjdyY3dnX0NuaURMNHNyTXJRckIzaktyX2N3Z2RJWnczRjBkdWtZSVBubTJB?oc=5\" target=\"_blank\" rel=\"noopener\">EN DIRECT, attentat en Australie : le PNAT ouvre une enqu\u00eate apr\u00e8s la mort du Fran\u00e7ais Dan Elkayam<\/a>&nbsp;&nbsp;Le Monde.fr<\/li>\n<li><a href=\"https:\/\/news.google.com\/rss\/articles\/CBMi1wFBVV95cUxOYU1obmlyY0RRTndVUkk2a2s4VnVjSWUtSk1EeVp5T096N2I3eDlKUm5TTDhCNzlieDkzZS1vZVVKOG5IY2FfeHltNkJjS05IemtWbE5TaUtfa3pVaG4wUDJ6Y1YwWlBjY1Zld2gtbEh5b2RyNExvZmNSMTRMVXo0RjZCaHMtMlJDc0pzMnM3ZlVUcFlCZUM4ek45RXpaQXhVVnJsVkV4alVIbTVub1RFUDVub2tLUnRMUkxsZDVZMUJybDNKeVMwbFp5UmdfYVFlZ1l4SlktOA?oc=5\" target=\"_blank\" rel=\"noopener\">\u00ab L\u2019id\u00e9ologie de l\u2019Etat islamique \u00bb accus\u00e9e pour l\u2019attentat \u00e0 Sydney<\/a>&nbsp;&nbsp;20 Minutes<\/li>\n<li><a href=\"https:\/\/news.google.com\/rss\/articles\/CBMixAFBVV95cUxPSk5tNGhhQ1NqSGFBLXVRTkhkc1FUNjFnX3FGSmV0VG9MRHd1Mi00VHF5OGtsNDVfX1B4NElOSktzZGJsU0xFb2tMZWVyS3p6RHZ4cml4OUVfc3hxcmkyWV9JdmhtS2pWTjZXajBZc1g3R2N3Z21YcXFYMDF2b0ZMN3kzaXVRTGJCUGd4enFxdWR1akROSmJHZ292S2N2bW50MXNhemNDRFA1ZzVlX3liOUNaRW9KQlJUMXp1NmxxTWxQT3VX?oc=5\" target=\"_blank\" rel=\"noopener\">Tuerie de Bondi Beach : ces menaces qui planent sur la communaut\u00e9 juive en France<\/a>&nbsp;&nbsp;Mediapart<\/li>\n<li><a href=\"https:\/\/news.google.com\/rss\/articles\/CBMi5wFBVV95cUxONFF0MU1fWFpRRGpmckVBYzJEM1AyWXRMeVhCQ1BTejR3SkNqWGZzSVR0SVhYNXFjZGQ3XzdLMmgxdFl2SGNfZ01yQjh4d19IaHd6dFY2aF9QZHZmdDlubGlfRmxabk5BZ3VtWktKRDVHVEdBQXh6SUVycWtNSXhvVDhwWU5zVjFLUmw3NzVOUzVEZEpPSnF1d3hod2hRQ3JRVHc2eVN4N0wwWXd0aS0xaDVBbHdQWkNLQWhkYktmS0d2ZHhtYzVLMlkyd1pTRzBhLW05bjVmaGVhSWQ5Ykx6cHZNNzhJLUE?oc=5\" target=\"_blank\" rel=\"noopener\">Netanyahu a trouv\u00e9 le responsable de l\u2019attaque en Australie et il le cible sans m\u00e9nagement<\/a>&nbsp;&nbsp;Le HuffPost<\/li>\n<\/ol>\n","protected":false},"excerpt":{"rendered":"En Australie, apr\u00e8s l\u2019attaque antis\u00e9mite de Sydney : \u00abNous sommes endeuill\u00e9s mais pas surpris&nbsp;&nbsp;Lib\u00e9ration EN DIRECT, attentat en&hellip;\n","protected":false},"author":2,"featured_media":602062,"comment_status":"","ping_status":"","sticky":false,"template":"","format":"standard","meta":{"footnotes":""},"categories":[5],"tags":[11,71441,5035,1011,27,14,12,28],"class_list":{"0":"post-602061","1":"post","2":"type-post","3":"status-publish","4":"format-standard","5":"has-post-thumbnail","7":"category-international","8":"tag-actualites","9":"tag-attentat-antisemite-sydney","10":"tag-australie","11":"tag-fr","12":"tag-france","13":"tag-international","14":"tag-news","15":"tag-world"},"share_on_mastodon":{"url":"https:\/\/pubeurope.com\/@fr\/115726787865129684","error":""},"_links":{"self":[{"href":"https:\/\/www.europesays.com\/fr\/wp-json\/wp\/v2\/posts\/602061","targetHints":{"allow":["GET"]}}],"collection":[{"href":"https:\/\/www.europesays.com\/fr\/wp-json\/wp\/v2\/posts"}],"about":[{"href":"https:\/\/www.europesays.com\/fr\/wp-json\/wp\/v2\/types\/post"}],"author":[{"embeddable":true,"href":"https:\/\/www.europesays.com\/fr\/wp-json\/wp\/v2\/users\/2"}],"replies":[{"embeddable":true,"href":"https:\/\/www.europesays.com\/fr\/wp-json\/wp\/v2\/comments?post=602061"}],"version-history":[{"count":0,"href":"https:\/\/www.europesays.com\/fr\/wp-json\/wp\/v2\/posts\/602061\/revisions"}],"wp:featuredmedia":[{"embeddable":true,"href":"https:\/\/www.europesays.com\/fr\/wp-json\/wp\/v2\/media\/602062"}],"wp:attachment":[{"href":"https:\/\/www.europesays.com\/fr\/wp-json\/wp\/v2\/media?parent=602061"}],"wp:term":[{"taxonomy":"category","embeddable":true,"href":"https:\/\/www.europesays.com\/fr\/wp-json\/wp\/v2\/categories?post=602061"},{"taxonomy":"post_tag","embeddable":true,"href":"https:\/\/www.europesays.com\/fr\/wp-json\/wp\/v2\/tags?post=602061"}],"curies":[{"name":"wp","href":"https:\/\/api.w.org\/{rel}","templated":true}]}}