{"id":602075,"date":"2025-12-16T02:13:18","date_gmt":"2025-12-16T02:13:18","guid":{"rendered":"https:\/\/www.europesays.com\/fr\/602075\/"},"modified":"2025-12-16T02:13:18","modified_gmt":"2025-12-16T02:13:18","slug":"ferme-vingt-ans-de-rang-le-portail-sud-du-jardin-des-plantes-rouvre","status":"publish","type":"post","link":"https:\/\/www.europesays.com\/fr\/602075\/","title":{"rendered":"Ferm\u00e9 vingt ans de rang, le portail sud du Jardin des plantes rouvre"},"content":{"rendered":"<p>\n                                                                Au terme de cinq ans de r\u00e9flexion, recherche et chantier, l\u2019ouvrage a \u00e9t\u00e9 r\u00e9nov\u00e9 pour quelque 335 00 \u20ac. Il \u00e9t\u00e9 remis en fonctionnement ce 15d\u00e9cembre au tout d\u00e9but de l\u2019apr\u00e8s-midi.\n                            <\/p>\n<p>Les Montpelli\u00e9rains de moins de vingt ans ne l\u2019ont pas connu. Mais pour les plus anciens, cette r\u00e9ouverture-l\u00e0 \u00e0 un go\u00fbt d\u00e9licat. Celui du bonheur, simple, de pouvoir \u00e0 nouveau, emprunter le portail sud du Jardin des plantes. Un ouvrage ferm\u00e9 depuis vingt ans et qui vient de rouvrir au terme d\u2019un chantier tr\u00e8s technique.<\/p>\n<p>Depuis ce 15 d\u00e9cembre, il est donc possible de p\u00e9n\u00e9trer dans le plus vieux jardin botanique de l\u2019Hexagone (1593) depuis le haut du boulevard Henri-IV.<\/p>\n<p>\u00a0<\/p>\n<p>Une suite logique de travaux jusqu\u2019en 2027<\/p>\n<p>Un retour salu\u00e9 par les \u00e9diles et le corps universitaire. Et qui s\u2018inscrit dans une suite, logique, lanc\u00e9e en 2021 et devant s\u2019achever au cours de 2027. Laquelle comprend la restauration du conservatoire d\u2019anatomie de la facult\u00e9 de m\u00e9decine, la r\u00e9novation de l\u2019amphith\u00e9\u00e2tre d\u2019anatomie, cette restauration du portail pour 344\u2005000 \u20ac, la restauration de la noria nord, des canalisations et du b\u00e2timent de l\u2019intendance de ce m\u00eame jardin et la cr\u00e9ation, au rez-de-chauss\u00e9e de l\u2019institut de botanique (il dispose du plus important herbier d\u2019Europe), d\u2019un espace mus\u00e9ographique. Cela pour une enveloppe globale d\u2019un peu plus de dix millions d\u2019euros.<\/p>\n<p>Preuve, comme l\u2018a rappel\u00e9 le maire Micha\u00ebl Delafosse qu\u2019il s\u2019agit l\u00e0 \u00ab\u00a0d\u2019une vieille histoire entre l\u2019universit\u00e9 et la ville\u00a0\u00bb.\u00a0Avec la r\u00e9ouverture de l\u2019entr\u00e9e sud, voil\u00e0 la ville pouvant \u00e0 nouveau \u00ab\u2005entrer dans ce jardin\u2005\u00bb, comme l\u2019avait souhait\u00e9 Guillaume Zo\u00eb Granier, le maire \u00e0 l\u2019initiative de cette cr\u00e9ation, en 1841 (*). \u00c0 une \u00e9poque o\u00f9 seuls les carabins et mandarins de la fac de m\u00e9decine, mais aussi les \u00e9tudiants en botanique, avaient le droit de fouler les all\u00e9es du site de 4,6 ha.<\/p>\n<p>Barreaux en pointe de lances, vasque de bronze, piliers, chasse-roues, couronnement, pilastres et panneaux, ouvrants, parvis\u2026 Tout a \u00e9t\u00e9 minutieusement restaur\u00e9. Les parties m\u00e9talliques retrouvant ensuite le gris originel, dissimul\u00e9 sous d\u2019innombrables autres couches de teintes douteuses.<\/p>\n<p>N\u00e9cessaire touche de modernit\u00e9. Une fois les ouvrants franchis, une rampe en douce courbe permet aux personnes \u00e0 mobilit\u00e9 r\u00e9duite de rejoindre le jardin.<br \/>D\u00e9sormais, la prochaine \u00e9tape devrait porter sur l\u2019\u00e9tiquetage (en 2026) des 2\u2005679 esp\u00e8ces qui agr\u00e9mentent le site Faisant dire au pr\u00e9sident de l\u2019Universit\u00e9 de Montpellier, \u00ab\u00a0on a une ambition pour ce patrimoine historique\u00a0\u00bb.<\/p>\n<p>(*) \u00c9rig\u00e9 sous la f\u00e9rule du botaniste Alire Raffeneau-Delille, le portail r\u00e9nov\u00e9 fut le premier \u00e0 ouvrir le lieu au grand public.Le portail situ\u00e9 au bas du boulevard Henri-IV n\u2019est entr\u00e9 en fonction qu\u2019en 1847.<\/p>\n","protected":false},"excerpt":{"rendered":"Au terme de cinq ans de r\u00e9flexion, recherche et chantier, l\u2019ouvrage a \u00e9t\u00e9 r\u00e9nov\u00e9 pour quelque 335 00&hellip;\n","protected":false},"author":2,"featured_media":602076,"comment_status":"","ping_status":"","sticky":false,"template":"","format":"standard","meta":{"footnotes":""},"categories":[9599],"tags":[1111,11,872,1777,674,1011,27,7089,2208,12,2680,2551,25],"class_list":{"0":"post-602075","1":"post","2":"type-post","3":"status-publish","4":"format-standard","5":"has-post-thumbnail","7":"category-montpellier","8":"tag-actu","9":"tag-actualites","10":"tag-culture-et-loisirs","11":"tag-eu","12":"tag-europe","13":"tag-fr","14":"tag-france","15":"tag-herault","16":"tag-montpellier","17":"tag-news","18":"tag-occitanie","19":"tag-patrimoine","20":"tag-republique-francaise"},"share_on_mastodon":{"url":"https:\/\/pubeurope.com\/@fr\/115726831117367855","error":""},"_links":{"self":[{"href":"https:\/\/www.europesays.com\/fr\/wp-json\/wp\/v2\/posts\/602075","targetHints":{"allow":["GET"]}}],"collection":[{"href":"https:\/\/www.europesays.com\/fr\/wp-json\/wp\/v2\/posts"}],"about":[{"href":"https:\/\/www.europesays.com\/fr\/wp-json\/wp\/v2\/types\/post"}],"author":[{"embeddable":true,"href":"https:\/\/www.europesays.com\/fr\/wp-json\/wp\/v2\/users\/2"}],"replies":[{"embeddable":true,"href":"https:\/\/www.europesays.com\/fr\/wp-json\/wp\/v2\/comments?post=602075"}],"version-history":[{"count":0,"href":"https:\/\/www.europesays.com\/fr\/wp-json\/wp\/v2\/posts\/602075\/revisions"}],"wp:featuredmedia":[{"embeddable":true,"href":"https:\/\/www.europesays.com\/fr\/wp-json\/wp\/v2\/media\/602076"}],"wp:attachment":[{"href":"https:\/\/www.europesays.com\/fr\/wp-json\/wp\/v2\/media?parent=602075"}],"wp:term":[{"taxonomy":"category","embeddable":true,"href":"https:\/\/www.europesays.com\/fr\/wp-json\/wp\/v2\/categories?post=602075"},{"taxonomy":"post_tag","embeddable":true,"href":"https:\/\/www.europesays.com\/fr\/wp-json\/wp\/v2\/tags?post=602075"}],"curies":[{"name":"wp","href":"https:\/\/api.w.org\/{rel}","templated":true}]}}