{"id":602087,"date":"2025-12-16T02:22:48","date_gmt":"2025-12-16T02:22:48","guid":{"rendered":"https:\/\/www.europesays.com\/fr\/602087\/"},"modified":"2025-12-16T02:22:48","modified_gmt":"2025-12-16T02:22:48","slug":"9-sorties-originales-pour-finir-lannee-en-beaute","status":"publish","type":"post","link":"https:\/\/www.europesays.com\/fr\/602087\/","title":{"rendered":"9 sorties originales pour finir l\u2019ann\u00e9e en beaut\u00e9"},"content":{"rendered":"<p><b>Tu te remets difficilement de <a href=\"https:\/\/pokaa.fr\/2025\/11\/22\/fiesta-loups-garous-cadeaux-paye-ton-noel-rechauffe-strasbourg-pendant-1-mois\/#:~:text=Le%20festival%20le%20plus%20hotte,\u00eatre%20avec%20le%20gros%20lot%20!\" target=\"_blank\" rel=\"noopener nofollow\">Paye Ton No\u00ebl<\/a> au Molo\u2019 ? Tu t\u2019es dit que jusqu\u2019aux f\u00eates, t\u2019allais faire mollo ? Rat\u00e9 ! Si l\u2019on te r\u00e9serve pour bient\u00f4t un agenda pour tes plans de Nouvel An, voici de quoi t\u2019occuper ces prochains jours \u00e0 Strasbourg. Outre <a href=\"https:\/\/pokaa.fr\/2025\/11\/20\/il-fete-ses-10-ans-a-strasbourg-le-marche-off-de-noel-revient-avec-une-prog-tres-festive\/\" target=\"_blank\" rel=\"noopener nofollow\">la prog\u2019 du March\u00e9 Of<\/a> et notre s\u00e9lec\u2019 de <a href=\"https:\/\/pokaa.fr\/2025\/11\/28\/noel-sans-made-in-china-17-marches-alternatifs-pour-acheter-du-savoir-faire-alsacien-strasbourg\/\" target=\"_blank\" rel=\"noopener nofollow\">march\u00e9s alternatifs<\/a> : des teufs de No\u00ebl, des concerts et des spectacles \u00e0 voir avec ta mif\u2019. Ne nous remercie pas, c\u2019est cadeau.<\/b><\/p>\n<p>Des teufs de saison<\/p>\n<p>La super f\u00eate de No\u00ebl de Kawati revient !<\/p>\n<p><b>Les Kawati Studios<\/b> rouvrent leurs portes \u00e0 quelques jours de No\u00ebl. S\u2019ils ne font pas de march\u00e9 alternatif cette ann\u00e9e, ils y dresseront le temps d\u2019une soir\u00e9e des <b>stands de f\u00eate foraine faits maison<\/b> pour petit(e)s et grand(e)s enfants. <b>\u00c0 gagner\u00a0? <\/b><b>\u00ab Pl\u00e9thore de cadeaux ridicules (ou pas) et autres breuvages de No\u00ebl. \u00bb<\/b><\/p>\n<p>Pour l\u2019ambiance musicale\u00a0? Des <b>mini-concerts acoustiques de la Coloc\u2019<\/b>, des <b>chansons traditionnelles<\/b> irlandaises, bretonnes ou am\u00e9ricaines interpr\u00e9t\u00e9es par <b>Les 3 Barbus\u2026 ou presque<\/b>, ainsi qu\u2019une <b>jam session <\/b><b>\u00ab\u00a0au pied du sapin\u00a0\u00bb<\/b> (pour tous les niveaux).<\/p>\n<p>Quant \u00e0 g\u00e2ter ta mif\u2019\u00a0: la <b>\u00ab\u00a0brocante de No\u00ebl des zicos\u00a0\u00bb<\/b>, pour chiner des \u00ab\u00a0ustensiles musicaux, p\u00e9dales, guitares, matos de batterie\u00a0\u00bb. Et pour te r\u00e9galer\u00a0: vin chaud, petite restauration, et bi\u00e8res de la brasserie Roue Libre. Rendez-vous <b>le vendredi 19 d\u00e9cembre<\/b>.<\/p>\n<p align=\"CENTER\"><b>Quand et o\u00f9\u00a0?<br \/><\/b>Vendredi 19 d\u00e9cembre de 17h \u00e0 23h30<br \/>Aux Kawati Studios<br \/><a href=\"https:\/\/fb.me\/e\/3PaW7SuzV\" target=\"_blank\" rel=\"noopener nofollow\">+ d\u2019infos<\/a><\/p>\n<\/p>\n<p>No\u00ebl et soir\u00e9e dansante \u00e0 la Maison du Mouvement \u00ab\u00a0Red Code\u00a0\u00bb<\/p>\n<p>Le lendemain, on remet \u00e7a. Cette fois, <b>\u00e0 La Maison du Mouvement<\/b> (\u00e0 la Montagne Verte), pour <b>une soir\u00e9e dansante, th\u00e9matique No\u00ebl, le samedi 20.<\/b><\/p>\n<p>L\u2019id\u00e9e\u00a0? <b>Se r\u00e9unir, d\u00eener puis danser<\/b> et \u00ab\u00a0deux salles, beaucoup d\u2019ambiance\u00a0\u00bb (<b>latino avec salsa et bachata<\/b>, et <b>g\u00e9n\u00e9raliste<\/b>). Pour compl\u00e9ter, elle organise un Secret Santa g\u00e9ant \u2013 pour adultes et enfants. Et pour \u00eatre <b>dans le th\u00e8me<\/b>, on pense au<b> \u00ab\u00a0Red code\u00a0\u00bb <\/b>(avec un v\u00eatement ou accessoire rouge).<\/p>\n<p align=\"CENTER\"><b>Quand et o\u00f9\u00a0?<br \/><\/b>Samedi 20 d\u00e9cembre d\u00e8s 19h<br \/>\u00c0 la Maison du Mouvement<br \/><a href=\"https:\/\/fb.me\/e\/66VRSfR2v\" target=\"_blank\" rel=\"noopener nofollow\">+ d\u2019infos<\/a><\/p>\n<p>    <img width=\"800\" height=\"533\" src=\"https:\/\/www.europesays.com\/fr\/wp-content\/uploads\/2025\/12\/250626-r89-swing-24-800x533.jpg\" class=\"attachment-image-size-L size-image-size-L\" alt=\"couple Swing jazz blues danse Lindyspot caveau tigre\" decoding=\"async\" loading=\"lazy\"  \/>         \u00a9 Adrien Labit \/ Pokaa <\/p>\n<p>\u00ab\u00a0Soir\u00e9e Grinch\u00a0\u00bb au Malleus Maleficarum Bar<\/p>\n<p>No\u00ebl par-ci, No\u00ebl par-l\u00e0\u2026 Si t\u2019en as marre qu\u2019on en fasse tout un plat,<b> le 26 d\u00e9cembre le Malleus Maleficarum Bar t\u2019ouvre les bras<\/b>\u00a0!<\/p>\n<p>Au menu de cette soir\u00e9e <b>\u00ab\u00a0anti-No\u00ebl assum\u00e9e\u00a0\u00bb<\/b>\u00a0? Une \u00ab\u00a0ambiance<b> rock &amp; m\u00e9tal<\/b>, atmosph\u00e8re sombre et d\u00e9cal\u00e9e mais toujours conviviale\u00a0\u00bb, des <b>\u00e9changes de <\/b><b>\u00ab\u00a0cadeaux pourris\u00a0\u00bb<\/b>, du<b> beer-pong<\/b>\u2026 Ainsi qu\u2019un shooter offert \u00e0 qui viendrait d\u00e9guis\u00e9(e) en <b>Grinch<\/b>.<\/p>\n<p align=\"CENTER\"><b>Quand et o\u00f9\u00a0?<br \/><\/b>Vendredi 26 d\u00e9cembre de 19h \u00e0 23h<br \/>Au Malleus Maleficarum Bar<br \/><a href=\"https:\/\/fb.me\/e\/8b0iqBm4T\" target=\"_blank\" rel=\"noopener nofollow\">+ d\u2019infos<\/a><\/p>\n<p>                <img width=\"667\" height=\"500\" src=\"https:\/\/www.europesays.com\/fr\/wp-content\/uploads\/2025\/12\/malleus-maleficarum-dooz-escape-bar-a-jeux-destroy-room-bastien-p-pokaa-strasbourgimage00084.jpeg\" class=\"attachment-gallery size-gallery\" alt=\"Malleus Maleficarum Dooz Escape bar a\u0300 jeux Destroy room Bastien P Pokaa Strasbourgimage00084\" data-full-url=\"https:\/\/www.europesays.com\/fr\/wp-content\/uploads\/2025\/12\/malleus-maleficarum-dooz-escape-bar-a-jeux-destroy-room-bastien-p-pokaa-strasbourgimage00084.jpeg\" decoding=\"async\" loading=\"lazy\"  \/>            <\/p>\n<p>                <img width=\"667\" height=\"500\" src=\"https:\/\/www.europesays.com\/fr\/wp-content\/uploads\/2025\/12\/malleus-maleficarum-dooz-escape-bar-a-jeux-destroy-room-bastien-p-pokaa-strasbourgimage00104.jpeg\" class=\"attachment-gallery size-gallery\" alt=\"Malleus Maleficarum Dooz Escape bar a\u0300 jeux Destroy room Bastien P Pokaa Strasbourgimage00104\" data-full-url=\"https:\/\/www.europesays.com\/fr\/wp-content\/uploads\/2025\/12\/malleus-maleficarum-dooz-escape-bar-a-jeux-destroy-room-bastien-p-pokaa-strasbourgimage00104.jpeg\" decoding=\"async\" loading=\"lazy\"  \/>            <\/p>\n<p>                <img width=\"667\" height=\"500\" src=\"https:\/\/www.europesays.com\/fr\/wp-content\/uploads\/2025\/12\/malleus-maleficarum-dooz-escape-bar-a-jeux-destroy-room-bastien-p-pokaa-strasbourgimage00041.jpeg\" class=\"attachment-gallery size-gallery\" alt=\"Malleus Maleficarum Dooz Escape bar a\u0300 jeux Destroy room Bastien P Pokaa Strasbourgimage00041\" data-full-url=\"https:\/\/www.europesays.com\/fr\/wp-content\/uploads\/2025\/12\/malleus-maleficarum-dooz-escape-bar-a-jeux-destroy-room-bastien-p-pokaa-strasbourgimage00041.jpeg\" decoding=\"async\" loading=\"lazy\"  \/>            <\/p>\n<p>                    Malleus Maleficarum Bar. \u00a9 Bastien Pietronave \/ Pokaa<\/p>\n<p>\u00ab\u00a0Blue Winter\u00a0\u00bb \u00e0 La Maison Bleue<\/p>\n<p>Apr\u00e8s une \u00e9dition estivale (\u00ab\u00a0Blue Summer\u00a0\u00bb), place \u00e0 celle de l\u2019hiver\u00a0: <b>\u00ab\u00a0Blue Winter\u00a0\u00bb<\/b>, \u00ab\u00a0pleine de bonne humeur\u00a0\u00bb. <b>Le samedi 27 d\u00e9cembre, la Maison Bleue programme un concert de BRDN<\/b>, avant de te laisser le micro pour le <b>Karaok\u00e9<\/b>. Pour le reste\u00a0: des <b>stands de tatouages et d\u2019art<\/b>, et \u00ab\u00a0des surprises\u00a0\u00bb.<\/p>\n<p align=\"CENTER\"><b>Quand et o\u00f9\u00a0?<br \/><\/b>Samedi 27 d\u00e9cembre de 16h \u00e0 1h<br \/>\u00c0 La Maison Bleue<br \/><a href=\"https:\/\/fb.me\/e\/5oVmdyk6o\" target=\"_blank\" rel=\"noopener nofollow\">+ d\u2019infos<\/a><\/p>\n<p>    <img width=\"450\" height=\"600\" src=\"https:\/\/www.europesays.com\/fr\/wp-content\/uploads\/2025\/04\/maison-bleue-1.jpg\" class=\"attachment-image-size-M size-image-size-M\" alt=\"maison bleue salle concert\" decoding=\"async\" loading=\"lazy\"  \/>         \u00a9 Coraline Lafon \/ Pokaa <\/p>\n<p>Foire aux Vins d&rsquo;Alsace \u2013 \u00ab\u00a0Cuv\u00e9e Givr\u00e9e\u00a0\u00bb \u00e0 Colmar<\/p>\n<p>On connait <b>la Foire aux Vins (FAV) <\/b>qui se tient<b> \u00e0 Colmar <\/b>depuis 1948\u2026 Mais depuis 2021, s\u2019y tient d\u00e9sormais aussi une <b>\u00ab\u00a0Cuv\u00e9e Givr\u00e9e\u00a0\u00bb<\/b>, chaque hiver. Un rendez-vous pour l\u2019entre-deux-f\u00eates, <b>du 27 au 30 d\u00e9cembre<\/b>.<\/p>\n<p>Elle revient donc, toujours plus givr\u00e9e, pour<b> une 4e \u00e9dition<\/b> avec\u00a0: des animations, des stands, des Vins d\u2019Alsace (\u00e9videmment)\u2026 Et <b>des concerts<\/b> ! En tout, quatre soir\u00e9es attendues dans sa Halle aux Vins.<\/p>\n<p>\u00c0 l\u2019affiche\u00a0? De quoi contenter tout le monde\u2026 <b>Un spectacle hommage \u00e0 Johnny <\/b>(avec Jean-Baptiste Gu\u00e9gan), \u00ab\u00a0un plateau festif <b>ambiance 80 &amp; 90<\/b>\u00a0\u00bb (avec Gold, Partenaire Particulier, Benny B et Boris), une <b>Blizz\u2019Hard Session pour <\/b><b>headbanger<\/b>, et enfin <b>une soir\u00e9e de cl\u00f4ture \u00e9lectro avec Cassius<\/b>,<b> Myd <\/b>et<b> Breakbot &amp; Irfane<\/b>.<\/p>\n<p style=\"text-align: center;\"><b>Quand et o\u00f9\u00a0?<br \/><\/b>Du 27 au 30 d\u00e9cembre<br \/>\u00c0 la Foire aux Vins de Colmar<br \/><a href=\"https:\/\/www.cuvee-givree.fr\/\" target=\"_blank\" rel=\"noopener nofollow\">+ d\u2019infos<\/a><\/p>\n<p>                <img width=\"667\" height=\"500\" src=\"https:\/\/www.europesays.com\/fr\/wp-content\/uploads\/2025\/12\/foire-uax-vins-de-colmar-gonzoimage00034.jpeg\" class=\"attachment-gallery size-gallery\" alt=\"foire uax vins de colmar gonzoimage00034\" data-full-url=\"https:\/\/www.europesays.com\/fr\/wp-content\/uploads\/2025\/12\/foire-uax-vins-de-colmar-gonzoimage00034.jpeg\" decoding=\"async\" loading=\"lazy\"  \/>            <\/p>\n<p>                <img width=\"889\" height=\"500\" src=\"https:\/\/www.europesays.com\/fr\/wp-content\/uploads\/2025\/12\/festival-foire-aux-vins-colmar-benoit-facchi-1600x900.jpg\" class=\"attachment-gallery size-gallery\" alt=\"festival-foire-aux-vins-colmar-benoit-facchi-1600\u00d7900\" data-full-url=\"https:\/\/www.europesays.com\/fr\/wp-content\/uploads\/2025\/12\/festival-foire-aux-vins-colmar-benoit-facchi-1600x900.jpg\" decoding=\"async\" loading=\"lazy\"  \/>            <\/p>\n<p>                    1. \u00a9 Pokaa ; 2. \u00a9 Beno\u00eet Facchi \/ Document remis<\/p>\n<p>Du show\u00a0!<br \/>\nLe \u00ab\u00a0Sujet Golry\u00a0\u00bb\u00a0: le Golry Comedy Club au LA\u00c0B<\/p>\n<p>Que l\u2019on f\u00eate ou non No\u00ebl, on le sait\u00a0: les repas de famille peuvent vite virer au<b> clash g\u00e9n\u00e9rationnel<\/b>. De quoi inspirer, peut-\u00eatre, les humoristes du <b>Golry Comedy Club <\/b>\u2013 qui revient le <b>mardi 16 d\u00e9cembre au LA\u00c0B <\/b>pour son nouveau <b>\u00ab\u00a0Sujet Golry\u00a0\u00bb<\/b>, son <b>plateau de stand-up th\u00e9matique et mensuel<\/b>.<\/p>\n<p><b>Le th\u00e8me du mois\u00a0? \u00ab\u00a0Interg\u00e9n\u00e9rationnel\u00a0\u00bb<\/b>. Plut\u00f4t que de mettre les pieds dans le plat, voil\u00e0 que le Golry vient r\u00e9unir tout le monde autour de la table\u2026 \u00ab Baby boomers, GEN X, Y, Z, et m\u00eame alpha et b\u00eata, il faut vivre avec son temps, mais surtout vivre ensemble. \u00bb<\/p>\n<p style=\"text-align: center;\"><b>Quand et o\u00f9\u00a0?<br \/><\/b>Mardi 16 d\u00e9cembre \u00e0 20h<br \/>Au LA\u00c0B \u2013 L\u2019Amer \u00e0 Boire<br \/><a href=\"https:\/\/fb.me\/e\/6q2yZLqEf\" target=\"_blank\" rel=\"noopener nofollow\">+ d\u2019infos<\/a><\/p>\n<p>\u00ab\u00a0No\u00ebl en Piste\u00a0\u00bb \u00e0 Graine de Cirque (au Jardin des Deux-Rives)<\/p>\n<p><b>Jusqu\u2019au 20 d\u00e9cembre<\/b>, \u00e7a va virevolter sous le chapiteau de <b>Graine de Cirque<\/b>\u00a0! Avec <b>\u00ab\u00a0No\u00ebl en Piste\u00a0\u00bb<\/b>, son<b> festival annuel<\/b>, il invite une fois de plus petit(e)s et grand(e)s \u00e0 d\u00e9couvrir \u00ab\u00a0l\u2019effervescence du cirque contemporain\u00a0\u00bb.<\/p>\n<p>\u00c0 l\u2019affiche\u00a0? <b>Trois<\/b><b> spectacles <\/b><b>\u00ab\u00a0techniques, po\u00e9tiques, dr\u00f4les, surprenants\u00a0\u00bb<\/b>\u00a0: Entretien avec un Jongleur avec Le Cirque du Ravi (d\u00e8s 6 ans), Toyo ! avec Les Colporteurs (d\u00e8s 3 ans) et T\u2019emm\u00eale pas ! avec Du Fil \u00e0 Retordre (d\u00e8s 3 ans).<\/p>\n<p align=\"CENTER\"><b>Quand et o\u00f9 ?<br \/><\/b>Jusqu\u2019au 20 d\u00e9cembre<br \/>\u00c0 Graine de Cirque (Jardin des Deux-Rives)<br \/><a href=\"https:\/\/www.grainedecirque.fr\/noelenpiste2025?brid=cRTWayFEDcvteYKxbv_xeQ\" target=\"_blank\" rel=\"noopener nofollow\">+ d\u2019infos<\/a><\/p>\n<\/p>\n<p>                <img width=\"749\" height=\"500\" src=\"https:\/\/www.europesays.com\/fr\/wp-content\/uploads\/2025\/06\/dorothee-parent-cabaret-graine-de-cirque-2023-749x500.jpg\" class=\"attachment-gallery size-gallery\" alt=\"Graine de cirque\" data-full-url=\"https:\/\/pokaa.fr\/wp-content\/uploads\/2025\/06\/09\/dorothee-parent-cabaret-graine-de-cirque-2023.jpg\" decoding=\"async\" loading=\"lazy\"  \/>            <\/p>\n<p>                <img width=\"749\" height=\"500\" src=\"https:\/\/www.europesays.com\/fr\/wp-content\/uploads\/2025\/06\/dorothee-parent-cabaret-graine-de-cirque-2023-4-749x500.jpg\" class=\"attachment-gallery size-gallery\" alt=\"Graine de cirque\" data-full-url=\"https:\/\/pokaa.fr\/wp-content\/uploads\/2025\/06\/09\/dorothee-parent-cabaret-graine-de-cirque-2023-4.jpg\" decoding=\"async\" loading=\"lazy\"  \/>            <\/p>\n<p>                <img width=\"749\" height=\"500\" src=\"https:\/\/www.europesays.com\/fr\/wp-content\/uploads\/2025\/12\/dorothee-parent-2-e1701273539735-749x500.jpg\" class=\"attachment-gallery size-gallery\" alt=\"Graine de Cirque\" data-full-url=\"https:\/\/pokaa.fr\/wp-content\/uploads\/2023\/11\/29\/dorothee-parent-2-1500x1001.jpg\" decoding=\"async\" loading=\"lazy\"  \/>            <\/p>\n<p>                    Graine de Cirque \u00a9 Doroth\u00e9e Parent \/ Documents remis<\/p>\n<p>\u00ab\u00a0Circus Remake\u00a0\u00bb : la Cie Troisi\u00e8me Cirque au Maillon<\/p>\n<p><a href=\"https:\/\/pokaa.fr\/2025\/09\/02\/la-rentree-du-maillon-12-spectacles-droles-furieux-ou-curieux-a-decouvrir-a-strasbourg1\/\" target=\"_blank\" rel=\"noopener nofollow\">Nous t\u2019en parlions d\u00e9j\u00e0 \u00e0 la rentr\u00e9e<\/a>, <b>le Maillon<\/b>\u00a0s\u2019appr\u00eate aussi \u00e0 accueillir un spectacle de cirque \u2013 <b>Circus Remake <\/b><b>de Maroussia Diaz Verb\u00e8ke<\/b>. Ou plut\u00f4t\u00a0: de <b>\u00ab Troisi\u00e8me Cirque \u00bb<\/b>, nom de sa compagnie, et de l\u2019id\u00e9e d\u2019<b>une nouvelle pratique du cirque qui <\/b><b>\u00ab\u00a0d\u00e9passerait le clivage entre la tradition et le cirque contemporain\u00a0\u00bb<\/b>.<\/p>\n<p><b>Du 17 au 20 d\u00e9cembre<\/b>, s\u2019y dressera donc <b>une piste au format 45 tours<\/b>, sur laquelle <b>acrobaties, jongle et clowns s\u2019animeront sur fond de vinyles et d\u2019extraits audio<\/b>. On y entendra l\u2019humoriste Raymond Devos, le philosophe Jacques Derrida, Annie Fratellini (artiste, multi-instrumentiste, clown et premi\u00e8re femme \u00e0 interpr\u00e9ter l\u2019Auguste) ou la sc\u00e9nariste Claire Denis.<\/p>\n<p>Un spectacle joyeux, curieux, \u00e0 d\u00e9couvrir <b>en famille, d\u00e8s 10 ans<\/b>.<\/p>\n<p align=\"CENTER\"><b>Quand et o\u00f9\u00a0?<br \/><\/b>Du mercredi 17 au samedi 20 d\u00e9cembre<br \/>Au Maillon, Th\u00e9\u00e2tre de Strasbourg, sc\u00e8ne europ\u00e9enne<br \/><a href=\"https:\/\/maillon.eu\/spectacle\/985.circus-remake--le-troisieme-cirque-maroussia-diaz-verbeke\" target=\"_blank\" rel=\"noopener nofollow\">+ d\u2019infos<\/a><\/p>\n<p>                <img width=\"750\" height=\"500\" src=\"https:\/\/www.europesays.com\/fr\/wp-content\/uploads\/2025\/12\/circus-remake-studio-cui-cui-aude-boissaye-750x500.jpg\" class=\"attachment-gallery size-gallery\" alt=\"Maillon\" data-full-url=\"https:\/\/pokaa.fr\/wp-content\/uploads\/2025\/08\/29\/circus-remake-studio-cui-cui-aude-boissaye.jpg\" decoding=\"async\" loading=\"lazy\"  \/>            <\/p>\n<p>                <img width=\"333\" height=\"500\" src=\"https:\/\/www.europesays.com\/fr\/wp-content\/uploads\/2025\/12\/circus-remake-theresa-kuhn-2-studio-cui-cui-aude-boissaye-333x500.jpg\" class=\"attachment-gallery size-gallery\" alt=\"Maillon\" data-full-url=\"https:\/\/pokaa.fr\/wp-content\/uploads\/2025\/08\/29\/circus-remake-theresa-kuhn-2-studio-cui-cui-aude-boissaye.jpg\" decoding=\"async\" loading=\"lazy\"  \/>            <\/p>\n<p>                    \u00ab Circus Remake \u00bb de Maroussia Diaz Verb\u00e8ke \/ Le Troisi\u00e8me Cirque. \u00a9 Studio Cui Cui Aude Boissaye \/ Documents remis<\/p>\n<p>\u00ab\u00a0La House of Marley fait briller d\u00e9cembre\u00a0\u00bb \u00e0 The People<\/p>\n<p align=\"LEFT\">Et on termine avec la flamboyante <b>House of Marley<\/b> qui vient te g\u00e2ter pour les f\u00eates. Le <b>samedi 20 d\u00e9cembre<\/b>, elle descendra par la chemin\u00e9e de<b> The People<\/b> pour sa derni\u00e8re soir\u00e9e de l\u2019ann\u00e9e. Une ann\u00e9e que les queens comptent bien \u00ab\u00a0couronne[r]\u00a0\u00bb.<\/p>\n<p align=\"LEFT\">Sous le sapin\u00a0? <b>Du drag et des paillettes<\/b> avec Ar\u00ef Meyde Marley, Maybe Marley, \u00c9b\u00ebne B\u00f6nda Markey, Melankh\u00f6lia Marley et leur mother, N\u00f6x\u00efm\u00e4 Marley. Et <b>aux platines, apr\u00e8s le show\u00a0: Daddy Iencli<\/b> pour te secouer les grelots\u00a0!<\/p>\n<p align=\"CENTER\"><b>Quand et o\u00f9\u00a0?<br \/><\/b>Samedi 20 d\u00e9cembre d\u00e8s 20h<br \/>\u00c0 The People Strasbourg<br \/><a href=\"https:\/\/fb.me\/e\/3kBOa5e3U\" target=\"_blank\" rel=\"noopener nofollow\">+ d\u2019infos<\/a><\/p>\n<p>                <img width=\"400\" height=\"500\" src=\"https:\/\/www.europesays.com\/fr\/wp-content\/uploads\/2025\/08\/house-of-marley-credit-sprey-400x500.png\" class=\"attachment-gallery size-gallery\" alt=\"House_of_Marley_cr\u00e9dit_Sprey Divercity\" data-full-url=\"https:\/\/pokaa.fr\/wp-content\/uploads\/2025\/06\/23\/house-of-marley-credit-sprey.png\" decoding=\"async\" loading=\"lazy\"  \/>            <\/p>\n<p>                <img width=\"750\" height=\"500\" src=\"https:\/\/www.europesays.com\/fr\/wp-content\/uploads\/2025\/12\/noxima-melankholia-et-anissa-750x500.jpg\" class=\"attachment-gallery size-gallery\" alt=\"Noxima, Melankholia et Anissa\" data-full-url=\"https:\/\/pokaa.fr\/wp-content\/uploads\/2024\/03\/12\/noxima-melankholia-et-anissa-1500x1000.jpg\" decoding=\"async\" loading=\"lazy\"  \/>            <\/p>\n<p>                    1. \u00a9 Sprey \/ Document remis ; 2. \u00a9\u00a0House of Marley \/ Document remis<\/p>\n<p><strong>Et toi, c\u2019est quoi ton bon plan pour bien finir d\u00e9cembre ? Nous, on rajoute dans la hotte du P\u00e8re No\u00ebl quelques concerts, disponibles ici :\u00a0<\/strong><\/p>\n<p>                <a href=\"https:\/\/pokaa.fr\/2025\/12\/09\/beethoven-harry-potter-star-wars-6-concerts-pour-celebrer-les-fetes-a-strasbourg\/\" rel=\"nofollow noopener\" target=\"_blank\"><br \/>\n                    <img width=\"450\" height=\"270\" src=\"https:\/\/www.europesays.com\/fr\/wp-content\/uploads\/2025\/12\/1765851768_961_b1-450x270.jpg\" class=\"attachment-card-horizontal--same-subject size-card-horizontal--same-subject wp-post-image\" alt=\"\" decoding=\"async\" loading=\"lazy\"\/>                <\/a><\/p>\n","protected":false},"excerpt":{"rendered":"Tu te remets difficilement de Paye Ton No\u00ebl au Molo\u2019 ? Tu t\u2019es dit que jusqu\u2019aux f\u00eates, t\u2019allais&hellip;\n","protected":false},"author":2,"featured_media":602088,"comment_status":"","ping_status":"","sticky":false,"template":"","format":"standard","meta":{"footnotes":""},"categories":[2820],"tags":[1111,11,4763,1697,12084,16829,1777,674,652,14537,1011,27,775,708,12,15830,3907,25,3140,640,27021,4064],"class_list":{"0":"post-602087","1":"post","2":"type-post","3":"status-publish","4":"format-standard","5":"has-post-thumbnail","7":"category-strasbourg","8":"tag-actu","9":"tag-actualites","10":"tag-agenda","11":"tag-concert","12":"tag-dj-set","13":"tag-drag-show","14":"tag-eu","15":"tag-europe","16":"tag-famille","17":"tag-fetes","18":"tag-fr","19":"tag-france","20":"tag-grand-est","21":"tag-humour","22":"tag-news","23":"tag-noel","24":"tag-que-faire","25":"tag-republique-francaise","26":"tag-spectacle","27":"tag-strasbourg","28":"tag-teuf","29":"tag-week-end"},"share_on_mastodon":{"url":"https:\/\/pubeurope.com\/@fr\/115726871703049848","error":""},"_links":{"self":[{"href":"https:\/\/www.europesays.com\/fr\/wp-json\/wp\/v2\/posts\/602087","targetHints":{"allow":["GET"]}}],"collection":[{"href":"https:\/\/www.europesays.com\/fr\/wp-json\/wp\/v2\/posts"}],"about":[{"href":"https:\/\/www.europesays.com\/fr\/wp-json\/wp\/v2\/types\/post"}],"author":[{"embeddable":true,"href":"https:\/\/www.europesays.com\/fr\/wp-json\/wp\/v2\/users\/2"}],"replies":[{"embeddable":true,"href":"https:\/\/www.europesays.com\/fr\/wp-json\/wp\/v2\/comments?post=602087"}],"version-history":[{"count":0,"href":"https:\/\/www.europesays.com\/fr\/wp-json\/wp\/v2\/posts\/602087\/revisions"}],"wp:featuredmedia":[{"embeddable":true,"href":"https:\/\/www.europesays.com\/fr\/wp-json\/wp\/v2\/media\/602088"}],"wp:attachment":[{"href":"https:\/\/www.europesays.com\/fr\/wp-json\/wp\/v2\/media?parent=602087"}],"wp:term":[{"taxonomy":"category","embeddable":true,"href":"https:\/\/www.europesays.com\/fr\/wp-json\/wp\/v2\/categories?post=602087"},{"taxonomy":"post_tag","embeddable":true,"href":"https:\/\/www.europesays.com\/fr\/wp-json\/wp\/v2\/tags?post=602087"}],"curies":[{"name":"wp","href":"https:\/\/api.w.org\/{rel}","templated":true}]}}