{"id":602089,"date":"2025-12-16T02:24:28","date_gmt":"2025-12-16T02:24:28","guid":{"rendered":"https:\/\/www.europesays.com\/fr\/602089\/"},"modified":"2025-12-16T02:24:28","modified_gmt":"2025-12-16T02:24:28","slug":"un-restaurant-libanais-avec-un-menu-etudiant-a-9-e-ouvre-ce-mardi-en-plein-centre-ville","status":"publish","type":"post","link":"https:\/\/www.europesays.com\/fr\/602089\/","title":{"rendered":"un restaurant libanais avec un menu \u00e9tudiant \u00e0 9 \u20ac ouvre ce mardi en plein centre-ville"},"content":{"rendered":"<p>                    Par<br \/>\n        <strong><br \/>\n            <a href=\"https:\/\/actu.fr\/auteur\/thomas-blanc\" title=\"Consulter tous les articles de Thomas Blanc\" target=\"_blank\" rel=\"noopener\">Thomas Blanc<\/a><br \/>\n                    <\/strong><\/p>\n<p>        Publi\u00e9 le<\/p>\n<p>            15 d\u00e9c. 2025 \u00e0 17h06        <\/p>\n<p>Munch, un nouveau <a href=\"https:\/\/actu.fr\/tag\/restaurant\" target=\"_blank\" rel=\"noopener\">restaurant<\/a> de l\u2019hypercentre \u00e0 <a href=\"https:\/\/actu.fr\/strasbourg\/\" target=\"_blank\" rel=\"noopener\">Strasbourg<\/a>, va accueillir ses premiers clients \u00e0 partir du<strong> mardi 16\u00a0d\u00e9cembre \u00e0 11h30<\/strong>, voici ce que vous pourrez y d\u00e9guster.<\/p>\n<p>Deux fr\u00e8res aux commandes d\u2019un nouveau restaurant place Saint-Etienne<\/p>\n<p class=\" wall-content\">Deux fr\u00e8res, <strong>Karl et Karim Abi Moussa<\/strong>, Libanais arriv\u00e9s en France il y a 10\u00a0ans pour l\u2019un et tout juste un an pour l\u2019autre, ouvrent leur restaurant \u00e0 Strasbourg. Il se situe <strong>place Saint-Etienne<\/strong>, \u00e0 la place de l\u2019ancien 231 East, et ses fondateurs le d\u00e9crivent comme \u00ab\u2009un m\u00e9lange entre le fast-food et <strong>la cuisine libanaise<\/strong>\u2009\u00bb.<\/p>\n<blockquote class=\"ac-article-quote wall-content\">\n<p>On n&rsquo;a pas voulu faire un fast-food classique, ni un restaurant traditionnel libanais que l&rsquo;on trouve d\u00e9j\u00e0 ailleurs \u00e0 Strasbourg. <\/p>\n<p>    <strong>Karl Abi Moussa<\/strong><br \/>\n        Co-g\u00e9rant de Munch    <\/p><\/blockquote>\n<p class=\" wall-content\">Chez Munch, vous trouverez donc <strong>des burgers et des sandwichs<\/strong> \u00ab\u2009revisit\u00e9s \u00e0 la mani\u00e8re libanaise\u2009\u00bb comme le Beirut, un burger avec son steak hach\u00e9 maison. Le<strong> tawouk<\/strong>, une sp\u00e9cialit\u00e9 du Proche-Orient, est \u00e9galement propos\u00e9 en entr\u00e9e et un <strong>flan libanais<\/strong> fait partie de la carte des desserts.<\/p>\n<p>20 places assises, une large amplitude horaire<\/p>\n<p class=\" wall-content\">\u00ab\u2009On travaille depuis 15\u00a0jours comme des fous pour d\u00e9corer et ouvrir dans les temps\u2009\u00bb, raconte Karim Abi Moussa \u00e0 Actu Strasbourg. Le restaurant qui compte<strong> 20 places assises<\/strong> en int\u00e9rieur sera ouvert tous les jours de<strong> 11h30 \u00e0 23h<\/strong>.<\/p>\n<p class=\" wall-content\">La carte comporte <strong>un menu \u00e0 13\u00a0euros<\/strong> avec burger ou sandwich au choix, des frites et une boisson. Pour les \u00e9tudiants, l<strong>e prix tombe \u00e0 9\u00a0euros<\/strong>.<\/p>\n<p>Votre r\u00e9gion, votre actu !<\/p>\n<p>Recevez chaque jour les infos qui comptent pour vous.<\/p>\n<p>\t<a href=\"https:\/\/actu.fr\/newsletter\" class=\"ac-btn ac-btn--corner ac-btn--medium ac-btn--blue800\" target=\"_blank\" rel=\"noopener\">S&rsquo;incrire<\/a><\/p>\n<p>    <img   decoding=\"async\" loading=\"lazy\" src=\"https:\/\/www.europesays.com\/fr\/wp-content\/uploads\/2025\/12\/munch-restaurant-2-960x640.jpg\" alt=\"Karim Abi Moussa, co g\u00e9rant, avec son fr\u00e8re Karl, de Munch. \" width=\"960\" height=\"640\"\/><br \/>\n    Karim Abi Moussa, co-g\u00e9rant, avec son fr\u00e8re Karl, de Munch. (\u00a9Thomas Blanc \/ Actu Strasbourg)<\/p>\n<p class=\" wall-content\">\u00ab\u2009\u00c0 voir si l\u2019on n\u2019adapte pas les horaires \u00e0 la fr\u00e9quentation plus tard\u2009\u00bb, indique tout de m\u00eame Karim Abi Moussa, que vous pourrez retrouver au restaurant tous les jours.<\/p>\n<p>Munch<br \/>3 place Saint-Etienne, Strasbourg<br \/>Ouvert tous les jours, de 11h30 \u00e0 23h<br \/>Menu burger ou sandwich, frites, boisson \u00e0 13\u00a0euros<br \/>Menu \u00e9tudiant \u00e0 9\u00a0euros.<\/p>\n<p class=\" wall-content\">Personnalisez votre actualit\u00e9 en ajoutant vos villes et m\u00e9dias en favori avec <a href=\"https:\/\/moncompte.actu.fr\" title=\"D\u00e9couvez Mon Actu\" rel=\"nofollow noopener\" data-trk=\"{&quot;cta&quot;:{&quot;action&quot;:&quot;https:\\\/\\\/moncompte.actu.fr&quot;,&quot;category&quot;:&quot;mon compte&quot;,&quot;from&quot;:&quot;article footer&quot;,&quot;name&quot;:&quot;Mon actu&quot;,&quot;type&quot;:&quot;cta&quot;}}\" target=\"_blank\">Mon Actu<\/a>.<\/p>\n","protected":false},"excerpt":{"rendered":"Par Thomas Blanc Publi\u00e9 le 15 d\u00e9c. 2025 \u00e0 17h06 Munch, un nouveau restaurant de l\u2019hypercentre \u00e0 Strasbourg,&hellip;\n","protected":false},"author":2,"featured_media":602090,"comment_status":"","ping_status":"","sticky":false,"template":"","format":"standard","meta":{"footnotes":""},"categories":[2820],"tags":[1111,11,33,1777,674,1011,27,775,12,3147,25,1340,640],"class_list":{"0":"post-602089","1":"post","2":"type-post","3":"status-publish","4":"format-standard","5":"has-post-thumbnail","7":"category-strasbourg","8":"tag-actu","9":"tag-actualites","10":"tag-economie","11":"tag-eu","12":"tag-europe","13":"tag-fr","14":"tag-france","15":"tag-grand-est","16":"tag-news","17":"tag-nouveaux-commerces","18":"tag-republique-francaise","19":"tag-restaurant","20":"tag-strasbourg"},"share_on_mastodon":{"url":"https:\/\/pubeurope.com\/@fr\/115726874326856813","error":""},"_links":{"self":[{"href":"https:\/\/www.europesays.com\/fr\/wp-json\/wp\/v2\/posts\/602089","targetHints":{"allow":["GET"]}}],"collection":[{"href":"https:\/\/www.europesays.com\/fr\/wp-json\/wp\/v2\/posts"}],"about":[{"href":"https:\/\/www.europesays.com\/fr\/wp-json\/wp\/v2\/types\/post"}],"author":[{"embeddable":true,"href":"https:\/\/www.europesays.com\/fr\/wp-json\/wp\/v2\/users\/2"}],"replies":[{"embeddable":true,"href":"https:\/\/www.europesays.com\/fr\/wp-json\/wp\/v2\/comments?post=602089"}],"version-history":[{"count":0,"href":"https:\/\/www.europesays.com\/fr\/wp-json\/wp\/v2\/posts\/602089\/revisions"}],"wp:featuredmedia":[{"embeddable":true,"href":"https:\/\/www.europesays.com\/fr\/wp-json\/wp\/v2\/media\/602090"}],"wp:attachment":[{"href":"https:\/\/www.europesays.com\/fr\/wp-json\/wp\/v2\/media?parent=602089"}],"wp:term":[{"taxonomy":"category","embeddable":true,"href":"https:\/\/www.europesays.com\/fr\/wp-json\/wp\/v2\/categories?post=602089"},{"taxonomy":"post_tag","embeddable":true,"href":"https:\/\/www.europesays.com\/fr\/wp-json\/wp\/v2\/tags?post=602089"}],"curies":[{"name":"wp","href":"https:\/\/api.w.org\/{rel}","templated":true}]}}