{"id":602095,"date":"2025-12-16T02:27:20","date_gmt":"2025-12-16T02:27:20","guid":{"rendered":"https:\/\/www.europesays.com\/fr\/602095\/"},"modified":"2025-12-16T02:27:20","modified_gmt":"2025-12-16T02:27:20","slug":"trophee-maitre-artisan-decerne-dans-laire-urbaine-de-nantes","status":"publish","type":"post","link":"https:\/\/www.europesays.com\/fr\/602095\/","title":{"rendered":"Troph\u00e9e Ma\u00eetre Artisan d\u00e9cern\u00e9 dans l&rsquo;aire urbaine de Nantes"},"content":{"rendered":"<p>                            <strong>Le Titre de Ma\u00eetre Artisan a \u00e9t\u00e9 remis la semaine derni\u00e8re \u00e0 la Chambre des M\u00e9tiers et de l\u2019Artisanat de la Loire-Atlantique. 5 artisans font partie de l\u2019aire urbaine de Nantes.<\/strong><\/p>\n<p>A la Chambre de M\u00e9tiers et de l\u2019Artisanat de Loire-Atlantique, jeudi dernier, des titres de Ma\u00eetre artisan ont \u00e9t\u00e9 remis. Un \u00e9v\u00e8nement en pr\u00e9sence de Fr\u00e9d\u00e9ric Brangeon, Pr\u00e9sident de la <strong><a href=\"https:\/\/hellogazettenantes.fr\/pays-de-la-loire-une-tendance-a-la-baisse-pour-la-formation-cma\/\" target=\"_blank\" rel=\"noopener\">CMA<\/a><\/strong> Loire-Atlantique, de Dominique Yani sous-pr\u00e9f\u00e8te repr\u00e9sentant le Pr\u00e9fet de la Loire-Atlantique et des Pays de la Loire.<\/p>\n<p>Ces distinctions sont d\u00e9cern\u00e9es aux chefs d\u2019entreprises \u00e9voluant dans ce secteur depuis au moins 10 ans. Ils doivent justifier \u00ab\u00a0d\u2019un savoir-faire reconnu au titre de la promotion de l\u2019artisanat ou de leur participation \u00e0 des actions de formation, \u00e0 savoir avoir form\u00e9 minima 3 apprentis\u00a0\u00bb explique la CMA Pays de la Loire.<\/p>\n<p>Parmi les artisans r\u00e9compens\u00e9s, cinq sont situ\u00e9s dans l\u2019aire urbaine de Nantes :<\/p>\n<ul class=\"wp-block-list\">\n<li>Christophe Richard CGM Couverture \u00e0 Montbert<\/li>\n<li>David Raffegeau Peintre d\u00e9corateur ravalement \u00e0 Ch\u00e2teau-Th\u00e9baud<\/li>\n<li>Yann Ganachaud Carrossier \u00e0 Saint-Philbert-de-Grand-Lieu<\/li>\n<li>Pascal Lamy Agenceur menuisier \u00e0 Ch\u00e2teau-Th\u00e9baud<\/li>\n<li>Gianni Milano Menuisier Charpentier \u00e0 Pless\u00e9<\/li>\n<\/ul>\n<p>Photo : Les artisans qui se sont vus remettre le Troph\u00e9e Ma\u00eetre Artisan, aux c\u00f4t\u00e9s de Fr\u00e9d\u00e9ric Brandon et de Dominique Yani, CMA Pays de la Loire<\/p>\n<p>            <img decoding=\"async\" alt=\"Advertisement\" src=\"data:image\/svg+xml,%3Csvg%20xmlns=\" http:=\"\" data-lazy-src=\"https:\/\/www.europesays.com\/fr\/wp-content\/uploads\/2025\/04\/Application-mobile-hello-gazette-nantes.gif\"\/>        &#13;<\/p>\n","protected":false},"excerpt":{"rendered":"Le Titre de Ma\u00eetre Artisan a \u00e9t\u00e9 remis la semaine derni\u00e8re \u00e0 la Chambre des M\u00e9tiers et de&hellip;\n","protected":false},"author":2,"featured_media":602096,"comment_status":"","ping_status":"","sticky":false,"template":"","format":"standard","meta":{"footnotes":""},"categories":[2818],"tags":[1111,11,1777,674,1011,27,766,12,2636,25],"class_list":{"0":"post-602095","1":"post","2":"type-post","3":"status-publish","4":"format-standard","5":"has-post-thumbnail","7":"category-nantes","8":"tag-actu","9":"tag-actualites","10":"tag-eu","11":"tag-europe","12":"tag-fr","13":"tag-france","14":"tag-nantes","15":"tag-news","16":"tag-pays-de-la-loire","17":"tag-republique-francaise"},"share_on_mastodon":{"url":"https:\/\/pubeurope.com\/@fr\/115726886084523625","error":""},"_links":{"self":[{"href":"https:\/\/www.europesays.com\/fr\/wp-json\/wp\/v2\/posts\/602095","targetHints":{"allow":["GET"]}}],"collection":[{"href":"https:\/\/www.europesays.com\/fr\/wp-json\/wp\/v2\/posts"}],"about":[{"href":"https:\/\/www.europesays.com\/fr\/wp-json\/wp\/v2\/types\/post"}],"author":[{"embeddable":true,"href":"https:\/\/www.europesays.com\/fr\/wp-json\/wp\/v2\/users\/2"}],"replies":[{"embeddable":true,"href":"https:\/\/www.europesays.com\/fr\/wp-json\/wp\/v2\/comments?post=602095"}],"version-history":[{"count":0,"href":"https:\/\/www.europesays.com\/fr\/wp-json\/wp\/v2\/posts\/602095\/revisions"}],"wp:featuredmedia":[{"embeddable":true,"href":"https:\/\/www.europesays.com\/fr\/wp-json\/wp\/v2\/media\/602096"}],"wp:attachment":[{"href":"https:\/\/www.europesays.com\/fr\/wp-json\/wp\/v2\/media?parent=602095"}],"wp:term":[{"taxonomy":"category","embeddable":true,"href":"https:\/\/www.europesays.com\/fr\/wp-json\/wp\/v2\/categories?post=602095"},{"taxonomy":"post_tag","embeddable":true,"href":"https:\/\/www.europesays.com\/fr\/wp-json\/wp\/v2\/tags?post=602095"}],"curies":[{"name":"wp","href":"https:\/\/api.w.org\/{rel}","templated":true}]}}