{"id":602097,"date":"2025-12-16T02:29:20","date_gmt":"2025-12-16T02:29:20","guid":{"rendered":"https:\/\/www.europesays.com\/fr\/602097\/"},"modified":"2025-12-16T02:29:20","modified_gmt":"2025-12-16T02:29:20","slug":"accident-entre-trois-vehicules-le-peripherique-de-nantes-coupe-et-des-kilometres-de-bouchons","status":"publish","type":"post","link":"https:\/\/www.europesays.com\/fr\/602097\/","title":{"rendered":"Accident entre trois v\u00e9hicules\u00a0: le p\u00e9riph\u00e9rique de Nantes coup\u00e9 et des kilom\u00e8tres de bouchons"},"content":{"rendered":"<p>La dur\u00e9e de l\u2019intervention est ind\u00e9termin\u00e9e, pr\u00e9vient Bison fut\u00e9. Apr\u00e8s un accident entre un fourgon et deux autres v\u00e9hicules, lundi 15\u00a0d\u00e9cembre 2025, le p\u00e9riph\u00e9rique de Nantes est ferm\u00e9 au niveau d\u2019Orvault, lundi 15\u00a0d\u00e9cembre 2025, annonce le site d\u2019informations trafic. L\u2019accident est survenu vers 18\u00a0h\u00a015 vers l\u2019\u00e9changeur de la Porte de Rennes, dans le sens int\u00e9rieur (ouest-est).<\/p>\n<p>\u00a0Les \u00e9quipes d\u2019intervention et de s\u00e9curit\u00e9 sont sur le site de l\u2019\u00e9v\u00e9nement pour assurer le balisage, le nettoyage du site, la protection du site et le relevage du camion\u00a0, est-il indiqu\u00e9.<\/p>\n<p> <a href=\"https:\/\/nantes.maville.com\/info\/info-locale\/info-trafic\/\" target=\"_self\" rel=\"noopener\">? \u00c0 LIRE AUSSI. Info trafic\u00a0: actualit\u00e9s en direct \u00e0 Nantes<\/a> <\/p>\n<p>Des d\u00e9viations en cours<\/p>\n<p>Un itin\u00e9raire de d\u00e9viation a \u00e9t\u00e9 mis en place par le gestionnaire Direction interd\u00e9partementale des routes (DIR) Ouest.<\/p>\n<p>Les automobilistes et autres usagers de la route sont d\u00e9vi\u00e9s au niveau de l\u2019\u00e9changeur de la porte de Rennes (RN 137). Il faut prendre direction Nantes centre, puis retrouver le p\u00e9riph\u00e9rique par la collectrice direction Paris.<\/p>\n<p>3,9\u00a0km de bouchons annonc\u00e9s<\/p>\n<p>Bison fut\u00e9 mentionne, \u00e0 18\u00a0h\u00a045, 3,9\u00a0km d\u2019embouteillages \u00e0 proximit\u00e9 de l\u2019accident, entre Porte d\u2019Orvault et Porte d\u2019Anjou, dans le sens int\u00e9rieur. Les ralentissements commencent d\u00e8s Saint-Herblain, au niveau de l\u2019\u00e9changeur de Porte d\u2019Armor.<\/p>\n<p>Carte en direct<\/p>\n<\/p>\n<p>\u00a0<\/p>\n","protected":false},"excerpt":{"rendered":"La dur\u00e9e de l\u2019intervention est ind\u00e9termin\u00e9e, pr\u00e9vient Bison fut\u00e9. Apr\u00e8s un accident entre un fourgon et deux autres&hellip;\n","protected":false},"author":2,"featured_media":602098,"comment_status":"","ping_status":"","sticky":false,"template":"","format":"standard","meta":{"footnotes":""},"categories":[2818],"tags":[119,1111,11,7050,615,1777,674,1011,27,29006,766,12,2636,4013,25,7727],"class_list":{"0":"post-602097","1":"post","2":"type-post","3":"status-publish","4":"format-standard","5":"has-post-thumbnail","7":"category-nantes","8":"tag-accident","9":"tag-actu","10":"tag-actualites","11":"tag-bouchons","12":"tag-coupe","13":"tag-eu","14":"tag-europe","15":"tag-fr","16":"tag-france","17":"tag-kilometres","18":"tag-nantes","19":"tag-news","20":"tag-pays-de-la-loire","21":"tag-peripherique","22":"tag-republique-francaise","23":"tag-vehicules"},"share_on_mastodon":{"url":"https:\/\/pubeurope.com\/@fr\/115726893995680472","error":""},"_links":{"self":[{"href":"https:\/\/www.europesays.com\/fr\/wp-json\/wp\/v2\/posts\/602097","targetHints":{"allow":["GET"]}}],"collection":[{"href":"https:\/\/www.europesays.com\/fr\/wp-json\/wp\/v2\/posts"}],"about":[{"href":"https:\/\/www.europesays.com\/fr\/wp-json\/wp\/v2\/types\/post"}],"author":[{"embeddable":true,"href":"https:\/\/www.europesays.com\/fr\/wp-json\/wp\/v2\/users\/2"}],"replies":[{"embeddable":true,"href":"https:\/\/www.europesays.com\/fr\/wp-json\/wp\/v2\/comments?post=602097"}],"version-history":[{"count":0,"href":"https:\/\/www.europesays.com\/fr\/wp-json\/wp\/v2\/posts\/602097\/revisions"}],"wp:featuredmedia":[{"embeddable":true,"href":"https:\/\/www.europesays.com\/fr\/wp-json\/wp\/v2\/media\/602098"}],"wp:attachment":[{"href":"https:\/\/www.europesays.com\/fr\/wp-json\/wp\/v2\/media?parent=602097"}],"wp:term":[{"taxonomy":"category","embeddable":true,"href":"https:\/\/www.europesays.com\/fr\/wp-json\/wp\/v2\/categories?post=602097"},{"taxonomy":"post_tag","embeddable":true,"href":"https:\/\/www.europesays.com\/fr\/wp-json\/wp\/v2\/tags?post=602097"}],"curies":[{"name":"wp","href":"https:\/\/api.w.org\/{rel}","templated":true}]}}