{"id":6021,"date":"2025-04-06T19:08:14","date_gmt":"2025-04-06T19:08:14","guid":{"rendered":"https:\/\/www.europesays.com\/fr\/6021\/"},"modified":"2025-04-06T19:08:14","modified_gmt":"2025-04-06T19:08:14","slug":"lallemagne-finance-eutelsat-en-ukraine-alors-que-la-dependance-a-starlink-grandit-04-04-2025-a-1501","status":"publish","type":"post","link":"https:\/\/www.europesays.com\/fr\/6021\/","title":{"rendered":"L&rsquo;Allemagne finance Eutelsat en Ukraine alors que la d\u00e9pendance \u00e0 Starlink grandit &#8211; 04\/04\/2025 \u00e0 15:01"},"content":{"rendered":"<p>        <img fetchpriority=\"high\" decoding=\"async\" src=\"https:\/\/www.europesays.com\/fr\/wp-content\/uploads\/2025\/04\/28eb29dde537620b7c7fd0ae64dd3f87-760x507.jpg\" alt=\"Eva Berneke, directrice g\u00e9n\u00e9rale du Groupe Eutelsat, pose au si\u00e8ge d'Issy-les-Moulineaux\" loading=\"eager\" width=\"760\" height=\"507\" style=\"max-width: 100%!important; height: auto;\"\/><\/p>\n<p class=\"c-image-news__legend\">Eva Berneke, directrice g\u00e9n\u00e9rale du Groupe Eutelsat, pose au si\u00e8ge d&rsquo;Issy-les-Moulineaux<\/p>\n<p>\n Berlin finance l&rsquo;acc\u00e8s de l&rsquo;Ukraine \u00e0 un r\u00e9seau Internet par satellite op\u00e9r\u00e9 par Eutelsat, alors que l&rsquo;Europe explore d&rsquo;autres options de connectivit\u00e9 pour mettre en place une alternative \u00e0 Starlink d&rsquo;Elon Musk.\n<\/p>\n<p>\n La directrice g\u00e9n\u00e9rale d&rsquo;Eutelsat, Eva Berneke, a d\u00e9clar\u00e9 \u00e0 Reuters que l&rsquo;entreprise fournissait son service Internet par satellite \u00e0 haut d\u00e9bit en Ukraine depuis environ un an, via un distributeur allemand.\n<\/p>\n<p>\n Elle a indiqu\u00e9 qu&rsquo;il y avait moins de mille terminaux connectant les utilisateurs ukrainiens au r\u00e9seau d&rsquo;Eutelsat, ce qui repr\u00e9sente une petite fraction des quelque 50.000 terminaux Starlink dont l&rsquo;Ukraine dit disposer. Toutefois, elle a ajout\u00e9 que ce chiffre augmenterait.\n<\/p>\n<p>\n \u00ab\u00a0Nous cherchons \u00e0 installer entre 5.000 et 10.000 terminaux l\u00e0-bas relativement rapidement\u00a0\u00bb, a-t-elle d\u00e9clar\u00e9, pr\u00e9cisant que cela pourrait se faire \u00ab\u00a0dans les semaines \u00e0 venir\u00a0\u00bb.\n<\/p>\n<p>\n Interrog\u00e9e sur le financement de cette provision suppl\u00e9mentaire par l&rsquo;Allemagne, la porte-parole d&rsquo;Eutelsat, Joanna Darlington, a d\u00e9clar\u00e9 que la question \u00e9tait en cours de discussion.\n<\/p>\n<p>\n \u00ab\u00a0Nous ne savons pas encore comment l&rsquo;UE, collectivement ou pays par pays, financera les efforts \u00e0 l&rsquo;avenir\u00a0\u00bb, a d\u00e9clar\u00e9 Joanna Darlington.\n<\/p>\n<p>\n Le minist\u00e8re des Affaires \u00e9trang\u00e8res allemand n&rsquo;a pas r\u00e9pondu aux demandes de commentaires.\n<\/p>\n<p>\n LA D\u00c9PENDANCE \u00c0 STARLINK INQUI\u00c8TE L&rsquo;EUROPE\n<\/p>\n<p>\n Le refroidissement des relations am\u00e9ricano-ukraniennes depuis l&rsquo;arriv\u00e9e de Donald Trump \u00e0 la Maison blanche a suscit\u00e9 des pr\u00e9occupations en Europe concernant la d\u00e9pendance \u00e0 Starlink. Ce service, appartenant \u00e0 SpaceX d&rsquo;Elon Musk, fournit une connectivit\u00e9 essentielle \u00e0 l&rsquo;Ukraine dans sa guerre contre la Russie.\n<\/p>\n<p>\n Cependant, en raison de la relation de Musk avec Trump, certains craignent que l&rsquo;Ukraine ne puisse pas compter sur Starlink \u00e0 long terme.\n<\/p>\n<p>\n Eutelsat, via sa division OneWeb, offre une alternative avec des satellites en orbite basse (LEO), qui transmettent les donn\u00e9es efficacement et fournissent un Internet haut d\u00e9bit aux communaut\u00e9s \u00e9loign\u00e9es et aux arm\u00e9es.\n<\/p>\n<p>\n Eva Berneke a indiqu\u00e9 que des discussions sont en cours avec l&rsquo;Union europ\u00e9enne pour fournir un acc\u00e8s suppl\u00e9mentaire via des projets comme IRIS\u00b2, un programme \u00e0 long terme soutenu par l&rsquo;UE.\n<\/p>\n<p>\n Eutelsat propose aussi un r\u00e9seau de satellites g\u00e9ostationnaires, moins rapides mais moins co\u00fbteux, adapt\u00e9s \u00e0 un usage domestique ou comme solution de secours.\n<\/p>\n<p>\n Eva Berneke a d\u00e9clar\u00e9 que \u00ab\u00a0tant que Starlink fonctionne en Ukraine, il n&rsquo;est pas logique de choisir de ne pas l&rsquo;utiliser\u00a0\u00bb, mais elle a soulign\u00e9 la n\u00e9cessit\u00e9 de disposer d&rsquo;un plan B.\n<\/p>\n<p>\n La Pologne a fourni environ la moiti\u00e9 des 50.000 terminaux Starlink de l&rsquo;Ukraine, d\u00e9pensant 84 millions de dollars (75,83 millions d&rsquo;euros) depuis 2022. Le gouvernement am\u00e9ricain et SpaceX ont \u00e9galement contribu\u00e9 \u00e0 cet effort.\n<\/p>\n<p>\n La Commission europ\u00e9enne a r\u00e9cemment indiqu\u00e9 que l&rsquo;UE devrait financer l&rsquo;acc\u00e8s de l&rsquo;Ukraine aux services spatiaux europ\u00e9ens.\n<\/p>\n<p>\n Le commissaire europ\u00e9en \u00e0 la D\u00e9fense Andrius Kubilius ayant ajout\u00e9 que l&rsquo;Europe devait \u00ab\u00a0d\u00e9velopper ses capacit\u00e9s de mani\u00e8re rapide et urgente\u00a0\u00bb via des initiatives comme GOVSATCOM et IRIS\u00b2.\n<\/p>\n<p>\n (R\u00e9dig\u00e9 par Gianluca Lo Nostro et Cassell Bryan-Low, avec Riham Alkousaa \u00e0 Berlin; version fran\u00e7aise No\u00e9mie Naudin, \u00e9dit\u00e9 par Augustin Turpin)<\/p>\n","protected":false},"excerpt":{"rendered":"Eva Berneke, directrice g\u00e9n\u00e9rale du Groupe Eutelsat, pose au si\u00e8ge d&rsquo;Issy-les-Moulineaux Berlin finance l&rsquo;acc\u00e8s de l&rsquo;Ukraine \u00e0 un&hellip;\n","protected":false},"author":2,"featured_media":6022,"comment_status":"","ping_status":"","sticky":false,"template":"","format":"standard","meta":{"footnotes":""},"categories":[1587],"tags":[400,11,672,398,408,1804,405,1805,1803,1777,674,1801,403,402,399,404,12,1802,401,406,407],"class_list":{"0":"post-6021","1":"post","2":"type-post","3":"status-publish","4":"format-standard","5":"has-post-thumbnail","7":"category-allemagne","8":"tag-action-cac-40","9":"tag-actualites","10":"tag-allemagne","11":"tag-bourse-de-paris","12":"tag-boursorama","13":"tag-bundesrepublik-deutschland","14":"tag-cotations","15":"tag-de","16":"tag-deutschland","17":"tag-eu","18":"tag-europe","19":"tag-germany","20":"tag-indices-devises","21":"tag-investir","22":"tag-investissement","23":"tag-marche-boursier","24":"tag-news","25":"tag-republique-federale-dallemagne","26":"tag-sicav","27":"tag-trackers","28":"tag-warrants"},"share_on_mastodon":{"url":"https:\/\/pubeurope.com\/@fr\/114292595332448466","error":""},"_links":{"self":[{"href":"https:\/\/www.europesays.com\/fr\/wp-json\/wp\/v2\/posts\/6021","targetHints":{"allow":["GET"]}}],"collection":[{"href":"https:\/\/www.europesays.com\/fr\/wp-json\/wp\/v2\/posts"}],"about":[{"href":"https:\/\/www.europesays.com\/fr\/wp-json\/wp\/v2\/types\/post"}],"author":[{"embeddable":true,"href":"https:\/\/www.europesays.com\/fr\/wp-json\/wp\/v2\/users\/2"}],"replies":[{"embeddable":true,"href":"https:\/\/www.europesays.com\/fr\/wp-json\/wp\/v2\/comments?post=6021"}],"version-history":[{"count":0,"href":"https:\/\/www.europesays.com\/fr\/wp-json\/wp\/v2\/posts\/6021\/revisions"}],"wp:featuredmedia":[{"embeddable":true,"href":"https:\/\/www.europesays.com\/fr\/wp-json\/wp\/v2\/media\/6022"}],"wp:attachment":[{"href":"https:\/\/www.europesays.com\/fr\/wp-json\/wp\/v2\/media?parent=6021"}],"wp:term":[{"taxonomy":"category","embeddable":true,"href":"https:\/\/www.europesays.com\/fr\/wp-json\/wp\/v2\/categories?post=6021"},{"taxonomy":"post_tag","embeddable":true,"href":"https:\/\/www.europesays.com\/fr\/wp-json\/wp\/v2\/tags?post=6021"}],"curies":[{"name":"wp","href":"https:\/\/api.w.org\/{rel}","templated":true}]}}