{"id":602107,"date":"2025-12-16T02:37:02","date_gmt":"2025-12-16T02:37:02","guid":{"rendered":"https:\/\/www.europesays.com\/fr\/602107\/"},"modified":"2025-12-16T02:37:02","modified_gmt":"2025-12-16T02:37:02","slug":"soutien-a-christophe-gleizes-actualites","status":"publish","type":"post","link":"https:\/\/www.europesays.com\/fr\/602107\/","title":{"rendered":"Soutien \u00e0 Christophe Gleizes \/ Actualit\u00e9s"},"content":{"rendered":"<p>Le conseil municipal de Lille a adopt\u00e9 \u00e0 l&rsquo;unanimit\u00e9, le 12 d\u00e9cembre 2025, la motion de soutien \u00e0 Christophe Gleizes et \u00e0 la libert\u00e9 de la presse.<\/p>\n<p>            <img loading=\"lazy\" decoding=\"async\" src=\"\/var\/www\/storage\/images\/mediatheque\/mairie-de-lille\/actualites\/images\/2025\/decembre-2025\/christophe-gleizes\/3909463-1-fre-FR\/Christophe-Gleizes_news_image_top.jpg\" width=\"779\" height=\"518\" alt=\"\"\/><br \/>\n    \tChristophe Gleizes.<\/p>\n<p>Voici la motion adopt\u00e9e :<\/p>\n<p>\u00ab\u00a0Le journaliste fran\u00e7ais, Christophe Gleizes, form\u00e9 \u00e0 l\u2019Ecole Sup\u00e9rieure de Journalisme de\u00a0Lille et aujourd\u2019hui collaborateur des m\u00e9dias Society et So Foot, a \u00e9t\u00e9 arr\u00eat\u00e9 le 28 mai\u00a02024 en Alg\u00e9rie o\u00f9 il est depuis retenu en d\u00e9tention \u00e0 Tizi-Ouzou.\u00a0<\/p>\n<p>En premi\u00e8re instance, il a \u00e9t\u00e9 reconnu coupable par la justice alg\u00e9rienne \u00ab d\u2019apologie du\u00a0terrorisme \u00bb et de \u00ab possession de publications \u00e0 but de propagande nuisant \u00e0 l\u2019int\u00e9r\u00eat\u00a0national \u00bb, pour avoir voulu mener un reportage sur le club de football JS Kabylie et des\u00a0entretiens dans le strict cadre de son m\u00e9tier de journaliste sportif.<\/p>\n<p>Le 3 d\u00e9cembre 2025, son proc\u00e8s en appel a confirm\u00e9 sa condamnation par la justice\u00a0alg\u00e9rienne \u00e0 sept ans de prison ferme.<\/p>\n<p>La Ville de Lille qui a toujours fait du respect des droits humains, de la libert\u00e9 de la presse\u00a0et de la libert\u00e9 d\u2019expression des enjeux majeurs, condamne fermement cette d\u00e9cision\u00a0arbitraire et infond\u00e9e.<\/p>\n<p>Face \u00e0 cette situation inacceptable, le conseil municipal de Lille :<\/p>\n<ul class=\"listPuce\">\n<li>demande la lib\u00e9ration imm\u00e9diate et inconditionnelle de Christophe Gleizes et\u00a0l\u2019annulation de sa condamnation ;<\/li>\n<li>demande au Pr\u00e9sident de la R\u00e9publique et au gouvernement fran\u00e7ais d\u2019engager\u00a0toutes les d\u00e9marches pour obtenir des autorit\u00e9s alg\u00e9riennes la lev\u00e9e de la condamnation\u00a0et la lib\u00e9ration de Christophe Gleizes ;<\/li>\n<li>r\u00e9affirme son attachement \u00e0 la libert\u00e9 de la presse et \u00e0 la d\u00e9fense de la libert\u00e9\u00a0d\u2019expression et d\u2019informer ;<\/li>\n<li>exprime son soutien \u00e0 l\u2019ensemble des journalistes, intellectuels, universitaires et\u00a0artistes actuellement menac\u00e9s ou d\u00e9tenus \u00e0 travers le monde.\u00a0\u00bb<\/li>\n<\/ul>\n","protected":false},"excerpt":{"rendered":"Le conseil municipal de Lille a adopt\u00e9 \u00e0 l&rsquo;unanimit\u00e9, le 12 d\u00e9cembre 2025, la motion de soutien \u00e0&hellip;\n","protected":false},"author":2,"featured_media":602108,"comment_status":"","ping_status":"","sticky":false,"template":"","format":"standard","meta":{"footnotes":""},"categories":[2815],"tags":[1111,11,4763,1777,674,1011,27,811,1307,5415,12,25],"class_list":{"0":"post-602107","1":"post","2":"type-post","3":"status-publish","4":"format-standard","5":"has-post-thumbnail","7":"category-lille","8":"tag-actu","9":"tag-actualites","10":"tag-agenda","11":"tag-eu","12":"tag-europe","13":"tag-fr","14":"tag-france","15":"tag-hauts-de-france","16":"tag-lille","17":"tag-mairie","18":"tag-news","19":"tag-republique-francaise"},"share_on_mastodon":{"url":"https:\/\/pubeurope.com\/@fr\/115726926129631311","error":""},"_links":{"self":[{"href":"https:\/\/www.europesays.com\/fr\/wp-json\/wp\/v2\/posts\/602107","targetHints":{"allow":["GET"]}}],"collection":[{"href":"https:\/\/www.europesays.com\/fr\/wp-json\/wp\/v2\/posts"}],"about":[{"href":"https:\/\/www.europesays.com\/fr\/wp-json\/wp\/v2\/types\/post"}],"author":[{"embeddable":true,"href":"https:\/\/www.europesays.com\/fr\/wp-json\/wp\/v2\/users\/2"}],"replies":[{"embeddable":true,"href":"https:\/\/www.europesays.com\/fr\/wp-json\/wp\/v2\/comments?post=602107"}],"version-history":[{"count":0,"href":"https:\/\/www.europesays.com\/fr\/wp-json\/wp\/v2\/posts\/602107\/revisions"}],"wp:featuredmedia":[{"embeddable":true,"href":"https:\/\/www.europesays.com\/fr\/wp-json\/wp\/v2\/media\/602108"}],"wp:attachment":[{"href":"https:\/\/www.europesays.com\/fr\/wp-json\/wp\/v2\/media?parent=602107"}],"wp:term":[{"taxonomy":"category","embeddable":true,"href":"https:\/\/www.europesays.com\/fr\/wp-json\/wp\/v2\/categories?post=602107"},{"taxonomy":"post_tag","embeddable":true,"href":"https:\/\/www.europesays.com\/fr\/wp-json\/wp\/v2\/tags?post=602107"}],"curies":[{"name":"wp","href":"https:\/\/api.w.org\/{rel}","templated":true}]}}