{"id":602115,"date":"2025-12-16T02:42:14","date_gmt":"2025-12-16T02:42:14","guid":{"rendered":"https:\/\/www.europesays.com\/fr\/602115\/"},"modified":"2025-12-16T02:42:14","modified_gmt":"2025-12-16T02:42:14","slug":"previsions-du-mardi-16-decembre-2025-7","status":"publish","type":"post","link":"https:\/\/www.europesays.com\/fr\/602115\/","title":{"rendered":"pr\u00e9visions du mardi 16 d\u00e9cembre 2025"},"content":{"rendered":"<p>\u00c0 Lyon, les temp\u00e9ratures s&rsquo;\u00e9chelonneront entre 7\u00b0C et 13\u00b0C dans la journ\u00e9e. Une modeste brise de sud-est sera ressentie par les habitants. La grisaille ne se dissipe toujours pas, il va y avoir encore des nuages le matin. Des pluies \u00e9parses tomberont. Les valeurs afficheront entre 7 et 11\u00b0C. Le soleil sera au rendez-vous : un magnifique apr\u00e8s-midi se pr\u00e9sente ! Les temp\u00e9ratures seront comprises entre 9 et 13\u00b0C. Apr\u00e8s un court passage nuageux, des \u00e9claircies sont pr\u00e9vues : on passera une soir\u00e9e cl\u00e9mente. Il fera en moyenne 8\u00b0C. Un ciel clair est attendu dans la nuit entre mardi et mercredi.<\/p>\n<p>La ville de Lyon aura quelques \u00e9claircies demain. Le mercure va descendre de quelques degr\u00e9s. Les valeurs s&rsquo;\u00e9chelonneront entre 6 et 12\u00b0C. Les temp\u00e9ratures seront de 6\u00b0C au minimum et de 11\u00b0C au plus haut la matin\u00e9e. Un vent de sud-est rafra\u00eechira quelque peu l&rsquo;atmosph\u00e8re. Les maximales pourront atteindre 12\u00b0C dans l&rsquo;apr\u00e8s-midi tandis que les minimales seront de 8\u00b0C. On pr\u00e9voit une embellie pour cette soir\u00e9e. Le mercure affichera 7\u00b0C en moyenne. Un petit vent de sud-ouest soufflera.<\/p>\n<p>Le temps restera stable les prochains jours. On s&rsquo;attend \u00e0 des journ\u00e9es ensoleill\u00e9es, accompagn\u00e9es par des temp\u00e9ratures dans les 8\u00b0C en moyenne.<\/p>\n<p><\/p>\n","protected":false},"excerpt":{"rendered":"\u00c0 Lyon, les temp\u00e9ratures s&rsquo;\u00e9chelonneront entre 7\u00b0C et 13\u00b0C dans la journ\u00e9e. Une modeste brise de sud-est sera&hellip;\n","protected":false},"author":2,"featured_media":602116,"comment_status":"","ping_status":"","sticky":false,"template":"","format":"standard","meta":{"footnotes":""},"categories":[1889],"tags":[1111,11,2430,1777,674,1011,27,2428,12,2119,25],"class_list":{"0":"post-602115","1":"post","2":"type-post","3":"status-publish","4":"format-standard","5":"has-post-thumbnail","7":"category-lyon","8":"tag-actu","9":"tag-actualites","10":"tag-auvergne-rhone-alpes","11":"tag-eu","12":"tag-europe","13":"tag-fr","14":"tag-france","15":"tag-lyon","16":"tag-news","17":"tag-previsions-meteo","18":"tag-republique-francaise"},"share_on_mastodon":{"url":"https:\/\/pubeurope.com\/@fr\/115726944966885144","error":""},"_links":{"self":[{"href":"https:\/\/www.europesays.com\/fr\/wp-json\/wp\/v2\/posts\/602115","targetHints":{"allow":["GET"]}}],"collection":[{"href":"https:\/\/www.europesays.com\/fr\/wp-json\/wp\/v2\/posts"}],"about":[{"href":"https:\/\/www.europesays.com\/fr\/wp-json\/wp\/v2\/types\/post"}],"author":[{"embeddable":true,"href":"https:\/\/www.europesays.com\/fr\/wp-json\/wp\/v2\/users\/2"}],"replies":[{"embeddable":true,"href":"https:\/\/www.europesays.com\/fr\/wp-json\/wp\/v2\/comments?post=602115"}],"version-history":[{"count":0,"href":"https:\/\/www.europesays.com\/fr\/wp-json\/wp\/v2\/posts\/602115\/revisions"}],"wp:featuredmedia":[{"embeddable":true,"href":"https:\/\/www.europesays.com\/fr\/wp-json\/wp\/v2\/media\/602116"}],"wp:attachment":[{"href":"https:\/\/www.europesays.com\/fr\/wp-json\/wp\/v2\/media?parent=602115"}],"wp:term":[{"taxonomy":"category","embeddable":true,"href":"https:\/\/www.europesays.com\/fr\/wp-json\/wp\/v2\/categories?post=602115"},{"taxonomy":"post_tag","embeddable":true,"href":"https:\/\/www.europesays.com\/fr\/wp-json\/wp\/v2\/tags?post=602115"}],"curies":[{"name":"wp","href":"https:\/\/api.w.org\/{rel}","templated":true}]}}