{"id":602123,"date":"2025-12-16T02:47:25","date_gmt":"2025-12-16T02:47:25","guid":{"rendered":"https:\/\/www.europesays.com\/fr\/602123\/"},"modified":"2025-12-16T02:47:25","modified_gmt":"2025-12-16T02:47:25","slug":"heimstone-va-fermer-ses-portes-apres-dix-neuf-ans-de-creation-2","status":"publish","type":"post","link":"https:\/\/www.europesays.com\/fr\/602123\/","title":{"rendered":"Heimstone va fermer ses portes apr\u00e8s dix-neuf ans de cr\u00e9ation"},"content":{"rendered":"<p>\n                                    <b>Publi\u00e9 le<\/b><br \/>\n                                    <\/p>\n<p>                                        15 d\u00e9cembre 2025<\/p>\n<p class=\"article-content col-md-8 offset-md-1\">\n                                Apr\u00e8s pr\u00e8s de deux d\u00e9cennies de collections, la marque de pr\u00eat-\u00e0-porter f\u00e9minin <a href=\"https:\/\/fr.fashionnetwork.com\/search\/?p0=heimstone\" target=\"_blank\" rel=\"noopener\">Heimstone<\/a> va fermer ses portes, a annonc\u00e9 sa fondatrice et directrice artistique, Alix Petit ce 15 dcembre. En cause : un pouvoir d\u2019achat r\u00e9duit et un march\u00e9 devenu particuli\u00e8rement rude. La fermeture est pr\u00e9vue en deux \u00e9ch\u00e9ances : sa boutique physique, situ\u00e9e au 23 rue du Cherche-Midi dans le VIe arrondissement de Paris, fermera ses portes le 20 d\u00e9cembre et sa plateforme e-commerce cessera de fonctionner le 30 d\u00e9cembre.<\/p>\n<p><img decoding=\"async\" class=\"news-image\" style=\"width:100%;max-width:776px;\" src=\"https:\/\/www.europesays.com\/fr\/wp-content\/uploads\/2025\/12\/5d3b.png\" alt=\"Heimstone commercialise actuellement sa derni\u00e8re collection\" loading=\"lazy\"\/>Heimstone commercialise actuellement sa derni\u00e8re collection &#8211; Heimstone<\/p>\n<p class=\"col-md-8 offset-md-1 article-content--texte\">\u201cPendant dix-neuf ans, j&rsquo;ai investi dans Heimstone une \u00e9nergie immense, un d\u00e9vouement total et une passion qui m&rsquo;ont autant fa\u00e7onn\u00e9e que j&rsquo;ai fa\u00e7onn\u00e9 Heimstone. Mais une vie n&rsquo;est jamais faite d&rsquo;un seul chapitre, et je me sens aujourd&rsquo;hui guid\u00e9e, tout naturellement, par la fin d&rsquo;un cycle\u201d, d\u00e9clare Alix Petit dans un communiqu\u00e9.<\/p>\n<p class=\"col-md-10 exergue\">Un syst\u00e8me fran\u00e7ais \u201cusant\u201d<\/p>\n<p class=\"col-md-8 offset-md-1 article-content--texte\">\u201cJe tourne la page avec lucidit\u00e9, fiert\u00e9 et s\u00e9r\u00e9nit\u00e9\u201d, poursuit-elle. \u201cJe ne ressens ni nostalgie ni regret, seulement la profonde certitude qu&rsquo;il est temps de fermer une porte pour en ouvrir une autre. Surtout, merci. Vous avez \u00e9t\u00e9 engag\u00e9es, fid\u00e8les et dynamiques ann\u00e9e apr\u00e8s ann\u00e9e. Cette communaut\u00e9 de femmes est sans aucun doute la plus belle r\u00e9ussite de cette aventure.\u201d<\/p>\n<p><img decoding=\"async\" class=\"news-image\" style=\"width:100%;max-width:776px;\" src=\"https:\/\/www.europesays.com\/fr\/wp-content\/uploads\/2025\/12\/8f73.png\" alt=\"L'aventure Heimstone se clot apr\u00e8s dix-neuf ans\" loading=\"lazy\"\/>L&rsquo;aventure Heimstone se clot apr\u00e8s dix-neuf ans &#8211; Heimstone<\/p>\n<p class=\"col-md-8 offset-md-1 article-content--texte\">La cr\u00e9atrice s\u2019est \u00e9galement livr\u00e9e dans une vid\u00e9o publi\u00e9e sur les r\u00e9seaux sociaux, remerciant sa communaut\u00e9 ainsi que ses partenaires de longue date, mais aussi en fustigeant un syst\u00e8me fran\u00e7ais \u201cusant\u201d les acteurs de l\u2019industrie, loin de son \u201cdiscours officiel\u201d.<\/p>\n<p class=\"col-md-10 exergue\">Une marque vendue \u00e0 l\u2019international<\/p>\n<p>Heimstone s\u2019\u00e9tait illustr\u00e9e par des collections aux coupes fluides et aux imprim\u00e9s color\u00e9s, mais aussi par ses nombreux <a href=\"https:\/\/fr.fashionnetwork.com\/news\/Heimstone-entame-un-tour-de-france,1189350.html\" target=\"_blank\" rel=\"noopener\">pop-up stores<\/a>. Le label s\u2019\u00e9tait ainsi invit\u00e9 \u00e0 Marseille, Lyon, Lille, Bordeaux, mais aussi \u00e0 Bruxelles et \u00e0 Londres. Avec Heimstone, Alix Petit avait largement mis\u00e9 sur les concepts en boutique, innovant r\u00e9guli\u00e8rement. Niveau collaborations, la marque s\u2019\u00e9tait alli\u00e9e \u00e0 <a class=\"fnwAddLinks\" href=\"https:\/\/ch.fashionnetwork.com\/tags-damart\" title=\"Damart\" target=\"_blank\" rel=\"noopener\">Damart<\/a>, <a class=\"fnwAddLinks\" href=\"https:\/\/ch.fashionnetwork.com\/tags-catimini\" title=\"Catimini\" target=\"_blank\" rel=\"noopener\">Catimini<\/a>, <a class=\"fnwAddLinks\" href=\"https:\/\/ch.fashionnetwork.com\/tags-spartoo\" title=\"Spartoo\" target=\"_blank\" rel=\"noopener\">Spartoo<\/a>, <a class=\"fnwAddLinks\" href=\"https:\/\/ch.fashionnetwork.com\/tags-bocage\" title=\"Bocage\" target=\"_blank\" rel=\"noopener\">Bocage<\/a>, Bugaboo ou encore Olivia Dar.<\/p>\n<p><img decoding=\"async\" class=\"news-image\" style=\"width:100%;max-width:776px;\" src=\"https:\/\/www.europesays.com\/fr\/wp-content\/uploads\/2025\/12\/031a.png\" alt=\"La marque aura connu une reconnaissance et des ventes \u00e0 l'international\" loading=\"lazy\"\/>La marque aura connu une reconnaissance et des ventes \u00e0 l&rsquo;international &#8211; Heimstone<\/p>\n<p class=\"col-md-8 offset-md-1 article-content--texte\">Pour vendre, Heimstone s&rsquo;appuie sur huit revendeurs, dont Featsy by Piccadilly Circus \u00e0 Annecy, By Mahe \u00e0 Meg\u00e8ve ou Frimousse le Drugstore \u00e0 Rennes. Pass\u00e9e par l&rsquo;Atelier Chardon Savard, Alix Petit a fait de Heimstone une marque pris\u00e9e \u00e0 l\u2019international au z\u00e9nith de sa reconnaissance, avec des ventes r\u00e9alis\u00e9es aux \u00c9tats-Unis, aux \u00c9mirats Arabes Unis ou encore en Asie.\u00a0\n                            <\/p>\n<p>\n                                Tous droits de reproduction et de repr\u00e9sentation r\u00e9serv\u00e9s.<br \/>\u00a9 2025 FashionNetwork.com\n                            <\/p>\n","protected":false},"excerpt":{"rendered":"Publi\u00e9 le 15 d\u00e9cembre 2025 Apr\u00e8s pr\u00e8s de deux d\u00e9cennies de collections, la marque de pr\u00eat-\u00e0-porter f\u00e9minin Heimstone&hellip;\n","protected":false},"author":2,"featured_media":601655,"comment_status":"","ping_status":"","sticky":false,"template":"","format":"standard","meta":{"footnotes":""},"categories":[1888],"tags":[11,71417,2424,46169,25728,537,2423,71416,1777,674,1011,27,2425,985,12,2298,626,2426,2427,25,2421,71418,2422],"class_list":{"0":"post-602123","1":"post","2":"type-post","3":"status-publish","4":"format-standard","5":"has-post-thumbnail","7":"category-paris","8":"tag-actualites","9":"tag-atelier-chardon-savard","10":"tag-beaute","11":"tag-bocage","12":"tag-catimini","13":"tag-contact","14":"tag-cosmetiques","15":"tag-damart","16":"tag-eu","17":"tag-europe","18":"tag-fr","19":"tag-france","20":"tag-luxe","21":"tag-mode","22":"tag-news","23":"tag-parfum","24":"tag-paris","25":"tag-professionnel","26":"tag-professionnels","27":"tag-republique-francaise","28":"tag-reseau","29":"tag-spartoo","30":"tag-textile"},"share_on_mastodon":{"url":"https:\/\/pubeurope.com\/@fr\/115726965761912147","error":""},"_links":{"self":[{"href":"https:\/\/www.europesays.com\/fr\/wp-json\/wp\/v2\/posts\/602123","targetHints":{"allow":["GET"]}}],"collection":[{"href":"https:\/\/www.europesays.com\/fr\/wp-json\/wp\/v2\/posts"}],"about":[{"href":"https:\/\/www.europesays.com\/fr\/wp-json\/wp\/v2\/types\/post"}],"author":[{"embeddable":true,"href":"https:\/\/www.europesays.com\/fr\/wp-json\/wp\/v2\/users\/2"}],"replies":[{"embeddable":true,"href":"https:\/\/www.europesays.com\/fr\/wp-json\/wp\/v2\/comments?post=602123"}],"version-history":[{"count":0,"href":"https:\/\/www.europesays.com\/fr\/wp-json\/wp\/v2\/posts\/602123\/revisions"}],"wp:featuredmedia":[{"embeddable":true,"href":"https:\/\/www.europesays.com\/fr\/wp-json\/wp\/v2\/media\/601655"}],"wp:attachment":[{"href":"https:\/\/www.europesays.com\/fr\/wp-json\/wp\/v2\/media?parent=602123"}],"wp:term":[{"taxonomy":"category","embeddable":true,"href":"https:\/\/www.europesays.com\/fr\/wp-json\/wp\/v2\/categories?post=602123"},{"taxonomy":"post_tag","embeddable":true,"href":"https:\/\/www.europesays.com\/fr\/wp-json\/wp\/v2\/tags?post=602123"}],"curies":[{"name":"wp","href":"https:\/\/api.w.org\/{rel}","templated":true}]}}