{"id":602126,"date":"2025-12-16T02:49:22","date_gmt":"2025-12-16T02:49:22","guid":{"rendered":"https:\/\/www.europesays.com\/fr\/602126\/"},"modified":"2025-12-16T02:49:22","modified_gmt":"2025-12-16T02:49:22","slug":"le-pays-peut-desormais-etre-defait-sans-etre-envahi-affirme-sebastien-lecornu","status":"publish","type":"post","link":"https:\/\/www.europesays.com\/fr\/602126\/","title":{"rendered":"Le pays \u00ab\u00a0peut d\u00e9sormais \u00eatre d\u00e9fait sans \u00eatre envahi\u00a0\u00bb, affirme S\u00e9bastien Lecornu"},"content":{"rendered":"<p><a href=\"https:\/\/www.20minutes.fr\/politique\/sebastien-lecornu\/\" target=\"_blank\" class=\"c-link c-link--is-underlined\" rel=\"noopener\">S\u00e9bastien Lecornu<\/a> a choisi le <a href=\"https:\/\/www.20minutes.fr\/dossier\/senat\" target=\"_blank\" class=\"c-link c-link--is-underlined\" rel=\"noopener\">S\u00e9nat<\/a> pour alerter sur la transformation profonde des menaces qui p\u00e8sent sur la France. Devant les s\u00e9nateurs, le ministre des arm\u00e9es a insist\u00e9 sur le caract\u00e8re d\u00e9sormais \u00ab\u00a0beaucoup plus hybride\u00a0\u00bb des attaques susceptibles de viser la nation, en pointant explicitement la <a href=\"https:\/\/www.20minutes.fr\/monde\/russie\/\" target=\"_blank\" class=\"c-link c-link--is-underlined\" rel=\"noopener\">Russie<\/a>. \u00ab\u00a0On peut \u00eatre d\u00e9sormais d\u00e9fait sans \u00eatre envahi\u00a0\u00bb, a-t-il pr\u00e9venu. Les lignes de front se d\u00e9placent vers de nouveaux espaces strat\u00e9giques\u00a0: routes maritimes, fonds marins, cyberespace. Les <a href=\"https:\/\/www.20minutes.fr\/dossier\/cyberattaque\" target=\"_blank\" class=\"c-link c-link--is-underlined\" rel=\"noopener\">attaques informatiques<\/a>, a-t-il soulign\u00e9, ne ciblent plus seulement l\u2019Etat, mais touchent aussi les collectivit\u00e9s locales, les h\u00f4pitaux et les entreprises, brouillant la fronti\u00e8re entre s\u00e9curit\u00e9 civile et d\u00e9fense nationale.<\/p>\n<p>Dans ce contexte, le <a href=\"https:\/\/www.20minutes.fr\/dossier\/premier_ministre\" target=\"_blank\" class=\"c-link c-link--is-underlined\" rel=\"noopener\">Premier ministre<\/a> a plaid\u00e9 pour \u00ab\u00a0aller un peu plus loin\u00a0\u00bb en ouvrant, d\u00e8s le premier trimestre, un d\u00e9bat sur une actualisation de la <a href=\"https:\/\/www.20minutes.fr\/dossier\/defense\" target=\"_blank\" class=\"c-link c-link--is-underlined\" rel=\"noopener\">loi de programmation militaire<\/a>. Cette r\u00e9flexion devra int\u00e9grer la dimension internationale de l\u2019effort de d\u00e9fense, et en particulier la place de la France au sein de l\u2019<a href=\"https:\/\/www.20minutes.fr\/monde\/otan\/\" target=\"_blank\" class=\"c-link c-link--is-underlined\" rel=\"noopener\">Otan<\/a>. L\u2019enjeu, selon lui, consiste \u00e0 garantir l\u2019autonomie strat\u00e9gique du pays \u00ab\u00a0quoi qu\u2019il arrive\u00a0\u00bb, tout en renfor\u00e7ant le pilier europ\u00e9en de l\u2019Alliance atlantique.<\/p>\n<\/p>\n<p>Des attaques hybrides contre la France<\/p>\n<p>C\u2019est dans ce climat de tension strat\u00e9gique que le S\u00e9nat a largement approuv\u00e9, lundi, le principe d\u2019une augmentation des moyens allou\u00e9s aux arm\u00e9es. Par 307 voix contre 19, les s\u00e9nateurs ont valid\u00e9 ce vote non contraignant, organis\u00e9 dans les deux chambres du Parlement. L\u2019objectif affich\u00e9 par l\u2019ex\u00e9cutif est clair\u00a0: s\u00e9curiser l\u2019adoption d\u2019un budget de l\u2019Etat particuli\u00e8rement contraint, alors que le gouvernement s\u2019attend \u00e0 des discussions plus \u00e2pres \u00e0 l\u2019<a href=\"https:\/\/www.20minutes.fr\/dossier\/assemblee_nationale\" target=\"_blank\" class=\"c-link c-link--is-underlined\" rel=\"noopener\">Assembl\u00e9e nationale<\/a>.<\/p>\n<p><a href=\"https:\/\/www.20minutes.fr\/dossier\/defense\" target=\"_blank\" class=\"c-link c-btn c-btn--primary\" rel=\"noopener\">Notre dossier sur la D\u00e9fense<\/a><\/p>\n<p>Cette approbation s\u2019inscrit dans l\u2019examen du projet de loi de finances, qui pr\u00e9voit une hausse de 6,7\u00a0milliards d\u2019euros des cr\u00e9dits de la d\u00e9fense. Une semaine plus t\u00f4t, les d\u00e9put\u00e9s avaient d\u00e9j\u00e0 donn\u00e9 leur feu vert au \u00ab\u00a0principe\u00a0\u00bb d\u2019un renforcement de l\u2019effort <a href=\"https:\/\/www.20minutes.fr\/dossier\/militaire\" target=\"_blank\" class=\"c-link c-link--is-underlined\" rel=\"noopener\">militaire<\/a>. En se pronon\u00e7ant \u00e0 son tour, la majorit\u00e9 s\u00e9natoriale, ancr\u00e9e \u00e0 droite, a envoy\u00e9 un signal politique fort en soutien \u00e0 la trajectoire budg\u00e9taire d\u00e9fendue par l\u2019ex\u00e9cutif, confirmant que la question de la d\u00e9fense s\u2019impose d\u00e9sormais comme un axe central du d\u00e9bat budg\u00e9taire et strat\u00e9gique.<\/p>\n","protected":false},"excerpt":{"rendered":"S\u00e9bastien Lecornu a choisi le S\u00e9nat pour alerter sur la transformation profonde des menaces qui p\u00e8sent sur la&hellip;\n","protected":false},"author":2,"featured_media":602127,"comment_status":"","ping_status":"","sticky":false,"template":"","format":"standard","meta":{"footnotes":""},"categories":[1591],"tags":[47,11,1813,2481,554,1887,12,136,316,1885,1886,132,11067,1004],"class_list":{"0":"post-602126","1":"post","2":"type-post","3":"status-publish","4":"format-standard","5":"has-post-thumbnail","7":"category-russie","8":"tag-actualite","9":"tag-actualites","10":"tag-armee","11":"tag-cyberattaque","12":"tag-defense","13":"tag-federation-de-russie","14":"tag-news","15":"tag-otan","16":"tag-politique","17":"tag-russia","18":"tag-russian-federation","19":"tag-russie","20":"tag-sebastien-lecornu","21":"tag-senat"},"share_on_mastodon":{"url":"https:\/\/pubeurope.com\/@fr\/115726972771339489","error":""},"_links":{"self":[{"href":"https:\/\/www.europesays.com\/fr\/wp-json\/wp\/v2\/posts\/602126","targetHints":{"allow":["GET"]}}],"collection":[{"href":"https:\/\/www.europesays.com\/fr\/wp-json\/wp\/v2\/posts"}],"about":[{"href":"https:\/\/www.europesays.com\/fr\/wp-json\/wp\/v2\/types\/post"}],"author":[{"embeddable":true,"href":"https:\/\/www.europesays.com\/fr\/wp-json\/wp\/v2\/users\/2"}],"replies":[{"embeddable":true,"href":"https:\/\/www.europesays.com\/fr\/wp-json\/wp\/v2\/comments?post=602126"}],"version-history":[{"count":0,"href":"https:\/\/www.europesays.com\/fr\/wp-json\/wp\/v2\/posts\/602126\/revisions"}],"wp:featuredmedia":[{"embeddable":true,"href":"https:\/\/www.europesays.com\/fr\/wp-json\/wp\/v2\/media\/602127"}],"wp:attachment":[{"href":"https:\/\/www.europesays.com\/fr\/wp-json\/wp\/v2\/media?parent=602126"}],"wp:term":[{"taxonomy":"category","embeddable":true,"href":"https:\/\/www.europesays.com\/fr\/wp-json\/wp\/v2\/categories?post=602126"},{"taxonomy":"post_tag","embeddable":true,"href":"https:\/\/www.europesays.com\/fr\/wp-json\/wp\/v2\/tags?post=602126"}],"curies":[{"name":"wp","href":"https:\/\/api.w.org\/{rel}","templated":true}]}}