{"id":602154,"date":"2025-12-16T03:13:35","date_gmt":"2025-12-16T03:13:35","guid":{"rendered":"https:\/\/www.europesays.com\/fr\/602154\/"},"modified":"2025-12-16T03:13:35","modified_gmt":"2025-12-16T03:13:35","slug":"pres-de-pont-audemer-des-cours-de-dessin-sont-proposes-a-la-mairie","status":"publish","type":"post","link":"https:\/\/www.europesays.com\/fr\/602154\/","title":{"rendered":"Pr\u00e8s de Pont-Audemer, des cours de dessin sont propos\u00e9s \u00e0 la mairie"},"content":{"rendered":"<p>                    Par<br \/>\n        <strong><br \/>\n            <a href=\"https:\/\/actu.fr\/auteur\/benoit-galley\" title=\"Consulter tous les articles de Beno\u00eet Galley\" target=\"_blank\" rel=\"noopener\">Beno\u00eet Galley<\/a><br \/>\n                    <\/strong><\/p>\n<p>        Publi\u00e9 le<\/p>\n<p>            14 d\u00e9c. 2025 \u00e0 9h26        <\/p>\n<p>En plus de sa fonction administrative, <a href=\"https:\/\/actu.fr\/normandie\/selles_27620\/selles-il-y-a-120-ans-un-legs-permettait-la-construction-de-la-mairie-et-de-lecole_61496013.html\" target=\"_blank\" rel=\"noopener\">la belle et grande mairie<\/a> est-elle en train de devenir le centre artistique de <a href=\"https:\/\/actu.fr\/normandie\/selles_27620\" target=\"_blank\" rel=\"noopener\">Selles<\/a> (Eure) ? Parall\u00e8lement aux<a href=\"https:\/\/actu.fr\/normandie\/selles_27620\/dans-ce-petit-village-de-leure-un-professeur-enseigne-piano-et-musique-a-la-mairie_63281407.html\" target=\"_blank\" rel=\"noopener\"> cours hebdomadaires de musique prodigu\u00e9s par David Vuillard<\/a>, voil\u00e0 que les adeptes des disciplines picturales peuvent venir apprendre ou assouvir leur passion.<\/p>\n<p class=\" wall-content\">Chaque jeudi apr\u00e8s-midi, de 14 h \u00e0 16 h, <b>Corinne Bonnesoeur<\/b> guide et fait ainsi progresser une dizaine d\u2019\u00e9l\u00e8ves dans les domaines du <b>dessin, du pastel, de l\u2019aquarelle, de la peinture ou encore du modelage<\/b>. \u00ab Je suis l\u00e0 pour rassurer et aider \u00e0 comprendre ; l\u2019important est de ressortir de la s\u00e9ance avec une cr\u00e9ation qui pla\u00eet \u00bb, r\u00e9sume cette artiste plasticienne, \u00e9galement artisan d\u2019art peintre en d\u00e9cors, g\u00e9rante de \u00ab La P\u00e9pite d\u2019Art \u00bb.<\/p>\n<p>Dix \u00e9l\u00e8ves maximum<\/p>\n<p class=\" wall-content\">Dipl\u00f4m\u00e9e de l\u2019\u00e9cole sup\u00e9rieure des arts appliqu\u00e9s Boulle au terme de cinq ann\u00e9es d\u2019\u00e9tudes, qualifi\u00e9e artisan d\u2019art par la Chambre des M\u00e9tiers, cette r\u00e9sidente de <a href=\"https:\/\/actu.fr\/normandie\/bonneville-la-louvet_14085\" target=\"_blank\" rel=\"noopener\">Bonneville-la-Louvet<\/a>, forte de vingt ans d\u2019exp\u00e9rience aupr\u00e8s des enfants, intervient <b>depuis cinq ann\u00e9es aupr\u00e8s des adultes \u00e0 Cormeilles<\/b> puis maintenant \u00e0 Selles. \u00ab Ici, il n\u2019y a pas de barri\u00e8res, tout le monde peut venir quel que soit son niveau ! \u00bb Tout le monde sauf que, quand m\u00eame, le nombre d\u2019\u00e9l\u00e8ves est limit\u00e9 \u00e0 dix.<\/p>\n<p class=\" wall-content\">Ce jeudi 27\u00a0novembre, c\u2019est sur la technique du pastel que travaillent attentivement six dames, avec la ferme intention de reproduire au plus juste un savoureux bouquet floral \u00ab m\u00eame si les digressions personnelles sont autoris\u00e9es \u00bb. \u00ab Nous \u00e9voluons entre r\u00e9alit\u00e9 et abstrait mais, de toute fa\u00e7on, ces cours demeurent du pur loisir \u00bb, insiste Corinne Bonnesoeur qui pense d\u00e9j\u00e0 \u00e0 proposer <b>une exposition des diff\u00e9rentes r\u00e9alisations lors du week-end du 24\u00a0janvier<\/b> prochain co\u00efncidant avec la traditionnelle c\u00e9r\u00e9monie des v\u0153ux du maire. \u00ab Et, bien s\u00fbr, nous programmons une sortie annuelle au mus\u00e9e, comme au Louvre l\u2019an pass\u00e9 \u00bb.<\/p>\n<p>\u00ab\u00a0Faire vivre le village\u00a0\u00bb<\/p>\n<p class=\" wall-content\">\u00c0 toutes fins utiles, sachez que le tarif pour une s\u00e9ance de deux heures se monte \u00e0 12\u00a0euros, que le mat\u00e9riel n\u00e9cessaire \u00e0 la pratique peut \u00eatre fourni, une adh\u00e9sion annuelle d\u2019un montant de cinq euros \u00e0 l\u2019association Campagn\u2019Art et Cie \u00e9tant demand\u00e9e en suppl\u00e9ment \u00e0 chaque participant. (Site : <a href=\"http:\/\/www.assocampagnart.fr\" target=\"_blank\" rel=\"noopener\">www.assocampagnart.fr<\/a>). \u00ab Avec toutes ces activit\u00e9s, nous cherchons \u00e0 faire vivre le village et \u00e0 apporter quelque chose \u00e0 la population. Notre mairie est vaste : c\u2019est une fa\u00e7on d\u2019occuper utilement et agr\u00e9ablement les locaux \u00bb, affirme <b>G\u00e9rard Platel,<\/b> maire. (renseignements : 06 16 88 04 00).<\/p>\n<p class=\" wall-content\">Personnalisez votre actualit\u00e9 en ajoutant vos villes et m\u00e9dias en favori avec <a href=\"https:\/\/moncompte.actu.fr\" title=\"D\u00e9couvez Mon Actu\" rel=\"nofollow noopener\" data-trk=\"{&quot;cta&quot;:{&quot;action&quot;:&quot;https:\\\/\\\/moncompte.actu.fr&quot;,&quot;category&quot;:&quot;mon compte&quot;,&quot;from&quot;:&quot;article footer&quot;,&quot;name&quot;:&quot;Mon actu&quot;,&quot;type&quot;:&quot;cta&quot;}}\" target=\"_blank\">Mon Actu<\/a>.<\/p>\n","protected":false},"excerpt":{"rendered":"Par Beno\u00eet Galley Publi\u00e9 le 14 d\u00e9c. 2025 \u00e0 9h26 En plus de sa fonction administrative, la belle&hellip;\n","protected":false},"author":2,"featured_media":602155,"comment_status":"","ping_status":"","sticky":false,"template":"","format":"standard","meta":{"footnotes":""},"categories":[1358],"tags":[1477,1348,1384,1385,1386,58,59,1011,27,104],"class_list":{"0":"post-602154","1":"post","2":"type-post","3":"status-publish","4":"format-standard","5":"has-post-thumbnail","7":"category-arts-et-design","8":"tag-artisanat","9":"tag-arts","10":"tag-arts-and-design","11":"tag-arts-et-design","12":"tag-design","13":"tag-divertissement","14":"tag-entertainment","15":"tag-fr","16":"tag-france","17":"tag-societe"},"share_on_mastodon":{"url":"https:\/\/pubeurope.com\/@fr\/115727066914250509","error":""},"_links":{"self":[{"href":"https:\/\/www.europesays.com\/fr\/wp-json\/wp\/v2\/posts\/602154","targetHints":{"allow":["GET"]}}],"collection":[{"href":"https:\/\/www.europesays.com\/fr\/wp-json\/wp\/v2\/posts"}],"about":[{"href":"https:\/\/www.europesays.com\/fr\/wp-json\/wp\/v2\/types\/post"}],"author":[{"embeddable":true,"href":"https:\/\/www.europesays.com\/fr\/wp-json\/wp\/v2\/users\/2"}],"replies":[{"embeddable":true,"href":"https:\/\/www.europesays.com\/fr\/wp-json\/wp\/v2\/comments?post=602154"}],"version-history":[{"count":0,"href":"https:\/\/www.europesays.com\/fr\/wp-json\/wp\/v2\/posts\/602154\/revisions"}],"wp:featuredmedia":[{"embeddable":true,"href":"https:\/\/www.europesays.com\/fr\/wp-json\/wp\/v2\/media\/602155"}],"wp:attachment":[{"href":"https:\/\/www.europesays.com\/fr\/wp-json\/wp\/v2\/media?parent=602154"}],"wp:term":[{"taxonomy":"category","embeddable":true,"href":"https:\/\/www.europesays.com\/fr\/wp-json\/wp\/v2\/categories?post=602154"},{"taxonomy":"post_tag","embeddable":true,"href":"https:\/\/www.europesays.com\/fr\/wp-json\/wp\/v2\/tags?post=602154"}],"curies":[{"name":"wp","href":"https:\/\/api.w.org\/{rel}","templated":true}]}}