{"id":602160,"date":"2025-12-16T03:17:42","date_gmt":"2025-12-16T03:17:42","guid":{"rendered":"https:\/\/www.europesays.com\/fr\/602160\/"},"modified":"2025-12-16T03:17:42","modified_gmt":"2025-12-16T03:17:42","slug":"twilight-3-pourquoi-linterprete-de-victoria-a-t-elle-ete-remplacee","status":"publish","type":"post","link":"https:\/\/www.europesays.com\/fr\/602160\/","title":{"rendered":"Twilight 3 : Pourquoi l&rsquo;interpr\u00e8te de Victoria a-t-elle \u00e9t\u00e9 remplac\u00e9e ?"},"content":{"rendered":"<p>Ce lundi 15 d\u00e9cembre 2025, la cha\u00eene W9 diffuse le troisi\u00e8me volet de la saga Twilight, H\u00e9sitation. Les fans retrouvent Kristen Stewart, Robert Pattinson et Taylor Lautner dans leur r\u00f4le, mais l&rsquo;actrice qui interpr\u00e9tait Victoria a \u00e9t\u00e9 remplac\u00e9e. D\u00e9couvrez pourquoi.<\/p>\n<p>La cha\u00eene W9 continue de diffuser la suite de <a href=\"https:\/\/www.programme-tv.net\/news\/cinema\/388130-une-suite-de-twilight-ces-propos-de-stephenie-meyer-qui-vont-faire-plaisir-aux-fans\/\" data-api-deeplink=\"teleloisirs:\/\/news\/388130\" target=\"_blank\" rel=\"noopener\">la saga Twilight, rendue populaire gr\u00e2ce \u00e0 la s\u00e9rie litt\u00e9raire de Stephenie Meyer<\/a>. On y suit Bella, une jeune adolescente qui part s&rsquo;installer chez son p\u00e8re dans une petite ville pluvieuse de l&rsquo;\u00e9tat de Washington. Elle se sent \u00e9trangement attir\u00e9e par Edward, un myst\u00e9rieux jeune homme, \u00e0 la famille \u00e9trange, et elle va d\u00e9couvrir que ce sont tous des vampires. Par amour, elle est pr\u00eate \u00e0 tous les dangers, quitte \u00e0 mettre sa vie en p\u00e9ril. Dans le premier volet, elle \u00e9chappe de justesse \u00e0 un vampire sanguinaire &#8211; et <a href=\"https:\/\/www.programme-tv.net\/news\/cinema\/393154-twilight-chapitre-1-ce-scenario-completement-fou-auquel-on-a-echappe\/\" data-api-deeplink=\"teleloisirs:\/\/news\/393154\" target=\"_blank\" rel=\"noopener\">le sc\u00e9nario du film a bien failli s&rsquo;\u00e9loigner du livre.<\/a><\/p>\n<p>La famille Cullen arrive \u00e0 stopper ce chasseur, mais \u00e0 partir de ce jour, Bella va \u00eatre poursuivie par un autre vampire, Victoria, la compagne de ce dernier. Son personnage est <a href=\"https:\/\/www.programme-tv.net\/news\/series-tv\/110872-une-vie-de-mensonge-m6-que-devient-rachelle-lefevre-depuis-under-the-dome-photos\/\" data-api-deeplink=\"teleloisirs:\/\/news\/110872\" target=\"_blank\" rel=\"noopener\">interpr\u00e9t\u00e9 \u00e0 l&rsquo;\u00e9cran par Rachelle Lef\u00e8vre<\/a>, mais l&rsquo;actrice a \u00e9t\u00e9 remplac\u00e9e dans le troisi\u00e8me volet de la saga, diffus\u00e9 ce lundi 15 d\u00e9cembre 2025, \u00e0 21h10 sur W9. C&rsquo;est d\u00e9sormais au tour de Bryce Dallas Howard de chasser Bella dans le film.<\/p>\n<p>                        \u00ab\u00a0L&rsquo;une des exp\u00e9riences les plus \u00e9puisantes \u00e9motionnellement\u00a0\u00bb, confie Rachelle Lef\u00e8vre<\/p>\n<p>\u00c0 l&rsquo;\u00e9poque, le remplacement de Rachelle Lef\u00e8vre avait fait grand bruit. Officiellement, le studio de cin\u00e9ma Summit Entertainment expliquait qu&rsquo;il s&rsquo;agissait d&rsquo;un \u00ab\u00a0conflit d\u2019emploi du temps\u00a0\u00bb, car l&rsquo;actrice s&rsquo;\u00e9tait engag\u00e9e sur un autre film, dont le tournage avait lieu en m\u00eame temps que Twilight. Il a fallu attendre 2009 pour que la principale int\u00e9ress\u00e9e donne sa version de l&rsquo;histoire. \u00ab\u00a0En aucun cas, lorsque j&rsquo;ai choisi de faire Le Monde de Barney je n&rsquo;ai su, pens\u00e9 ou eu la moindre raison de croire que cela allait me co\u00fbter H\u00e9sitation. C&rsquo;est apparu plus tard et je ne l&rsquo;avais pas pr\u00e9vu\u00a0\u00bb, explique-t-elle \u00e0 nos confr\u00e8res du <a href=\"https:\/\/montrealgazette.com\/\" target=\"_blank\" rel=\"noopener\">Montreal Gazette<\/a>.<\/p>\n<p>\u00ab\u00a0Tout s&rsquo;est pass\u00e9 si vite et si publiquement\u00a0\u00bb, ajoutait Rachelle Lef\u00e8vre, marqu\u00e9e par ce d\u00e9ballage m\u00e9diatique : \u00ab\u00a0C&rsquo;\u00e9tait l&rsquo;une des exp\u00e9riences les plus \u00e9puisantes \u00e9motionnellement\u00a0\u00bb. Le choix de <a href=\"https:\/\/www.programme-tv.net\/news\/cinema\/67484-la-bombe-de-la-semaine-bryce-dallas-howard-jurassic-world\/\" data-api-deeplink=\"teleloisirs:\/\/news\/67484\" target=\"_blank\" rel=\"noopener\">Bryce Dallas Howard n&rsquo;a pas \u00e9t\u00e9 fait au hasard<\/a>, car elle \u00e9tait en r\u00e9alit\u00e9 la premi\u00e8re option du studio Summit Entertainment. \u00c0 l&rsquo;\u00e9poque, l&rsquo;actrice avait pr\u00e9f\u00e9r\u00e9 d\u00e9cliner l&rsquo;offre, car elle estimait que le r\u00f4le \u00e9tait trop \u00ab\u00a0insignifiant pour l&rsquo;int\u00e9resser\u00a0\u00bb.<\/p>\n","protected":false},"excerpt":{"rendered":"Ce lundi 15 d\u00e9cembre 2025, la cha\u00eene W9 diffuse le troisi\u00e8me volet de la saga Twilight, H\u00e9sitation. Les&hellip;\n","protected":false},"author":2,"featured_media":602161,"comment_status":"","ping_status":"","sticky":false,"template":"","format":"standard","meta":{"footnotes":""},"categories":[1354],"tags":[71474,5334,71478,71477,244,58,59,2081,1346,1011,27,71475,22142,1360,22562,38622,71476],"class_list":{"0":"post-602160","1":"post","2":"type-post","3":"status-publish","4":"format-standard","5":"has-post-thumbnail","7":"category-films","8":"tag-bryce-dallas-howard","9":"tag-channel_bandes-annonces","10":"tag-chapitre-3-hu00e9sitation","11":"tag-chapitre-3-hu00e9sitation-16579180","12":"tag-commentaire","13":"tag-divertissement","14":"tag-entertainment","15":"tag-film","16":"tag-films","17":"tag-fr","18":"tag-france","19":"tag-guid_5986659443001","20":"tag-kristen-stewart","21":"tag-movies","22":"tag-robert-pattinson","23":"tag-twilight","24":"tag-uuid_21f1920c-426f-43da-94b8-8c05c15e4286"},"share_on_mastodon":{"url":"https:\/\/pubeurope.com\/@fr\/115727083072896724","error":""},"_links":{"self":[{"href":"https:\/\/www.europesays.com\/fr\/wp-json\/wp\/v2\/posts\/602160","targetHints":{"allow":["GET"]}}],"collection":[{"href":"https:\/\/www.europesays.com\/fr\/wp-json\/wp\/v2\/posts"}],"about":[{"href":"https:\/\/www.europesays.com\/fr\/wp-json\/wp\/v2\/types\/post"}],"author":[{"embeddable":true,"href":"https:\/\/www.europesays.com\/fr\/wp-json\/wp\/v2\/users\/2"}],"replies":[{"embeddable":true,"href":"https:\/\/www.europesays.com\/fr\/wp-json\/wp\/v2\/comments?post=602160"}],"version-history":[{"count":0,"href":"https:\/\/www.europesays.com\/fr\/wp-json\/wp\/v2\/posts\/602160\/revisions"}],"wp:featuredmedia":[{"embeddable":true,"href":"https:\/\/www.europesays.com\/fr\/wp-json\/wp\/v2\/media\/602161"}],"wp:attachment":[{"href":"https:\/\/www.europesays.com\/fr\/wp-json\/wp\/v2\/media?parent=602160"}],"wp:term":[{"taxonomy":"category","embeddable":true,"href":"https:\/\/www.europesays.com\/fr\/wp-json\/wp\/v2\/categories?post=602160"},{"taxonomy":"post_tag","embeddable":true,"href":"https:\/\/www.europesays.com\/fr\/wp-json\/wp\/v2\/tags?post=602160"}],"curies":[{"name":"wp","href":"https:\/\/api.w.org\/{rel}","templated":true}]}}