{"id":602166,"date":"2025-12-16T03:20:21","date_gmt":"2025-12-16T03:20:21","guid":{"rendered":"https:\/\/www.europesays.com\/fr\/602166\/"},"modified":"2025-12-16T03:20:21","modified_gmt":"2025-12-16T03:20:21","slug":"mort-de-rachael-carpani-lactrice-australienne-sest-eteinte-de-maniere-inattendue-a-lage-de-45-ans","status":"publish","type":"post","link":"https:\/\/www.europesays.com\/fr\/602166\/","title":{"rendered":"Mort de Rachael Carpani\u00a0: l\u2019actrice australienne \u00ab\u00a0s\u2019est \u00e9teinte de mani\u00e8re inattendue\u00a0\u00bb \u00e0 l\u2019\u00e2ge de 45 ans"},"content":{"rendered":"<p>\n                                                                L\u2019actrice australienne Rachael Carpani, connue pour son r\u00f4le dans la s\u00e9rie \u00ab\u00a0NCIS\u00a0: Los Angeles\u00a0\u00bb et \u00ab\u00a0McLeod\u2019s Daughters\u00a0\u00bb est d\u00e9c\u00e9d\u00e9e \u00e0 l\u2019\u00e2ge de 45 ans, ont annonc\u00e9 ses parents lundi 15\u00a0d\u00e9cembre 2025.\n                            <\/p>\n<p>L\u2019actrice australienne Rachael Carpani est brutalement d\u00e9c\u00e9d\u00e9e \u00e0 l\u2019\u00e2ge de 45 ans. Ses parents\u00a0ont partag\u00e9 la nouvelle ce lundi 15\u00a0d\u00e9cembre via une publication Instagram.<\/p>\n<p>\u00ab\u00a0Elle s\u2019est \u00e9teinte de mani\u00e8re inattendue\u00a0\u00bb<\/p>\n<p>La com\u00e9dienne qui avait notamment jou\u00e9 dans les s\u00e9ries\u00a0McLeod\u2019s Daughters, NCIS\u00a0: Los Angeles et 666 Park Avenue\u00a0est d\u00e9c\u00e9d\u00e9e apr\u00e8s un long combat contre une maladie chronique, \u00e9crivent ses parents sur Instagram\u00a0: \u00ab\u00a0Elle s\u2019est \u00e9teinte de mani\u00e8re inattendue mais paisible apr\u00e8s une longue bataille contre une maladie chronique, aux premi\u00e8res heures du dimanche 7\u00a0d\u00e9cembre\u00a0\u00bb.<\/p>\n<blockquote data-instgrm-captioned=\"\" data-instgrm-permalink=\"https:\/\/www.instagram.com\/p\/DSRZWzvk0SF\/?utm_source=ig_embed&amp;utm_campaign=loading\" data-instgrm-version=\"14\" style=\" background:#FFF; border:0; border-radius:3px; box-shadow:0 0 1px 0 rgba(0,0,0,0.5),0 1px 10px 0 rgba(0,0,0,0.15); margin: 1px; max-width:540px; min-width:326px; padding:0; width:99.375%; width:-webkit-calc(100% - 2px); width:calc(100% - 2px);\" data-class=\"instagram-media\"\/>\n<p>\u00ab\u00a0La famille demande le respect de sa vie priv\u00e9e en cette p\u00e9riode tr\u00e8s difficile et ne fera aucun autre commentaire\u00a0\u00bb, \u00e9crivent ses proches.<\/p>\n<p>McLeod\u2019s Daughters, NCIS\u00a0: Los Angeles<\/p>\n<p>Rachael Carpani \u00e9tait surtout connue pour son r\u00f4le de Jodi Fountain dans la s\u00e9rie australienne \u00e0 succ\u00e8s McLeod\u2019s Daughters (diffus\u00e9e de 2001 \u00e0 2009), pour lequel elle a re\u00e7u plusieurs nominations aux Logie Awards (prestigieuses r\u00e9compenses de la t\u00e9l\u00e9vision australienne). Elle a \u00e9galement jou\u00e9 dans des s\u00e9ries am\u00e9ricaines comme NCIS\u00a0: Los Angeles et a remport\u00e9 l\u2019affection du public gr\u00e2ce \u00e0 sa carri\u00e8re \u00e0 la fois en Australie et \u00e0 l\u2019international.<\/p>\n<p>Ses obs\u00e8ques se tiendront ce vendredi 19\u00a0d\u00e9cembre en pr\u00e9sence de sa famille et ses proches.<\/p>\n<p>                                                                                                                                                                                                        <script async src=\"\/\/www.instagram.com\/embed.js\"><\/script><\/p>\n","protected":false},"excerpt":{"rendered":"L\u2019actrice australienne Rachael Carpani, connue pour son r\u00f4le dans la s\u00e9rie \u00ab\u00a0NCIS\u00a0: Los Angeles\u00a0\u00bb et \u00ab\u00a0McLeod\u2019s Daughters\u00a0\u00bb est&hellip;\n","protected":false},"author":2,"featured_media":602167,"comment_status":"","ping_status":"","sticky":false,"template":"","format":"standard","meta":{"footnotes":""},"categories":[8],"tags":[1111,58,59,1011,27,71479,1857],"class_list":{"0":"post-602166","1":"post","2":"type-post","3":"status-publish","4":"format-standard","5":"has-post-thumbnail","7":"category-divertissement","8":"tag-actu","9":"tag-divertissement","10":"tag-entertainment","11":"tag-fr","12":"tag-france","13":"tag-nu00e9crologie","14":"tag-sociu00e9tu00e9"},"share_on_mastodon":{"url":"https:\/\/pubeurope.com\/@fr\/115727094522214123","error":""},"_links":{"self":[{"href":"https:\/\/www.europesays.com\/fr\/wp-json\/wp\/v2\/posts\/602166","targetHints":{"allow":["GET"]}}],"collection":[{"href":"https:\/\/www.europesays.com\/fr\/wp-json\/wp\/v2\/posts"}],"about":[{"href":"https:\/\/www.europesays.com\/fr\/wp-json\/wp\/v2\/types\/post"}],"author":[{"embeddable":true,"href":"https:\/\/www.europesays.com\/fr\/wp-json\/wp\/v2\/users\/2"}],"replies":[{"embeddable":true,"href":"https:\/\/www.europesays.com\/fr\/wp-json\/wp\/v2\/comments?post=602166"}],"version-history":[{"count":0,"href":"https:\/\/www.europesays.com\/fr\/wp-json\/wp\/v2\/posts\/602166\/revisions"}],"wp:featuredmedia":[{"embeddable":true,"href":"https:\/\/www.europesays.com\/fr\/wp-json\/wp\/v2\/media\/602167"}],"wp:attachment":[{"href":"https:\/\/www.europesays.com\/fr\/wp-json\/wp\/v2\/media?parent=602166"}],"wp:term":[{"taxonomy":"category","embeddable":true,"href":"https:\/\/www.europesays.com\/fr\/wp-json\/wp\/v2\/categories?post=602166"},{"taxonomy":"post_tag","embeddable":true,"href":"https:\/\/www.europesays.com\/fr\/wp-json\/wp\/v2\/tags?post=602166"}],"curies":[{"name":"wp","href":"https:\/\/api.w.org\/{rel}","templated":true}]}}