{"id":602185,"date":"2025-12-16T03:34:23","date_gmt":"2025-12-16T03:34:23","guid":{"rendered":"https:\/\/www.europesays.com\/fr\/602185\/"},"modified":"2025-12-16T03:34:23","modified_gmt":"2025-12-16T03:34:23","slug":"le-sport-en-soutien-a-linstitut-du-cancer","status":"publish","type":"post","link":"https:\/\/www.europesays.com\/fr\/602185\/","title":{"rendered":"Le sport en soutien \u00e0 l\u2019Institut du cancer"},"content":{"rendered":"<p>L\u2019Office municipal des sports (OMS) a tenu \u00e0 apporter son soutien financier \u00e0 l\u2019Institut du cancer de Montpellier. Vendredi 5 d\u00e9cembre, en pr\u00e9sence de Renaud Calvat, maire de Jacou et de plusieurs \u00e9lus, G\u00e9rard P\u00e9ril, pr\u00e9sident de l\u2019OMS, accompagn\u00e9 de plusieurs membres de l\u2019office, a remis \u00e0 Ivannick Chataign\u00e9, directeur de la communication et m\u00e9c\u00e9nat de l\u2019ICM, un ch\u00e8que de 1 000 euros. Cette somme est le r\u00e9sultat de la collecte effectu\u00e9e lors de la marche d\u2019Octobre rose. Le pr\u00e9sident de l\u2019OMS a pr\u00e9cis\u00e9 que ce don \u00e9tait modeste au regard des besoins, mais qu\u2019il t\u00e9moignait de la volont\u00e9 d\u2019agir concr\u00e8tement. Le repr\u00e9sentant de l\u2019ICM a assur\u00e9 que la pratique sportive \u00e9tait indispensable pour les malades et leur accompagnement.<\/p>\n<p>Correspondant Midi Libre : 06 15 76 65 10<\/p>\n","protected":false},"excerpt":{"rendered":"L\u2019Office municipal des sports (OMS) a tenu \u00e0 apporter son soutien financier \u00e0 l\u2019Institut du cancer de Montpellier.&hellip;\n","protected":false},"author":2,"featured_media":602186,"comment_status":"","ping_status":"","sticky":false,"template":"","format":"standard","meta":{"footnotes":""},"categories":[9599],"tags":[1111,11,1777,674,1011,27,7089,71480,2208,12,2680,25,801,1857],"class_list":{"0":"post-602185","1":"post","2":"type-post","3":"status-publish","4":"format-standard","5":"has-post-thumbnail","7":"category-montpellier","8":"tag-actu","9":"tag-actualites","10":"tag-eu","11":"tag-europe","12":"tag-fr","13":"tag-france","14":"tag-herault","15":"tag-jacou","16":"tag-montpellier","17":"tag-news","18":"tag-occitanie","19":"tag-republique-francaise","20":"tag-social","21":"tag-sociu00e9tu00e9"},"share_on_mastodon":{"url":"https:\/\/pubeurope.com\/@fr\/115727149534552171","error":""},"_links":{"self":[{"href":"https:\/\/www.europesays.com\/fr\/wp-json\/wp\/v2\/posts\/602185","targetHints":{"allow":["GET"]}}],"collection":[{"href":"https:\/\/www.europesays.com\/fr\/wp-json\/wp\/v2\/posts"}],"about":[{"href":"https:\/\/www.europesays.com\/fr\/wp-json\/wp\/v2\/types\/post"}],"author":[{"embeddable":true,"href":"https:\/\/www.europesays.com\/fr\/wp-json\/wp\/v2\/users\/2"}],"replies":[{"embeddable":true,"href":"https:\/\/www.europesays.com\/fr\/wp-json\/wp\/v2\/comments?post=602185"}],"version-history":[{"count":0,"href":"https:\/\/www.europesays.com\/fr\/wp-json\/wp\/v2\/posts\/602185\/revisions"}],"wp:featuredmedia":[{"embeddable":true,"href":"https:\/\/www.europesays.com\/fr\/wp-json\/wp\/v2\/media\/602186"}],"wp:attachment":[{"href":"https:\/\/www.europesays.com\/fr\/wp-json\/wp\/v2\/media?parent=602185"}],"wp:term":[{"taxonomy":"category","embeddable":true,"href":"https:\/\/www.europesays.com\/fr\/wp-json\/wp\/v2\/categories?post=602185"},{"taxonomy":"post_tag","embeddable":true,"href":"https:\/\/www.europesays.com\/fr\/wp-json\/wp\/v2\/tags?post=602185"}],"curies":[{"name":"wp","href":"https:\/\/api.w.org\/{rel}","templated":true}]}}