{"id":602194,"date":"2025-12-16T03:42:18","date_gmt":"2025-12-16T03:42:18","guid":{"rendered":"https:\/\/www.europesays.com\/fr\/602194\/"},"modified":"2025-12-16T03:42:18","modified_gmt":"2025-12-16T03:42:18","slug":"danser-pour-echanger-et-se-rencontrer-dans-le-quartier-de-villejean-a-rennes","status":"publish","type":"post","link":"https:\/\/www.europesays.com\/fr\/602194\/","title":{"rendered":"Danser pour \u00ab\u00a0\u00e9changer et se rencontrer\u00a0\u00bb dans le quartier de Villejean, \u00e0 Rennes"},"content":{"rendered":"<p>Le 10\u00a0d\u00e9cembre 2025, l\u2019association YourVibe a enflamm\u00e9 la dalle Kennedy, dans le quartier Villejean \u00e0 Rennes (Ille-et&#8211;Vilaine). Cet \u00e9v\u00e8nement a r\u00e9uni les habitants du quartier autour d\u2019un Cypher Afro, qui cr\u00e9e un espace de danse vivant et continu.<\/p>\n<p>\u00ab\u00a0L\u2019espace nous appartient et c\u2019est \u00e0 nous de le d\u00e9fendre\u00a0\u00bb<\/p>\n<p>Malgr\u00e9 <a href=\"https:\/\/rennes.maville.com\/actu\/actudet_-tirs-dans-le-quartier-de-villejean-a-rennes-un-mineur-de-17-ans-reconnait-etre-implique-_7-7107060_actu.Htm\" target=\"_blank\" rel=\"noopener\">les r\u00e9cents \u00e9v\u00e8nements survenus dans le quartier de Villejean<\/a>, c\u2019est la joie qui a fait vibrer la dalle. Sounkamba Dabo affirme l\u2019importance de maintenir cet \u00e9v\u00e8nement. Si les r\u00e9cents \u00e9pisodes de tirs ont  \u00a0touch\u00e9 les habitants, \u00e7a  nous a tout fait du bien de danser face au climat de peur et d\u2019inqui\u00e9tude qui a failli s\u2019instaurer\u00a0 \u00bb,confie la danseuse. \u00a0L\u2019espace nous appartient et c\u2019est \u00e0 nous de le d\u00e9fendre. C\u2019est une sorte de manifestation, il n\u2019y a pas besoin de poser des mots, c\u2019est \u00e7a qu\u2019on veut d\u00e9montrer \u00e0 Villejean.\u00a0<\/p>\n<p><strong>Lire <\/strong> <strong>aussi\u00a0<\/strong> <strong>:<\/strong> <a href=\"https:\/\/rennes.maville.com\/actu\/actudet_-pourquoi-la-guerre-des-trafiquants-repart-de-plus-belle-dans-le-quartier-de-villejean-a-rennes-_7-7107030_actu.Htm\" target=\"_blank\" rel=\"noopener\">Pourquoi la guerre des trafiquants repart de plus belle dans le quartier de Villejean, \u00e0 Rennes<\/a><\/p>\n<p>Rencontre et partage<\/p>\n<p>Le sourire aux l\u00e8vres, les corps en mouvements, une centaine de personnes se sont rassembl\u00e9s autour d\u2019un cypher  afro. Le cypher est pratique de la culture hip-hop\u00a0: \u00a0les gens se mettent en cercle et s\u2019entra\u00eenent, tu vas au milieu et tu envoies tout, d\u00e9taille Sounkamba Dabo. Le but c\u2019est d\u2019\u00e9changer et de se rencontrer.\u00a0<\/p>\n<p>Les riverains de passage sur la dalle se sont joints \u00e0 la danse, un des objectifs de l\u2019\u00e9v\u00e8nement \u00e9tait de faire sortir les habitants de leur quotidien. Pour Sounkamba Dabo, il \u00e9tait d\u2019important \u00a0d\u2019inclure les habitants le plus possible\u00a0  et de permettre un \u00e9change \u00a0social, interg\u00e9n\u00e9rationnel et culturel\u00a0.<\/p>\n<p>\u00a0<\/p>\n","protected":false},"excerpt":{"rendered":"Le 10\u00a0d\u00e9cembre 2025, l\u2019association YourVibe a enflamm\u00e9 la dalle Kennedy, dans le quartier Villejean \u00e0 Rennes (Ille-et&#8211;Vilaine). Cet&hellip;\n","protected":false},"author":2,"featured_media":602195,"comment_status":"","ping_status":"","sticky":false,"template":"","format":"standard","meta":{"footnotes":""},"categories":[2821],"tags":[1111,11,829,17806,12619,1777,674,1011,27,12,5775,3086,20458,584,25,5375],"class_list":{"0":"post-602194","1":"post","2":"type-post","3":"status-publish","4":"format-standard","5":"has-post-thumbnail","7":"category-rennes","8":"tag-actu","9":"tag-actualites","10":"tag-bretagne","11":"tag-danser","12":"tag-echanger","13":"tag-eu","14":"tag-europe","15":"tag-fr","16":"tag-france","17":"tag-news","18":"tag-quartier","19":"tag-redon","20":"tag-rencontrer","21":"tag-rennes","22":"tag-republique-francaise","23":"tag-villejean"},"share_on_mastodon":{"url":"https:\/\/pubeurope.com\/@fr\/115727180980328546","error":""},"_links":{"self":[{"href":"https:\/\/www.europesays.com\/fr\/wp-json\/wp\/v2\/posts\/602194","targetHints":{"allow":["GET"]}}],"collection":[{"href":"https:\/\/www.europesays.com\/fr\/wp-json\/wp\/v2\/posts"}],"about":[{"href":"https:\/\/www.europesays.com\/fr\/wp-json\/wp\/v2\/types\/post"}],"author":[{"embeddable":true,"href":"https:\/\/www.europesays.com\/fr\/wp-json\/wp\/v2\/users\/2"}],"replies":[{"embeddable":true,"href":"https:\/\/www.europesays.com\/fr\/wp-json\/wp\/v2\/comments?post=602194"}],"version-history":[{"count":0,"href":"https:\/\/www.europesays.com\/fr\/wp-json\/wp\/v2\/posts\/602194\/revisions"}],"wp:featuredmedia":[{"embeddable":true,"href":"https:\/\/www.europesays.com\/fr\/wp-json\/wp\/v2\/media\/602195"}],"wp:attachment":[{"href":"https:\/\/www.europesays.com\/fr\/wp-json\/wp\/v2\/media?parent=602194"}],"wp:term":[{"taxonomy":"category","embeddable":true,"href":"https:\/\/www.europesays.com\/fr\/wp-json\/wp\/v2\/categories?post=602194"},{"taxonomy":"post_tag","embeddable":true,"href":"https:\/\/www.europesays.com\/fr\/wp-json\/wp\/v2\/tags?post=602194"}],"curies":[{"name":"wp","href":"https:\/\/api.w.org\/{rel}","templated":true}]}}