{"id":602205,"date":"2025-12-16T03:51:14","date_gmt":"2025-12-16T03:51:14","guid":{"rendered":"https:\/\/www.europesays.com\/fr\/602205\/"},"modified":"2025-12-16T03:51:14","modified_gmt":"2025-12-16T03:51:14","slug":"previsions-du-mardi-16-decembre-2025-8","status":"publish","type":"post","link":"https:\/\/www.europesays.com\/fr\/602205\/","title":{"rendered":"pr\u00e9visions du mardi 16 d\u00e9cembre 2025"},"content":{"rendered":"<p>\u00c0 Nantes, les valeurs seront de 11\u00b0C au cours de la journ\u00e9e. Malheureusement, il y aura encore des nuages le matin. Il fera en moyenne 11\u00b0C. Une l\u00e9g\u00e8re brise de sud-est sera ressentie par les habitants. L&rsquo;apr\u00e8s-midi, le beau temps va progressivement prendre la place des nuages. Les temp\u00e9ratures seront de 10\u00b0C au minimum et de 14\u00b0C au plus haut. Les valeurs s&rsquo;\u00e9chelonneront entre 9 et 10\u00b0C durant la soir\u00e9e. On pr\u00e9voit une nuit claire entre mardi et mercredi.<\/p>\n<p>Une chute des temp\u00e9ratures est \u00e0 pr\u00e9voir \u00e0 Nantes, demain. Les valeurs afficheront entre 6 et 11\u00b0C. Le soleil appara\u00eet l\u00e9g\u00e8rement le matin. Ces \u00e9claircies devraient ravir les habitants. Il va faire 7\u00b0C en moyenne. Un vent de nord-ouest soufflera doucement. Un beau soleil est attendu demain apr\u00e8s-midi. Les valeurs seront comprises entre 7\u00b0C et 11\u00b0C. Apr\u00e8s quelques passages nuageux, la m\u00e9t\u00e9o devrait s&rsquo;am\u00e9liorer pendant la soir\u00e9e. Les temp\u00e9ratures s&rsquo;\u00e9chelonneront entre 6 et 7\u00b0C. Un vent de sud soufflera l\u00e9g\u00e8rement, avec 4 km\/h.<\/p>\n<p>La m\u00e9t\u00e9o des journ\u00e9es qui suivent va \u00e9voluer peu \u00e0 peu. La m\u00e9t\u00e9o perdurera jeudi mais une d\u00e9gradation s&rsquo;ensuivra vendredi.<\/p>\n<p><\/p>\n","protected":false},"excerpt":{"rendered":"\u00c0 Nantes, les valeurs seront de 11\u00b0C au cours de la journ\u00e9e. Malheureusement, il y aura encore des&hellip;\n","protected":false},"author":2,"featured_media":602206,"comment_status":"","ping_status":"","sticky":false,"template":"","format":"standard","meta":{"footnotes":""},"categories":[2818],"tags":[1111,11,1777,674,1011,27,766,12,2636,2119,25],"class_list":{"0":"post-602205","1":"post","2":"type-post","3":"status-publish","4":"format-standard","5":"has-post-thumbnail","7":"category-nantes","8":"tag-actu","9":"tag-actualites","10":"tag-eu","11":"tag-europe","12":"tag-fr","13":"tag-france","14":"tag-nantes","15":"tag-news","16":"tag-pays-de-la-loire","17":"tag-previsions-meteo","18":"tag-republique-francaise"},"share_on_mastodon":{"url":"https:\/\/pubeurope.com\/@fr\/115727216417195961","error":""},"_links":{"self":[{"href":"https:\/\/www.europesays.com\/fr\/wp-json\/wp\/v2\/posts\/602205","targetHints":{"allow":["GET"]}}],"collection":[{"href":"https:\/\/www.europesays.com\/fr\/wp-json\/wp\/v2\/posts"}],"about":[{"href":"https:\/\/www.europesays.com\/fr\/wp-json\/wp\/v2\/types\/post"}],"author":[{"embeddable":true,"href":"https:\/\/www.europesays.com\/fr\/wp-json\/wp\/v2\/users\/2"}],"replies":[{"embeddable":true,"href":"https:\/\/www.europesays.com\/fr\/wp-json\/wp\/v2\/comments?post=602205"}],"version-history":[{"count":0,"href":"https:\/\/www.europesays.com\/fr\/wp-json\/wp\/v2\/posts\/602205\/revisions"}],"wp:featuredmedia":[{"embeddable":true,"href":"https:\/\/www.europesays.com\/fr\/wp-json\/wp\/v2\/media\/602206"}],"wp:attachment":[{"href":"https:\/\/www.europesays.com\/fr\/wp-json\/wp\/v2\/media?parent=602205"}],"wp:term":[{"taxonomy":"category","embeddable":true,"href":"https:\/\/www.europesays.com\/fr\/wp-json\/wp\/v2\/categories?post=602205"},{"taxonomy":"post_tag","embeddable":true,"href":"https:\/\/www.europesays.com\/fr\/wp-json\/wp\/v2\/tags?post=602205"}],"curies":[{"name":"wp","href":"https:\/\/api.w.org\/{rel}","templated":true}]}}