{"id":602209,"date":"2025-12-16T03:53:22","date_gmt":"2025-12-16T03:53:22","guid":{"rendered":"https:\/\/www.europesays.com\/fr\/602209\/"},"modified":"2025-12-16T03:53:22","modified_gmt":"2025-12-16T03:53:22","slug":"la-coordination-rurale-33-bloque-la63-au-sud-de-bordeaux","status":"publish","type":"post","link":"https:\/\/www.europesays.com\/fr\/602209\/","title":{"rendered":"La Coordination Rurale 33 bloque l&rsquo;A63 au sud de Bordeaux"},"content":{"rendered":"<p class=\"wp-block-post-excerpt__excerpt\">Depuis dimanche soir, la Coordination Rurale est \u00e0 l\u2019initiative d\u2019un barrage filtrant sur l\u2019A63, au niveau de l\u2019\u00e9changeur 24 \u00e0 Cestas dans le sens Espagne-Bordeaux. Elle se mobilise notamment contre la politique sanitaire du gouvernement sur la dermatose nodulaire. <\/p>\n<p class=\"font-sans\">\n\t\t\tCet article est en acc\u00e8s libre. Pour soutenir Rue89Bordeaux,<br \/>\n\t\t\t<a class=\"underline\" href=\"https:\/\/rue89bordeaux.com\/abonnement\/\" target=\"_blank\" rel=\"noopener\">abonnez-vous<\/a>.\n\t\t<\/p>\n<p>Margaux B\u00e9gards<\/p>\n<p>Publi\u00e9 le 15 d\u00e9cembre 2025\u00a0\u00a0\u00b7\u00a0\u00a0<\/p>\n<p>Imprim\u00e9 le 16 d\u00e9cembre 2025 \u00e0 04h53\u00a0\u00a0\u00b7\u00a0\u00a0<\/p>\n<p>Modifi\u00e9 le 15 d\u00e9cembre 2025\u00a0\u00a0\u00b7\u00a0\u00a0<\/p>\n<p>\t\t\t\t\t3\u00a0minutes\n<\/p>\n<p>La contestation a repris de plus belle. Depuis le 12 d\u00e9cembre, des centaines d\u2019agriculteurs se mobilisent dans le Sud-Ouest contre <a href=\"https:\/\/rue89bordeaux.com\/2025\/12\/dermatose-nodulaire-gerer-les-crises-sanitaires-en-abattant-tous-les-animaux-ne-fonctionne-pas\/\" target=\"_blank\" rel=\"noreferrer noopener\">l\u2019abattage de troupeaux<\/a> affect\u00e9s par la dermatose nodulaire contagieuse (DNC).<\/p>\n<p>Apr\u00e8s des <a href=\"https:\/\/www.facebook.com\/permalink.php?story_fbid=pfbid034jNUPznsMLkwEnWxYTjzgpjbcEk6mVvKn12FEixqkmtqxK8N8nrgAHVsrC7ETxqhl&amp;id=61571712101000\" target=\"_blank\" rel=\"noreferrer noopener\">premi\u00e8res d\u00e9monstrations de col\u00e8re \u00e0 Bordeaux<\/a> vendredi dernier, la Coordination Rurale a pass\u00e9 la vitesse sup\u00e9rieure et bloque depuis dimanche soir les poids-lourds sur l\u2019A63 au niveau de Cestas, dans le sens Espagne-Bordeaux. Une cinquantaine d\u2019agriculteurs ont pass\u00e9 la nuit sur cette portion d\u2019autoroute, au niveau de l\u2019\u00e9changeur 24.<\/p>\n<p>Dans la nuit de dimanche \u00e0 lundi, un radar a \u00e9t\u00e9 arrach\u00e9 puis incendi\u00e9 \u00e0 l\u2019entr\u00e9e de la zone d\u2019activit\u00e9 de Cestas. Du fumier y a \u00e9galement \u00e9t\u00e9 d\u00e9pos\u00e9 afin de bloquer l\u2019acc\u00e8s aux poids-lourds. Les voitures passaient, quant \u00e0 elles, au compte-goutte. <\/p>\n<p>Un accident est intervenu en fin de journ\u00e9e ce lundi au niveau de l\u2019aire de Cestas, faisant un bless\u00e9 grave et un bless\u00e9 l\u00e9ger : alors que l\u2019autoroute en direction de Bordeaux avait \u00e9t\u00e9 ferm\u00e9e par la DIR Atlantique, deux voitures se sont tout de m\u00eame engag\u00e9es et ont percut\u00e9 des tas de sable vers\u00e9es \u00e0 la tomb\u00e9e de la nuit. <\/p>\n<p>\t\tD\u00e9viations et demi-tour<\/p>\n<p>En raison du trafic fortement perturb\u00e9, la pr\u00e9fecture de la Gironde a pris de nouvelles <a href=\"https:\/\/www.gironde.gouv.fr\/Actualites\/Communiques-de-presse\/Communiques-de-presse-2025\/Decembre-2025\/Circulation-A63-nouvelles-mesures-de-securite?fbclid=IwY2xjawOtIUlleHRuA2FlbQIxMABicmlkETFQc0FyandMemR2bHhuU0hvc3J0YwZhcHBfaWQQMjIyMDM5MTc4ODIwMDg5MgABHmtKYOIfe_KY026tH8vI68hUAhUrlw2CsGAJOsCRap6fnMW0NQ7ev9PiotIZ_aem_3VwcAPdWPDZ64_dobCMctg\" target=\"_blank\" rel=\"noreferrer noopener\">mesures de s\u00e9curit\u00e9<\/a> : la sortie \u00e0 l\u2019\u00e9changeur 17 (Liposthey) est conseill\u00e9e pour tout v\u00e9hicule l\u00e9ger circulant dans le sens Sud\/Nord en direction de Toulouse, avec la mise en place d\u2019une d\u00e9viation par la D43 jusqu\u2019\u00e0 Sore puis la D220 jusqu\u2019\u00e0 Saint-Symphorien puis la D3 et la D222 jusqu\u2019\u00e0 Langon\u00a0pour rejoindre l\u2019\u00e9changeur 3 de l\u2019A62. <\/p>\n<p>La sortie est obligatoire \u00e0 l\u2018\u00e9changeur 23 (Marcheprime) pour tout v\u00e9hicule circulant dans le sens Sud\/Nord, avec la mise en place d\u2019une d\u00e9viation par la D5 jusqu\u2019au Barp puis la D1010 jusqu\u2019\u00e0 l\u2019\u00e9changeur 16 de la rocade (Gradignan).<\/p>\n<p>Pour les poids lourds remontant depuis l\u2019Espagne, le pr\u00e9fet l\u00e8ve progressivement l\u2019arr\u00eat obligatoire sur les aires de repos au Sud de l\u2019\u00e9changeur 17. Pour autant, l\u2019acc\u00e8s \u00e0 l\u2019A63 leur est \u00e0 pr\u00e9sent interdit et leur retournement est organis\u00e9 au niveau du p\u00e9age de Biriatou (Hendaye, 64) en lien avec les autorit\u00e9s espagnoles pour optimiser le stockage.<\/p>\n<p>\t\tPlus de 3000 b\u00eates abattues<\/p>\n<blockquote class=\"wp-block-quote is-layout-flow wp-block-quote-is-layout-flow\">\n<p>\u00ab\u00a0On est pr\u00eat \u00e0 passer No\u00ebl ici\u00a0\u00bb, jurait Fabrice Lagueyt, copr\u00e9sident de la CR 33 et \u00e9leveurs de bovins \u00e0 viande \u00e0 Saint-Laurent-M\u00e9doc, aupr\u00e8s de Sud Ouest.<\/p>\n<\/blockquote>\n<p>Son syndicat, ainsi que la Conf\u00e9d\u00e9ration paysanne, se mobilisent principalement contre les mesures d\u2019abattage des troupeaux affect\u00e9s par la DNC, une maladie virale et non transmissible \u00e0 l\u2019homme apparue fin juin en Savoie. Pas moins de 113 foyers ont pour le moment \u00e9t\u00e9 d\u00e9tect\u00e9s.<\/p>\n<p>Selon le protocole sanitaire gouvernemental, un cas d\u00e9tect\u00e9 implique l\u2019abattage complet du troupeau. \u00c0 ce jour, plus de 3 000 b\u00eates ont \u00e9t\u00e9 abattues, soit 0,02% du cheptel fran\u00e7ais, dans 80 \u00e9levages de 11 d\u00e9partements diff\u00e9rents.<\/p>\n<p>La semaine derni\u00e8re, les images de la mobilisation des agriculteurs oppos\u00e9s \u00e0 l\u2019<a href=\"https:\/\/www.sudouest.fr\/economie\/agriculture\/dermatose-en-ariege-les-forces-de-l-ordre-prennent-le-controle-d-une-ferme-apres-des-affrontements-avec-des-manifestants-27069270.php\" target=\"_blank\" rel=\"noreferrer noopener\">abattage de 200 blondes d\u2019Aquitaine<\/a> sur une exploitation ari\u00e9geoise et d\u00e9log\u00e9s par les forces de l\u2019ordre ont mis le feu aux poudres. \u00c0 la Coordination Rurale et \u00e0 la Conf\u00e9d\u00e9ration Paysanne, on plaide plut\u00f4t en faveur d\u2019une vaccination g\u00e9n\u00e9ralis\u00e9e, tandis que la FNSEA on soutient le protocole en vigueur.<\/p>\n<p>De passage \u00e0 Toulouse ce lundi 15 d\u00e9cembre, La ministre de l\u2019Agriculture, Annie Genevard, a annonc\u00e9 un \u00e9largissement de la zone de vaccination contre la DNC dans le Sud-Ouest et la vaccination prochaine de\u00a0\u00ab\u00a0600 000 \u00e0 1 million de bovins\u00a0\u00bb. <\/p>\n<p>Des annonces qui sont loin de satisfaire les agriculteurs mobilis\u00e9s, bien d\u00e9cid\u00e9s \u00e0 rester \u00ab\u00a0jusqu\u2019\u00e0 la fin de la semaine s\u2019il le faut\u00a0\u00bb.<\/p>\n","protected":false},"excerpt":{"rendered":"Depuis dimanche soir, la Coordination Rurale est \u00e0 l\u2019initiative d\u2019un barrage filtrant sur l\u2019A63, au niveau de l\u2019\u00e9changeur&hellip;\n","protected":false},"author":2,"featured_media":602210,"comment_status":"","ping_status":"","sticky":false,"template":"","format":"standard","meta":{"footnotes":""},"categories":[2817],"tags":[1111,11,327,1997,71481,26141,1777,674,1011,27,12,2219,25],"class_list":{"0":"post-602209","1":"post","2":"type-post","3":"status-publish","4":"format-standard","5":"has-post-thumbnail","7":"category-bordeaux","8":"tag-actu","9":"tag-actualites","10":"tag-agriculture","11":"tag-bordeaux","12":"tag-cestas","13":"tag-coordination-rurale","14":"tag-eu","15":"tag-europe","16":"tag-fr","17":"tag-france","18":"tag-news","19":"tag-nouvelle-aquitaine","20":"tag-republique-francaise"},"share_on_mastodon":{"url":"https:\/\/pubeurope.com\/@fr\/115727224273497283","error":""},"_links":{"self":[{"href":"https:\/\/www.europesays.com\/fr\/wp-json\/wp\/v2\/posts\/602209","targetHints":{"allow":["GET"]}}],"collection":[{"href":"https:\/\/www.europesays.com\/fr\/wp-json\/wp\/v2\/posts"}],"about":[{"href":"https:\/\/www.europesays.com\/fr\/wp-json\/wp\/v2\/types\/post"}],"author":[{"embeddable":true,"href":"https:\/\/www.europesays.com\/fr\/wp-json\/wp\/v2\/users\/2"}],"replies":[{"embeddable":true,"href":"https:\/\/www.europesays.com\/fr\/wp-json\/wp\/v2\/comments?post=602209"}],"version-history":[{"count":0,"href":"https:\/\/www.europesays.com\/fr\/wp-json\/wp\/v2\/posts\/602209\/revisions"}],"wp:featuredmedia":[{"embeddable":true,"href":"https:\/\/www.europesays.com\/fr\/wp-json\/wp\/v2\/media\/602210"}],"wp:attachment":[{"href":"https:\/\/www.europesays.com\/fr\/wp-json\/wp\/v2\/media?parent=602209"}],"wp:term":[{"taxonomy":"category","embeddable":true,"href":"https:\/\/www.europesays.com\/fr\/wp-json\/wp\/v2\/categories?post=602209"},{"taxonomy":"post_tag","embeddable":true,"href":"https:\/\/www.europesays.com\/fr\/wp-json\/wp\/v2\/tags?post=602209"}],"curies":[{"name":"wp","href":"https:\/\/api.w.org\/{rel}","templated":true}]}}