{"id":602211,"date":"2025-12-16T03:54:15","date_gmt":"2025-12-16T03:54:15","guid":{"rendered":"https:\/\/www.europesays.com\/fr\/602211\/"},"modified":"2025-12-16T03:54:15","modified_gmt":"2025-12-16T03:54:15","slug":"menace-de-licenciement-contre-un-delegue-cgt-chez-renault-toulouse-la-direction-convoque-un-conseil-extraordinaire","status":"publish","type":"post","link":"https:\/\/www.europesays.com\/fr\/602211\/","title":{"rendered":"Menace de licenciement contre un d\u00e9l\u00e9gu\u00e9 CGT chez Renault Toulouse\u00a0: la direction convoque un conseil extraordinaire"},"content":{"rendered":"<p>\n                                                                    l&rsquo;essentiel<br \/>\n                                                                Une proc\u00e9dure de licenciement visant Fr\u00e9d\u00e9ric Ferran, d\u00e9l\u00e9gu\u00e9 syndical CGT \u00e0 la concession Renault Toulouse \u00c9tats-Unis, a d\u00e9clench\u00e9 une mobilisation de soutien. Une r\u00e9union extraordinaire du CSE sur son \u00e9ventuel licenciement est pr\u00e9vue le 19\u00a0d\u00e9cembre.\n                            <\/p>\n<p>La direction de la concession Renault Toulouse \u00c9tats-Unis, propri\u00e9t\u00e9 du groupe Eden Auto, a engag\u00e9 une proc\u00e9dure de licenciement visant Fr\u00e9d\u00e9ric Ferran, d\u00e9l\u00e9gu\u00e9 syndical CGT et \u00e9lu du personnel.<\/p>\n<p>Une d\u00e9cision qui suscite une vive inqui\u00e9tude parmi les salari\u00e9s et le mouvement syndical. Ce lundi 15\u00a0d\u00e9cembre, une soixantaine de coll\u00e8gues et de sympathisants se sont rassembl\u00e9s devant le site.<\/p>\n<p>Selon plusieurs t\u00e9moignages, les tensions se sont accrues<\/p>\n<p>Ancien salari\u00e9 du site et militant CGT, l\u2019un des soutiens rappelle que depuis la reprise de la concession par Eden Auto en 2021, le climat social s\u2019est fortement d\u00e9grad\u00e9.<\/p>\n<p>\u00ab\u00a0La CGT reste la premi\u00e8re organisation syndicale du garage, et c\u2019est pr\u00e9cis\u00e9ment ce que la direction ne supporte pas\u00a0\u00bb, affirme-t-il. Selon plusieurs t\u00e9moignages, les tensions se sont accrues \u00e0 mesure que le syndicat mettait en lumi\u00e8re la situation \u00e9conomique du site.<\/p>\n<p>Fr\u00e9d\u00e9ric Ferran explique avoir \u00e9t\u00e9 convoqu\u00e9 \u00e0 un entretien pr\u00e9alable pouvant aller jusqu\u2019au licenciement, \u00e0 l\u2019issue duquel il a re\u00e7u un courriel l\u2019informant de la tenue d\u2019une r\u00e9union extraordinaire du CSE le 19\u00a0d\u00e9cembre.<\/p>\n<p>Le syndicaliste estime \u00eatre cibl\u00e9 pour avoir rendu publics les r\u00e9sultats financiers<\/p>\n<p>Le motif officiel est encore inconnu, mais officieusement, le syndicaliste estime \u00eatre cibl\u00e9 pour avoir rendu publics les r\u00e9sultats financiers\u00a0: \u00ab\u00a0pr\u00e8s de 900\u00a0000\u00a0euros de b\u00e9n\u00e9fices sur le site, dont 850\u00a0000\u00a0euros revers\u00e9s en dividendes \u00e0 l\u2019actionnaire, alors que les salari\u00e9s n\u2019ont b\u00e9n\u00e9fici\u00e9 ni de prime Macron ni d\u2019augmentation g\u00e9n\u00e9rale significative\u00a0\u00bb.<\/p>\n<p>Par ailleurs, la direction remettrait en cause ses absences li\u00e9es \u00e0 ses mandats syndicaux nationaux au sein de la F\u00e9d\u00e9ration de la M\u00e9tallurgie. Une position contest\u00e9e par la CGT, qui rappelle que le droit syndical garantit ces mandats.<\/p>\n<p>Pour les soutiens de Fr\u00e9d\u00e9ric Ferran, cette proc\u00e9dure s\u2019inscrit dans une strat\u00e9gie plus large d\u2019intimidation. La consultation du CSE du 19\u00a0d\u00e9cembre sera d\u00e9terminante. D\u2019ici l\u00e0, les organisations syndicales n\u2019excluent pas de nouvelles mobilisations pour d\u00e9fendre ce qu\u2019elles consid\u00e8rent comme une attaque frontale contre la repr\u00e9sentation des salari\u00e9s.<\/p>\n<p>Sollicit\u00e9e, la direction d\u2019Eden Auto n\u2019a pas donn\u00e9 suite \u00e0 nos demandes de r\u00e9action.<\/p>\n","protected":false},"excerpt":{"rendered":"l&rsquo;essentiel Une proc\u00e9dure de licenciement visant Fr\u00e9d\u00e9ric Ferran, d\u00e9l\u00e9gu\u00e9 syndical CGT \u00e0 la concession Renault Toulouse \u00c9tats-Unis, a&hellip;\n","protected":false},"author":2,"featured_media":602212,"comment_status":"","ping_status":"","sticky":false,"template":"","format":"standard","meta":{"footnotes":""},"categories":[2816],"tags":[1111,11,1777,674,1011,27,329,2722,12,2680,25,801,1857,2312],"class_list":{"0":"post-602211","1":"post","2":"type-post","3":"status-publish","4":"format-standard","5":"has-post-thumbnail","7":"category-toulouse","8":"tag-actu","9":"tag-actualites","10":"tag-eu","11":"tag-europe","12":"tag-fr","13":"tag-france","14":"tag-france-monde","15":"tag-haute-garonne","16":"tag-news","17":"tag-occitanie","18":"tag-republique-francaise","19":"tag-social","20":"tag-sociu00e9tu00e9","21":"tag-toulouse"},"share_on_mastodon":{"url":"https:\/\/pubeurope.com\/@fr\/115727228365716834","error":""},"_links":{"self":[{"href":"https:\/\/www.europesays.com\/fr\/wp-json\/wp\/v2\/posts\/602211","targetHints":{"allow":["GET"]}}],"collection":[{"href":"https:\/\/www.europesays.com\/fr\/wp-json\/wp\/v2\/posts"}],"about":[{"href":"https:\/\/www.europesays.com\/fr\/wp-json\/wp\/v2\/types\/post"}],"author":[{"embeddable":true,"href":"https:\/\/www.europesays.com\/fr\/wp-json\/wp\/v2\/users\/2"}],"replies":[{"embeddable":true,"href":"https:\/\/www.europesays.com\/fr\/wp-json\/wp\/v2\/comments?post=602211"}],"version-history":[{"count":0,"href":"https:\/\/www.europesays.com\/fr\/wp-json\/wp\/v2\/posts\/602211\/revisions"}],"wp:featuredmedia":[{"embeddable":true,"href":"https:\/\/www.europesays.com\/fr\/wp-json\/wp\/v2\/media\/602212"}],"wp:attachment":[{"href":"https:\/\/www.europesays.com\/fr\/wp-json\/wp\/v2\/media?parent=602211"}],"wp:term":[{"taxonomy":"category","embeddable":true,"href":"https:\/\/www.europesays.com\/fr\/wp-json\/wp\/v2\/categories?post=602211"},{"taxonomy":"post_tag","embeddable":true,"href":"https:\/\/www.europesays.com\/fr\/wp-json\/wp\/v2\/tags?post=602211"}],"curies":[{"name":"wp","href":"https:\/\/api.w.org\/{rel}","templated":true}]}}