{"id":602217,"date":"2025-12-16T03:58:12","date_gmt":"2025-12-16T03:58:12","guid":{"rendered":"https:\/\/www.europesays.com\/fr\/602217\/"},"modified":"2025-12-16T03:58:12","modified_gmt":"2025-12-16T03:58:12","slug":"la-l2-la7-ou-encore-la51-concernees-par-les-fermetures-du-15-au-19-decembre","status":"publish","type":"post","link":"https:\/\/www.europesays.com\/fr\/602217\/","title":{"rendered":"la L2, l&rsquo;A7 ou encore l&rsquo;A51 concern\u00e9es par les fermetures du 15 au 19\u00a0d\u00e9cembre"},"content":{"rendered":"<p>Alors que les f\u00eates de fin d&rsquo;ann\u00e9e approchent, les agents des autoroutes ne ch\u00f4ment pas, dans les Bouches-du-Rh\u00f4ne. Du lundi 15 au vendredi 19 d\u00e9cembre, la Direction interd\u00e9partementale des routes M\u00e9diterran\u00e9e (<a href=\"https:\/\/www.laprovence.com\/article\/region\/2295799866146215\/video-autoroutes-a-marseille-des-oeuvres-pour-limiter-la-profusion-des-tags-et-promouvoir-les-artistes-locaux\" target=\"_blank\" rel=\"noopener\">Dirmed<\/a>) et <a href=\"https:\/\/www.laprovence.com\/article\/region\/1275909485811914\/bientot-moins-d-embouteillages-a-salon-la-bifurcation-a7-a54-operationnelle\" target=\"_blank\" rel=\"noopener\">Vinci Autoroutes<\/a> pr\u00e9voient des coupures de la circulation, sur les <a href=\"https:\/\/www.laprovence.com\/article\/societe\/2014320357187915\/prix-des-peages-quelle-hausse-attendre-sur-les-autoroutes-de-provence-en-2026\" target=\"_blank\" rel=\"noopener\">grands axes du d\u00e9partement<\/a>.<\/p>\n<p>Tout au long de la semaine, des portions de <a href=\"https:\/\/www.laprovence.com\/article\/societe\/52263982854155\/sur-la7-la-barriere-de-peage-de-lancon-se-refait-une-beaute-pour-5-millions-deuros\" target=\"_blank\" rel=\"noopener\">l&rsquo;A7<\/a>, de <a href=\"https:\/\/www.laprovence.com\/article\/region\/1207187669120914\/cinq-mois-de-travaux-nocturnes-sur-l-a50-entre-la-ciotat-et-carnoux-comment-s-y-retrouver\" target=\"_blank\" rel=\"noopener\">l&rsquo;A50<\/a>, de l&rsquo;A51 ou m\u00eame l&rsquo;int\u00e9gralit\u00e9 de la rocade L2 vont \u00eatre boucl\u00e9es, durant des nuits enti\u00e8res. Ces <a href=\"https:\/\/www.laprovence.com\/article\/societe\/94997283483687\/fermetures-d-autoroutes-dans-les-bouches-du-rhone-pourquoi-les-applications-gps-ne-les-indiquent-pas-toujours\" target=\"_blank\" rel=\"noopener\">fermetures<\/a>, mises en place pour faciliter des travaux de maintenance, vont occasionner des d\u00e9viations qui rallongeront in\u00e9vitablement le trajet des automobilistes, en particulier autour d&rsquo;Aix-en-Provence.<\/p>\n<p>Voici<strong> le d\u00e9tail des fermetures d&rsquo;autoroutes dans les Bouches-du-Rh\u00f4ne<\/strong>, pour la semaine du 15 au 19 d\u00e9cembre.<\/p>\n<p>Autoroutes<\/p>\n<p><strong>Nuit du lundi 15 au mardi 16 d\u00e9cembre<\/strong><\/p>\n<ul>&#13;<\/p>\n<li><strong>A7 : <\/strong>coupure totale de la circulation de l&#8217;embranchement avec l&rsquo;A51 \u00e0 Marseille, dans le sens Lyon-Marseille, de 21 h \u00e0 6 h<\/li>\n<p>&#13;<\/p>\n<li><strong>A50 :<\/strong> coupure totale de la circulation entre les \u00e9changeurs n\u00b0 9 (La Ciotat) et n\u00b0 6 (Carnoux), en direction de Marseille, de 21 h \u00e0 5 h<\/li>\n<p>&#13;<\/p>\n<li><strong>A50 :<\/strong> fermeture de la bretelle d&rsquo;entr\u00e9e n\u00b0 9 (La Ciotat), en direction de Toulon, de 21 h \u00e0 5 h<\/li>\n<p>&#13;<\/p>\n<li><strong>A51 : <\/strong>coupure totale de la circulation de la bretelle de sortie n\u00b0 6 (Aix Centre) \u00e0 l&rsquo;entr\u00e9e de l&rsquo;A8, dans le sens Marseille-Aix-en-Provence, de 21 h \u00e0 6 h<\/li>\n<p>&#13;<\/p>\n<li><strong>A51 : <\/strong>fermeture de la bretelle d&rsquo;entr\u00e9e n\u00b0 7 (Jas de Bouffan) et de la bretelle de sortie menant vers l&rsquo;A8, dans le sens Aix-en-Provence-Marseille, de 21 h \u00e0 6 h<\/li>\n<p>&#13;<\/p>\n<li><strong>A52 : <\/strong>fermeture de l&rsquo;\u00e9changeur n\u00b0 33 (Belcod\u00e8ne), dans les deux sens de circulation, de 21 h \u00e0 5 h<\/li>\n<p>&#13;<\/p>\n<li><strong>A55 : <\/strong>fermeture de la bretelle de sortie n\u00b0 6 (Verduron), dans le sens Marseille-Fos-sur-Mer, de 21 h \u00e0 6 h<\/li>\n<p>&#13;<\/p>\n<li><strong>N2516 :<\/strong> coupure totale de la circulation dans le sens Aix-en-Provence-Marseille, de 21 h \u00e0 6 h<\/li>\n<p>&#13;\n<\/ul>\n<p><strong>Nuit du mardi 16 au mercredi 17 d\u00e9cembre<\/strong><\/p>\n<ul>&#13;<\/p>\n<li><strong>A7 : <\/strong>coupure totale de la circulation de l&#8217;embranchement avec l&rsquo;A51 \u00e0 Marseille, dans le sens Lyon-Marseille, de 21 h \u00e0 6 h<\/li>\n<p>&#13;<\/p>\n<li><strong>A8 :<\/strong> fermeture de l&rsquo;autoroute en direction de Lyon, \u00ab\u00a0au niveau de la bifurcation A8\/A51\u00a0\u00bb<\/li>\n<p>&#13;<\/p>\n<li><strong>A50 : <\/strong>coupure totale de la circulation entre les \u00e9changeurs n\u00b0 9 (La Ciotat) et n\u00b0 6 (Carnoux), en direction de Marseille, de 21 h \u00e0 5 h<\/li>\n<p>&#13;<\/p>\n<li><strong>A50 : <\/strong>fermeture de la bretelle d&rsquo;entr\u00e9e n\u00b0 9 (La Ciotat), en direction de Toulon, de 21 h \u00e0 5 h<\/li>\n<p>&#13;<\/p>\n<li><strong>A502 : <\/strong>coupure totale de la circulation dans le sens Aubagne-Marseille, de 21 h \u00e0 6 h<\/li>\n<p>&#13;<\/p>\n<li><strong>A51 : <\/strong>coupure totale de la circulation de la bretelle de sortie n\u00b0 6 (Aix Centre) \u00e0 l&rsquo;entr\u00e9e de l&rsquo;A8, dans le sens Marseille-Aix-en-Provence, de 21 h \u00e0 6 h<\/li>\n<p>&#13;<\/p>\n<li><strong>A51 : <\/strong>fermeture de la bretelle d&rsquo;entr\u00e9e n\u00b0 7 (Jas de Bouffan) et de la bretelle de sortie menant vers l&rsquo;A8, dans le sens Aix-en-Provence-Marseille, de 21 h \u00e0 6 h<\/li>\n<p>&#13;<\/p>\n<li><strong>A52 :<\/strong> fermeture de l&rsquo;\u00e9changeur n\u00b0 33 (Belcod\u00e8ne), dans les deux sens de circulation, de 21 h \u00e0 5 h<\/li>\n<p>&#13;<\/p>\n<li><strong>A55 :<\/strong> fermeture de la bretelle de sortie n\u00b0 6 (Verduron), dans le sens Marseille-Fos-sur-Mer, de 21 h \u00e0 6 h<\/li>\n<p>&#13;<\/p>\n<li><strong>N2516 : <\/strong>coupure totale de la circulation dans le sens Aix-en-Provence-Marseille, de 21 h \u00e0 6 h<\/li>\n<p>&#13;\n<\/ul>\n<p><strong>Nuit du mercredi 17 au jeudi 18 d\u00e9cembre<\/strong><\/p>\n<ul>&#13;<\/p>\n<li><strong>A507 (rocade L2) :<\/strong> coupure totale de la circulation dans le sens Aubagne-Aix-en-Provence, de 21 h \u00e0 6 h<\/li>\n<p>&#13;<\/p>\n<li><strong>A7 : <\/strong>coupure totale de la circulation de Marseille \u00e0 l&#8217;embranchement avec l&rsquo;A51, dans le sens Marseille-Lyon, de 21 h \u00e0 6 h<\/li>\n<p>&#13;<\/p>\n<li><strong>A50 : <\/strong>coupure totale de la circulation entre les \u00e9changeurs n\u00b0 9 (La Ciotat) et n\u00b0 6 (Carnoux), en direction de Marseille, de 21 h \u00e0 5 h<\/li>\n<p>&#13;<\/p>\n<li><strong>A50 : <\/strong>fermeture de la bretelle d&rsquo;entr\u00e9e n\u00b0 9 (La Ciotat), en direction de Toulon, de 21 h \u00e0 5 h<\/li>\n<p>&#13;<\/p>\n<li><strong>A51 : <\/strong>coupure totale de la circulation de la bretelle de sortie n\u00b0 6 (Aix Centre) \u00e0 l&rsquo;entr\u00e9e de l&rsquo;A8, dans le sens Marseille-Aix-en-Provence, de 21 h \u00e0 6 h<\/li>\n<p>&#13;<\/p>\n<li><strong>A51 : <\/strong>fermeture de la bretelle d&rsquo;entr\u00e9e n\u00b0 7 (Jas de Bouffan) et de la bretelle de sortie menant vers l&rsquo;A8, dans le sens Aix-en-Provence-Marseille, de 21 h \u00e0 6 h<\/li>\n<p>&#13;<\/p>\n<li><strong>A52 :<\/strong> fermeture de l&rsquo;\u00e9changeur n\u00b0 33 (Belcod\u00e8ne), dans les deux sens de circulation, de 21 h \u00e0 5 h<\/li>\n<p>&#13;<\/p>\n<li><strong>A55 : <\/strong>fermeture de la bretelle de sortie n\u00b0 6 (Verduron), dans le sens Marseille-Fos-sur-Mer, de 21 h \u00e0 6 h<\/li>\n<p>&#13;<\/p>\n<li><strong>N2516 :<\/strong> coupure totale de la circulation dans le sens Aix-en-Provence-Marseille, de 21 h \u00e0 6 h<\/li>\n<p>&#13;\n<\/ul>\n<p><strong>Nuit du jeudi 18 au vendredi 19 d\u00e9cembre<\/strong><\/p>\n<ul>&#13;<\/p>\n<li><strong>A507 (rocade L2) : <\/strong>coupure totale de la circulation dans le sens Aix-en-Provence-Aubagne, de 21 h \u00e0 6 h<\/li>\n<p>&#13;<\/p>\n<li><strong>A50 : <\/strong>coupure totale de la circulation entre les \u00e9changeurs n\u00b0 9 (La Ciotat) et n\u00b0 6 (Carnoux), en direction de Marseille, de 21 h \u00e0 5 h<\/li>\n<p>&#13;<\/p>\n<li><strong>A50 :<\/strong> fermeture de la bretelle d&rsquo;entr\u00e9e n\u00b0 9 (La Ciotat), en direction de Toulon, de 21 h \u00e0 5 h<\/li>\n<p>&#13;<\/p>\n<li><strong>A50 : <\/strong>coupure totale de la circulation de Marseille \u00e0 la bretelle d&rsquo;entr\u00e9e n\u00b0 4 (La Valentine), dans le sens Marseille-Aubagne, de 21 h \u00e0 6 h<\/li>\n<p>&#13;<\/p>\n<li><strong>A51 : <\/strong>coupure totale de la circulation de la bretelle de sortie n\u00b0 6 (Aix Centre) \u00e0 l&rsquo;entr\u00e9e de l&rsquo;A8, dans le sens Marseille-Aix-en-Provence, de 21 h \u00e0 6 h<\/li>\n<p>&#13;<\/p>\n<li><strong>A51 : <\/strong>fermeture de la bretelle d&rsquo;entr\u00e9e n\u00b0 7 (Jas de Bouffan) et de la bretelle de sortie menant vers l&rsquo;A8, dans le sens Aix-en-Provence-Marseille, de 21 h \u00e0 6 h<\/li>\n<p>&#13;<\/p>\n<li><strong>A52 : <\/strong>fermeture de l&rsquo;\u00e9changeur n\u00b0 33 (Belcod\u00e8ne), dans les deux sens de circulation, de 21 h \u00e0 5 h<\/li>\n<p>&#13;<\/p>\n<li><strong>A55 : <\/strong>fermeture de la bretelle de sortie n\u00b0 6 (Verduron), dans le sens Marseille-Fos-sur-Mer, de 21 h \u00e0 6 h<\/li>\n<p>&#13;<\/p>\n<li><strong>N2516 : <\/strong>coupure totale de la circulation dans le sens Aix-en-Provence-Marseille, de 21 h \u00e0 6 h<\/li>\n<p>&#13;\n<\/ul>\n","protected":false},"excerpt":{"rendered":"Alors que les f\u00eates de fin d&rsquo;ann\u00e9e approchent, les agents des autoroutes ne ch\u00f4ment pas, dans les Bouches-du-Rh\u00f4ne.&hellip;\n","protected":false},"author":2,"featured_media":602218,"comment_status":"","ping_status":"","sticky":false,"template":"","format":"standard","meta":{"footnotes":""},"categories":[2814],"tags":[17,1111,11,7480,885,1446,1440,1777,674,1011,27,26158,6201,151,884,12,882,25,104],"class_list":{"0":"post-602217","1":"post","2":"type-post","3":"status-publish","4":"format-standard","5":"has-post-thumbnail","7":"category-marseille","8":"tag-17","9":"tag-actu","10":"tag-actualites","11":"tag-autoroutes","12":"tag-bouches-du-rhone","13":"tag-dans","14":"tag-encore","15":"tag-eu","16":"tag-europe","17":"tag-fr","18":"tag-france","19":"tag-la7","20":"tag-l2","21":"tag-les","22":"tag-marseille","23":"tag-news","24":"tag-provence-alpes-cote-dazur","25":"tag-republique-francaise","26":"tag-societe"},"share_on_mastodon":{"url":"https:\/\/pubeurope.com\/@fr\/115727243931657124","error":""},"_links":{"self":[{"href":"https:\/\/www.europesays.com\/fr\/wp-json\/wp\/v2\/posts\/602217","targetHints":{"allow":["GET"]}}],"collection":[{"href":"https:\/\/www.europesays.com\/fr\/wp-json\/wp\/v2\/posts"}],"about":[{"href":"https:\/\/www.europesays.com\/fr\/wp-json\/wp\/v2\/types\/post"}],"author":[{"embeddable":true,"href":"https:\/\/www.europesays.com\/fr\/wp-json\/wp\/v2\/users\/2"}],"replies":[{"embeddable":true,"href":"https:\/\/www.europesays.com\/fr\/wp-json\/wp\/v2\/comments?post=602217"}],"version-history":[{"count":0,"href":"https:\/\/www.europesays.com\/fr\/wp-json\/wp\/v2\/posts\/602217\/revisions"}],"wp:featuredmedia":[{"embeddable":true,"href":"https:\/\/www.europesays.com\/fr\/wp-json\/wp\/v2\/media\/602218"}],"wp:attachment":[{"href":"https:\/\/www.europesays.com\/fr\/wp-json\/wp\/v2\/media?parent=602217"}],"wp:term":[{"taxonomy":"category","embeddable":true,"href":"https:\/\/www.europesays.com\/fr\/wp-json\/wp\/v2\/categories?post=602217"},{"taxonomy":"post_tag","embeddable":true,"href":"https:\/\/www.europesays.com\/fr\/wp-json\/wp\/v2\/tags?post=602217"}],"curies":[{"name":"wp","href":"https:\/\/api.w.org\/{rel}","templated":true}]}}