{"id":602225,"date":"2025-12-16T04:04:27","date_gmt":"2025-12-16T04:04:27","guid":{"rendered":"https:\/\/www.europesays.com\/fr\/602225\/"},"modified":"2025-12-16T04:04:27","modified_gmt":"2025-12-16T04:04:27","slug":"on-nest-pas-la-poubelle-de-lile-de-france-18-000-signatures-contre-le-projet-de-data-center-au-bourget","status":"publish","type":"post","link":"https:\/\/www.europesays.com\/fr\/602225\/","title":{"rendered":"\u00ab\u00a0On n\u2019est pas la poubelle de l\u2019\u00cele-de-France\u00a0\u00bb\u00a0: 18\u00a0000 signatures contre le projet de data center au\u00a0Bourget"},"content":{"rendered":"<p class=\"\">Dans le d\u00e9partement, <a href=\"https:\/\/www.leparisien.fr\/seine-saint-denis-93\/toujours-plus-nombreux-en-seine-saint-denis-le-plus-grand-data-center-de-france-bientot-erige-a-dugny-13-11-2024-2B6LF2BG3JEMNHICKFPLZEZHVM.php\" target=\"_self\" rel=\"noopener\">terre \u00ab historique \u00bb de data centers,<\/a> c\u2019est la premi\u00e8re fois qu\u2019un dossier de ce genre g\u00e9n\u00e8re un tel niveau de contestation. \u00ab Il y a eu quelque 300 contributions d\u00e9pos\u00e9es lors de l\u2019enqu\u00eate publique qui s\u2019est termin\u00e9e d\u00e9but novembre \u00bb, confirme Jean-Marie Baty, de l\u2019association de protection environnementale MNLE 93. Le refus est aussi relay\u00e9 par les \u00e9lus de gauche, comme de droite, du d\u00e9put\u00e9 Aly Diouara (LFI) au s\u00e9nateur Vincent Capo-Canellas (UDI).<\/p>\n","protected":false},"excerpt":{"rendered":"Dans le d\u00e9partement, terre \u00ab historique \u00bb de data centers, c\u2019est la premi\u00e8re fois qu\u2019un dossier de ce&hellip;\n","protected":false},"author":2,"featured_media":602226,"comment_status":"","ping_status":"","sticky":false,"template":"","format":"standard","meta":{"footnotes":""},"categories":[1592],"tags":[1111,11,1777,674,1011,27,3746,662,1944,12,626,25,1945],"class_list":{"0":"post-602225","1":"post","2":"type-post","3":"status-publish","4":"format-standard","5":"has-post-thumbnail","7":"category-ile-de-france","8":"tag-actu","9":"tag-actualites","10":"tag-eu","11":"tag-europe","12":"tag-fr","13":"tag-france","14":"tag-futurs","15":"tag-ile-de-france","16":"tag-ma-ville","17":"tag-news","18":"tag-paris","19":"tag-republique-francaise","20":"tag-seine-saint-denis"},"share_on_mastodon":{"url":"https:\/\/pubeurope.com\/@fr\/115727267547420596","error":""},"_links":{"self":[{"href":"https:\/\/www.europesays.com\/fr\/wp-json\/wp\/v2\/posts\/602225","targetHints":{"allow":["GET"]}}],"collection":[{"href":"https:\/\/www.europesays.com\/fr\/wp-json\/wp\/v2\/posts"}],"about":[{"href":"https:\/\/www.europesays.com\/fr\/wp-json\/wp\/v2\/types\/post"}],"author":[{"embeddable":true,"href":"https:\/\/www.europesays.com\/fr\/wp-json\/wp\/v2\/users\/2"}],"replies":[{"embeddable":true,"href":"https:\/\/www.europesays.com\/fr\/wp-json\/wp\/v2\/comments?post=602225"}],"version-history":[{"count":0,"href":"https:\/\/www.europesays.com\/fr\/wp-json\/wp\/v2\/posts\/602225\/revisions"}],"wp:featuredmedia":[{"embeddable":true,"href":"https:\/\/www.europesays.com\/fr\/wp-json\/wp\/v2\/media\/602226"}],"wp:attachment":[{"href":"https:\/\/www.europesays.com\/fr\/wp-json\/wp\/v2\/media?parent=602225"}],"wp:term":[{"taxonomy":"category","embeddable":true,"href":"https:\/\/www.europesays.com\/fr\/wp-json\/wp\/v2\/categories?post=602225"},{"taxonomy":"post_tag","embeddable":true,"href":"https:\/\/www.europesays.com\/fr\/wp-json\/wp\/v2\/tags?post=602225"}],"curies":[{"name":"wp","href":"https:\/\/api.w.org\/{rel}","templated":true}]}}