{"id":602227,"date":"2025-12-16T04:05:21","date_gmt":"2025-12-16T04:05:21","guid":{"rendered":"https:\/\/www.europesays.com\/fr\/602227\/"},"modified":"2025-12-16T04:05:21","modified_gmt":"2025-12-16T04:05:21","slug":"les-temps-forts-du-conseil-de-paris-de-decembre-2025","status":"publish","type":"post","link":"https:\/\/www.europesays.com\/fr\/602227\/","title":{"rendered":"Les temps forts du Conseil de Paris de d\u00e9cembre 2025"},"content":{"rendered":"<p>    MARDI 16 D\u00c9CEMBRE<br \/>&#8211; 9\u00a0h 00\u00a0: minute de silence en m\u00e9moire des victimes de l&rsquo;attentat antis\u00e9mite \u00e0 Sydney en Australie.<br \/>&#8211; 9\u00a0h 00\/13\u00a0h\u00a0: ouverture de la s\u00e9ance et adoption du compte-rendu sommaire de la s\u00e9ance de novembre.<br \/>\u00c0 l&rsquo;issue, d\u00e9bat organis\u00e9 sur les budgets de la ville d&rsquo;une part, et l&rsquo;\u00e9tat sp\u00e9cial territorial d&rsquo;autre part.<br \/>&#8211; 14\u00a0h 45\/20\u00a0h\u00a0: poursuite de la discussion budg\u00e9taire et r\u00e9ponse de l&rsquo;ex\u00e9cutif.<br \/>\u00c0 l&rsquo;issue, explication de vote et vote des budgets.<\/p>\n<p>MERCREDI 17 D\u00c9CEMBRE<br \/>&#8211; 10\u00a0h\/12\u00a0h 15\u00a0: d\u00e9bat organis\u00e9 relatif au renouvellement de la concession de service public parisien de production et de distribution de la chaleur et cr\u00e9ation de la soci\u00e9t\u00e9 d&rsquo;\u00e9conomie mixte \u00e0 op\u00e9ration unique concessionnaire (SEMOP).<br \/>\u00c0 l&rsquo;issue, poursuite de l&rsquo;examen des d\u00e9lib\u00e9rations.<\/p>\n<p>JEUDI 18 D\u00c9CEMBRE<br \/>&#8211; 10\u00a0h\/11\u00a0h 10\u00a0: rapport d&rsquo;activit\u00e9 2025 du Conseil parisien des Europ\u00e9ens et v\u0153u.<br \/>\u00c0 l&rsquo;issue, poursuite de l&rsquo;examen des d\u00e9lib\u00e9rations.<\/p>\n<p>VENDREDI 19 D\u00c9CEMBRE<br \/>&#8211; 9\u00a0h 00\/21\u00a0h\u00a0: Poursuite de l&rsquo;examen des d\u00e9lib\u00e9rations jusqu&rsquo;\u00e0 l&rsquo;\u00e9puisement de l&rsquo;ordre du jour.<\/p>\n","protected":false},"excerpt":{"rendered":"MARDI 16 D\u00c9CEMBRE&#8211; 9\u00a0h 00\u00a0: minute de silence en m\u00e9moire des victimes de l&rsquo;attentat antis\u00e9mite \u00e0 Sydney en&hellip;\n","protected":false},"author":2,"featured_media":226970,"comment_status":"","ping_status":"","sticky":false,"template":"","format":"standard","meta":{"footnotes":""},"categories":[1888],"tags":[1111,1928,11,1927,1777,674,1011,27,12,1926,626,1925,25],"class_list":{"0":"post-602227","1":"post","2":"type-post","3":"status-publish","4":"format-standard","5":"has-post-thumbnail","7":"category-paris","8":"tag-actu","9":"tag-actu-paris","10":"tag-actualites","11":"tag-actualites-paris","12":"tag-eu","13":"tag-europe","14":"tag-fr","15":"tag-france","16":"tag-news","17":"tag-news-paris","18":"tag-paris","19":"tag-paris-news","20":"tag-republique-francaise"},"share_on_mastodon":{"url":"https:\/\/pubeurope.com\/@fr\/115727271465124126","error":""},"_links":{"self":[{"href":"https:\/\/www.europesays.com\/fr\/wp-json\/wp\/v2\/posts\/602227","targetHints":{"allow":["GET"]}}],"collection":[{"href":"https:\/\/www.europesays.com\/fr\/wp-json\/wp\/v2\/posts"}],"about":[{"href":"https:\/\/www.europesays.com\/fr\/wp-json\/wp\/v2\/types\/post"}],"author":[{"embeddable":true,"href":"https:\/\/www.europesays.com\/fr\/wp-json\/wp\/v2\/users\/2"}],"replies":[{"embeddable":true,"href":"https:\/\/www.europesays.com\/fr\/wp-json\/wp\/v2\/comments?post=602227"}],"version-history":[{"count":0,"href":"https:\/\/www.europesays.com\/fr\/wp-json\/wp\/v2\/posts\/602227\/revisions"}],"wp:featuredmedia":[{"embeddable":true,"href":"https:\/\/www.europesays.com\/fr\/wp-json\/wp\/v2\/media\/226970"}],"wp:attachment":[{"href":"https:\/\/www.europesays.com\/fr\/wp-json\/wp\/v2\/media?parent=602227"}],"wp:term":[{"taxonomy":"category","embeddable":true,"href":"https:\/\/www.europesays.com\/fr\/wp-json\/wp\/v2\/categories?post=602227"},{"taxonomy":"post_tag","embeddable":true,"href":"https:\/\/www.europesays.com\/fr\/wp-json\/wp\/v2\/tags?post=602227"}],"curies":[{"name":"wp","href":"https:\/\/api.w.org\/{rel}","templated":true}]}}