{"id":602228,"date":"2025-12-16T04:06:22","date_gmt":"2025-12-16T04:06:22","guid":{"rendered":"https:\/\/www.europesays.com\/fr\/602228\/"},"modified":"2025-12-16T04:06:22","modified_gmt":"2025-12-16T04:06:22","slug":"donald-trump-promet-un-arc-de-triomphe-a-washington-qui-surpassera-largement-celui-de-paris","status":"publish","type":"post","link":"https:\/\/www.europesays.com\/fr\/602228\/","title":{"rendered":"Donald Trump promet un arc de triomphe \u00e0 Washington qui \u00absurpassera largement\u00bb celui de Paris"},"content":{"rendered":"<p>\n    Le pr\u00e9sident am\u00e9ricain a charg\u00e9 le directeur du Conseil de politique int\u00e9rieure de la Maison Blanche, Vince Haley, de faire de la construction du monument \u00abune priorit\u00e9 absolue\u00bb.<\/p>\n<p class=\"fig-paragraph\">Un projet d\u00e9mesur\u00e9 et assum\u00e9. Lors d\u2019une r\u00e9ception \u00e0 la\u00a0<a href=\"http:\/\/www.lefigaro.fr\/international\/mur-de-la-honte-classement-recidivistes-donald-trump-cible-les-medias-delinquants-sur-le-site-de-la-maison-blanche-20251204\" target=\"_blank\" data-fig-type=\"NewsFlash\" rel=\"noopener\" data-gtm-custom-categorie=\"navigation\" data-gtm-custom-action=\"crossclick\" data-gtm-custom-label=\"Contextuel\" data-gtm-event=\"customEventSPE\" data-fig-domain=\"LEFIGARO\">Maison Blanche<\/a>,\u00a0<a href=\"http:\/\/www.lefigaro.fr\/economie\/jean-pierre-robin-donald-trump-decrete-la-revolution-numerique-du-dollar-pour-siphonner-l-epargne-mondiale-20251214\" target=\"_blank\" data-fig-type=\"Article\" rel=\"noopener\" data-gtm-custom-categorie=\"navigation\" data-gtm-custom-action=\"crossclick\" data-gtm-custom-label=\"Contextuel\" data-gtm-event=\"customEventSPE\" data-fig-domain=\"LEFIGARO\">Donald Trump<\/a>\u00a0a donn\u00e9 des nouvelles de son projet de construction d\u2019<a href=\"http:\/\/www.lefigaro.fr\/culture\/patrimoine\/apres-sa-salle-de-bal-a-la-maison-blanche-donald-trump-veut-batir-en-urgence-un-arc-de-triomphe-a-washington-20251030\" target=\"_blank\" data-fig-type=\"Article\" rel=\"noopener\" data-gtm-custom-categorie=\"navigation\" data-gtm-custom-action=\"crossclick\" data-gtm-custom-label=\"Contextuel\" data-gtm-event=\"customEventSPE\" data-fig-domain=\"LEFIGARO\">un arc de triomphe<\/a>\u00a0\u00e0 Washington. Dans un discours prononc\u00e9 ce dimanche, il a annonc\u00e9 que Vince Haley, son ancien r\u00e9dacteur de discours et actuel directeur du Conseil de politique int\u00e9rieure de la Maison Blanche, \u00e9tait \u00aben charge\u00bb de la construction de la version am\u00e9ricaine de \u00abl\u2019arc de triomphe\u00bb. Une \u00abpriorit\u00e9 absolue\u00bb pour le r\u00e9publicain qui a d\u00e9plor\u00e9 que Washington soit \u00abla seule grande ville au monde qui n\u2019en a pas\u00bb. Sur un ton plus sarcastique, le locataire du bureau ovale a affirm\u00e9 que le monument \u00absera comme celui de Paris\u00bb mais \u00absera bien meilleur [&#8230;] Il le surpassera largement. \u00c0 tous points de vue\u00bb.<\/p>\n<p class=\"fig-paragraph\">Vince Haley doit donc superviser cet \u00e9difice dont la maquette avait \u00e9t\u00e9 pr\u00e9sent\u00e9e au mois d\u2019octobre. \u00abUn jour, Vince est arriv\u00e9 et ses yeux brillaient\u00bb, a racont\u00e9 Donald Trump sur son conseiller en politique int\u00e9rieur, lorsque ce dernier venait de d\u00e9couvrir la miniature de la future arche. \u00abIl n\u2019en revenait pas de la beaut\u00e9 du lieu\u00bb m\u00eame \u00e0 petite \u00e9chelle, a poursuivi Donald Trump, qui a d\u00e9clar\u00e9 qu\u2019aucun autre projet \u00abne peut rivaliser\u00bb avec la construction de cet \u00abarc de l\u2019Ind\u00e9pendance\u00bb.<\/p>\n<p>                                            <a class=\"fig-a11y-skip\" href=\"#fig-a11y-skip-main-inarticle\" data-module=\"a11y-skip\" data-context=\"was @visible\"><br \/>\n    Passer la publicit\u00e9<br \/>\n<\/a>            <\/p>\n<p class=\"fig-paragraph\">Son discours \u00e9tait ponctu\u00e9 de nombreuses attaques directes envers La France et plus g\u00e9n\u00e9ralement de l\u2019Europe. S\u2019il souhaite un arc de triomphe semblable \u00e0 celui commenc\u00e9 sous Napol\u00e9on Bonaparte, dont la construction s\u2019est \u00e9tal\u00e9e du Premier Empire \u00e0 la Monarchie de Juillet (1806-1836), il a affirm\u00e9 lors de sa prise de parole que l\u2019arc am\u00e9ricain \u00abl\u2019\u00e9craserait\u00bb. Dans la suite de son discours, il a tent\u00e9 de discr\u00e9diter et de m\u00e9priser la France en annon\u00e7ant que \u00abla seule chose qu\u2019ils ont, c\u2019est l\u2019Histoire. Mais nous aurons de l\u2019Histoire nous aussi, \u00e0 un certain point\u00bb.<\/p>\n<p>                                            De nombreux chantiers \u00e0 venir<\/p>\n<p class=\"fig-paragraph\">Donald Trump en a profit\u00e9 aussi pour rappeler quelques d\u00e9tails concernant le monument. \u00abNous le construisons pr\u00e8s du pont d\u2019Arlington, du cimeti\u00e8re d\u2019Arlington, en face du Lincoln Memorial\u00bb, a d\u00e9clar\u00e9 le pr\u00e9sident de 79 ans. La localisation n\u2019est pas anodine, certains monuments rendant hommage \u00e0 ces pr\u00e9d\u00e9cesseurs, \u00e0 l\u2019instar de George Washington avec l\u2019ob\u00e9lisque ou Abraham Lincoln et son m\u00e9morial, y sont install\u00e9s.<\/p>\n<p class=\"fig-paragraph\">Le projet, souhait\u00e9 par l\u2019administration du R\u00e9publicain pour c\u00e9l\u00e9brer les 250 ans des \u00c9tats-Unis en 2026, fait d\u00e9bat. Le journal anglais\u00a0<a href=\"https:\/\/www.theguardian.com\/us-news\/2025\/dec\/14\/trump-arch-washington-dc-policy-chief\" target=\"_blank\" rel=\"sponsored noopener\" data-gtm-custom-categorie=\"navigation\" data-gtm-custom-action=\"crossclick\" data-gtm-custom-label=\"Contextuel\" data-gtm-event=\"customEventSPE\">The Guardian<\/a> \u00a0pointe du doigt la volont\u00e9 de faire de ce projet \u00abune priorit\u00e9 absolue\u00bb alors que de nombreux Am\u00e9ricains sont confront\u00e9s \u00e0 des probl\u00e8mes \u00e9conomiques plus graves comme la hausse des co\u00fbts li\u00e9s \u00e0 leur\u00a0<a href=\"http:\/\/www.lefigaro.fr\/international\/etats-unis-impasse-au-congres-sur-la-question-de-l-assurance-sante-20251211\" target=\"_blank\" data-fig-type=\"Article\" rel=\"noopener\" data-gtm-custom-categorie=\"navigation\" data-gtm-custom-action=\"crossclick\" data-gtm-custom-label=\"Contextuel\" data-gtm-event=\"customEventSPE\" data-fig-domain=\"LEFIGARO\">assurance maladie<\/a>.<\/p>\n<p class=\"fig-paragraph\">Depuis qu\u2019il occupe \u00e0 nouveau le pouvoir, Donald Trump a lanc\u00e9 de nombreux chantiers aux \u00c9tats-Unis. Hormis l\u2019arc de triomphe, une\u00a0<a href=\"http:\/\/www.lefigaro.fr\/culture\/patrimoine\/une-grande-salle-de-bal-doree-donald-trump-veut-imprimer-sa-marque-a-la-maison-blanche-20250801\" target=\"_blank\" data-fig-type=\"NewsFlash\" rel=\"noopener\" data-gtm-custom-categorie=\"navigation\" data-gtm-custom-action=\"crossclick\" data-gtm-custom-label=\"Contextuel\" data-gtm-event=\"customEventSPE\" data-fig-domain=\"LEFIGARO\">salle de bal<\/a>\u00a0aux dimensions d\u00e9mesur\u00e9es est actuellement en construction \u00e0 la Maison Blanche avec un budget pr\u00e9visionnel &#8211; financ\u00e9 par des dons priv\u00e9s &#8211; de 200 \u00e0 300 millions de dollars. Le magazine\u00a0<a href=\"https:\/\/www.politico.com\/news\/magazine\/2025\/12\/07\/inside-the-crazy-fight-over-donald-trumps-presidential-library-00678715\" target=\"_blank\" rel=\"sponsored noopener\" data-gtm-custom-categorie=\"navigation\" data-gtm-custom-action=\"crossclick\" data-gtm-custom-label=\"Contextuel\" data-gtm-event=\"customEventSPE\">Politico<\/a> \u00a0imagine aussi ce \u00e0 quoi pourrait ressembler la biblioth\u00e8que pr\u00e9sidentielle de Donald Trump \u00e0 Miami, dont les travaux n\u2019ont pas encore commenc\u00e9 mais qui pourrait inclure \u00abune tour de 47 \u00e9tages, un h\u00f4tel, un restaurant panoramique et une vue imprenable sur l\u2019horizon de Miami\u00bb.<\/p>\n","protected":false},"excerpt":{"rendered":"Le pr\u00e9sident am\u00e9ricain a charg\u00e9 le directeur du Conseil de politique int\u00e9rieure de la Maison Blanche, Vince Haley,&hellip;\n","protected":false},"author":2,"featured_media":602229,"comment_status":"","ping_status":"","sticky":false,"template":"","format":"standard","meta":{"footnotes":""},"categories":[1888],"tags":[1111,1928,11,1927,17864,75,1777,674,1011,27,12,1926,626,1925,25,9030],"class_list":{"0":"post-602228","1":"post","2":"type-post","3":"status-publish","4":"format-standard","5":"has-post-thumbnail","7":"category-paris","8":"tag-actu","9":"tag-actu-paris","10":"tag-actualites","11":"tag-actualites-paris","12":"tag-arc-de-triomphe","13":"tag-donald-trump","14":"tag-eu","15":"tag-europe","16":"tag-fr","17":"tag-france","18":"tag-news","19":"tag-news-paris","20":"tag-paris","21":"tag-paris-news","22":"tag-republique-francaise","23":"tag-washington-dc"},"share_on_mastodon":{"url":"https:\/\/pubeurope.com\/@fr\/115727275384166681","error":""},"_links":{"self":[{"href":"https:\/\/www.europesays.com\/fr\/wp-json\/wp\/v2\/posts\/602228","targetHints":{"allow":["GET"]}}],"collection":[{"href":"https:\/\/www.europesays.com\/fr\/wp-json\/wp\/v2\/posts"}],"about":[{"href":"https:\/\/www.europesays.com\/fr\/wp-json\/wp\/v2\/types\/post"}],"author":[{"embeddable":true,"href":"https:\/\/www.europesays.com\/fr\/wp-json\/wp\/v2\/users\/2"}],"replies":[{"embeddable":true,"href":"https:\/\/www.europesays.com\/fr\/wp-json\/wp\/v2\/comments?post=602228"}],"version-history":[{"count":0,"href":"https:\/\/www.europesays.com\/fr\/wp-json\/wp\/v2\/posts\/602228\/revisions"}],"wp:featuredmedia":[{"embeddable":true,"href":"https:\/\/www.europesays.com\/fr\/wp-json\/wp\/v2\/media\/602229"}],"wp:attachment":[{"href":"https:\/\/www.europesays.com\/fr\/wp-json\/wp\/v2\/media?parent=602228"}],"wp:term":[{"taxonomy":"category","embeddable":true,"href":"https:\/\/www.europesays.com\/fr\/wp-json\/wp\/v2\/categories?post=602228"},{"taxonomy":"post_tag","embeddable":true,"href":"https:\/\/www.europesays.com\/fr\/wp-json\/wp\/v2\/tags?post=602228"}],"curies":[{"name":"wp","href":"https:\/\/api.w.org\/{rel}","templated":true}]}}