{"id":60223,"date":"2025-04-28T21:28:09","date_gmt":"2025-04-28T21:28:09","guid":{"rendered":"https:\/\/www.europesays.com\/fr\/60223\/"},"modified":"2025-04-28T21:28:09","modified_gmt":"2025-04-28T21:28:09","slug":"royaume-uni-une-adolescente-condamnee-pour-avoir-poignarde-deux-enseignantes-et-une-eleve","status":"publish","type":"post","link":"https:\/\/www.europesays.com\/fr\/60223\/","title":{"rendered":"Royaume-Uni: une adolescente condamn\u00e9e pour avoir poignard\u00e9 deux enseignantes et une \u00e9l\u00e8ve"},"content":{"rendered":"<p><a href=\"https:\/\/www.lalibre.be\/international\/europe\/2025\/03\/02\/enlevement-dun-nourrisson-et-torture-comment-deux-jeunes-assassins-de-10-ans-ont-choque-le-royaume-uni-D5EVG5LE4ZE3JODNSYXAST7XSE\/\" target=\"_blank\" rel=\"noopener noreferrer\" class=\"ap-StoryInterstitialLink ap-StoryElement ap-StoryElement--mb\">Enl\u00e8vement d&rsquo;un nourrisson et torture: comment deux jeunes assassins de 10 ans ont choqu\u00e9 le Royaume-Uni<\/a><\/p>\n<p class=\"ap-StoryElement ap-StoryElement--mb ap-StoryText\">Reconnue coupable de tentative de meurtre en f\u00e9vrier, l&rsquo;adolescente a \u00e9t\u00e9 condamn\u00e9e lundi par un juge de la Cour criminelle de Swansea \u00e0 une peine de 15 ans d&#8217;emprisonnement dans un centre de d\u00e9tention pour mineurs, avec une p\u00e9riode de s\u00fbret\u00e9 couvrant au moins la moiti\u00e9 de cette dur\u00e9e.<\/p>\n<p class=\"ap-StoryElement ap-StoryElement--mb ap-StoryText\">En pronon\u00e7ant la peine, le juge Paul Thomas a affirm\u00e9 que la jeune fille avait \u00ab\u00a0appr\u00e9ci\u00e9 les r\u00e9actions et la publicit\u00e9\u00a0\u00bb engendr\u00e9e par son geste.<\/p>\n<p>\u00ab\u00a0Je suis s\u00fbre que \u00e7a va passer aux informations\u00a0\u00bb<\/p>\n<p class=\"ap-StoryElement ap-StoryElement--mb ap-StoryText\">\u00ab\u00a0Je suis s\u00fbre que \u00e7a va passer aux informations, beaucoup plus de gens vont me regarder\u00a0\u00bb, avait d\u00e9clar\u00e9 la jeune fille dans le v\u00e9hicule des policiers qui l&rsquo;avaient arr\u00eat\u00e9e.<\/p>\n<p class=\"ap-StoryElement ap-StoryElement--mb ap-StoryText\">Un peu plus t\u00f4t lundi, un adolescent de 15 ans a comparu devant le tribunal de Sheffield, dans le nord de l&rsquo;Angleterre, poursuivi pour avoir poignard\u00e9 \u00e0 mort un jeune de son \u00e2ge dans un coll\u00e8ge-lyc\u00e9e de la ville en f\u00e9vrier.<\/p>\n<p class=\"ap-StoryElement ap-StoryElement--mb ap-StoryText\">Le gar\u00e7on, inculp\u00e9 du meurtre de Harvey Willgoose, \u00e9galement \u00e2g\u00e9 de 15 ans, a plaid\u00e9 coupable d&rsquo;homicide involontaire.<\/p>\n<p class=\"ap-StoryElement ap-StoryElement--mb ap-StoryText\">Son proc\u00e8s doit avoir lieu \u00e0 partir du 30 juin.<\/p>\n<p><a href=\"https:\/\/www.lalibre.be\/international\/europe\/2025\/01\/20\/royaume-uni-debut-du-proces-de-lauteur-presume-du-meurtre-de-trois-fillettes-a-southport-a-lorigine-demeutes-YVNJYV46NFCYZLV7RDV7TCIW3M\/\" target=\"_blank\" rel=\"noopener noreferrer\" class=\"ap-StoryInterstitialLink ap-StoryElement ap-StoryElement--mb\">Royaume-Uni: d\u00e9but du proc\u00e8s de l&rsquo;auteur pr\u00e9sum\u00e9 du meurtre de trois fillettes \u00e0 Southport, \u00e0 l&rsquo;origine d&rsquo;\u00e9meutes<\/a><\/p>\n<p class=\"ap-StoryElement ap-StoryElement--mb ap-StoryText\">Harvey Willgoose est d\u00e9c\u00e9d\u00e9 le 3 f\u00e9vrier, apr\u00e8s avoir \u00e9t\u00e9 poignard\u00e9 en plein coeur, dans l&rsquo;enceinte de l&rsquo;\u00e9tablissement catholique All Saints de cette ville du Yorkshire du Sud.<\/p>\n<p class=\"ap-StoryElement ap-StoryElement--mb ap-StoryText\">Le Royaume-Uni conna\u00eet une hausse des incidents impliquant des armes blanches \u00e0 tel point que le Premier ministre Keir Starmer a parl\u00e9 d&rsquo;une \u00ab\u00a0crise nationale\u00a0\u00bb.<\/p>\n<p class=\"ap-StoryElement ap-StoryElement--mb ap-StoryText\">Pour lutter contre ce fl\u00e9au, une loi interdisant les machettes et couteaux de type \u00ab\u00a0zombie\u00a0\u00bb, armes associ\u00e9es \u00e0 la culture des gangs, est entr\u00e9e en vigueur en septembre 2024, et le gouvernement a promis de durcir les contr\u00f4les sur les ventes de couteaux en ligne.<\/p>\n<p class=\"ap-StoryElement ap-StoryElement--mb ap-StoryText\">Vendredi, de nouvelles sanctions ont \u00e9t\u00e9 annonc\u00e9es \u00e0 l&rsquo;encontre des plateformes qui diffuseraient des contenus susceptibles de promouvoir les violences \u00e0 l&rsquo;arme blanche.<\/p>\n","protected":false},"excerpt":{"rendered":"Enl\u00e8vement d&rsquo;un nourrisson et torture: comment deux jeunes assassins de 10 ans ont choqu\u00e9 le Royaume-Uni Reconnue coupable&hellip;\n","protected":false},"author":2,"featured_media":60224,"comment_status":"","ping_status":"","sticky":false,"template":"","format":"standard","meta":{"footnotes":""},"categories":[1588],"tags":[11,3959,1777,674,6228,2683,2581,12,473,1853,1851,1850,1852],"class_list":{"0":"post-60223","1":"post","2":"type-post","3":"status-publish","4":"format-standard","5":"has-post-thumbnail","7":"category-royaume-uni","8":"tag-actualites","9":"tag-adolescents","10":"tag-eu","11":"tag-europe","12":"tag-gb","13":"tag-homicide","14":"tag-keir-starmer","15":"tag-news","16":"tag-royaume-uni","17":"tag-royaume-uni-de-grande-bretagne-et-dirlande-du-nord","18":"tag-uk","19":"tag-united-kingdom","20":"tag-united-kingdom-of-great-britain-and-northern-ireland"},"share_on_mastodon":{"url":"https:\/\/pubeurope.com\/@fr\/114417716686752775","error":""},"_links":{"self":[{"href":"https:\/\/www.europesays.com\/fr\/wp-json\/wp\/v2\/posts\/60223","targetHints":{"allow":["GET"]}}],"collection":[{"href":"https:\/\/www.europesays.com\/fr\/wp-json\/wp\/v2\/posts"}],"about":[{"href":"https:\/\/www.europesays.com\/fr\/wp-json\/wp\/v2\/types\/post"}],"author":[{"embeddable":true,"href":"https:\/\/www.europesays.com\/fr\/wp-json\/wp\/v2\/users\/2"}],"replies":[{"embeddable":true,"href":"https:\/\/www.europesays.com\/fr\/wp-json\/wp\/v2\/comments?post=60223"}],"version-history":[{"count":0,"href":"https:\/\/www.europesays.com\/fr\/wp-json\/wp\/v2\/posts\/60223\/revisions"}],"wp:featuredmedia":[{"embeddable":true,"href":"https:\/\/www.europesays.com\/fr\/wp-json\/wp\/v2\/media\/60224"}],"wp:attachment":[{"href":"https:\/\/www.europesays.com\/fr\/wp-json\/wp\/v2\/media?parent=60223"}],"wp:term":[{"taxonomy":"category","embeddable":true,"href":"https:\/\/www.europesays.com\/fr\/wp-json\/wp\/v2\/categories?post=60223"},{"taxonomy":"post_tag","embeddable":true,"href":"https:\/\/www.europesays.com\/fr\/wp-json\/wp\/v2\/tags?post=60223"}],"curies":[{"name":"wp","href":"https:\/\/api.w.org\/{rel}","templated":true}]}}