{"id":602230,"date":"2025-12-16T04:07:21","date_gmt":"2025-12-16T04:07:21","guid":{"rendered":"https:\/\/www.europesays.com\/fr\/602230\/"},"modified":"2025-12-16T04:07:21","modified_gmt":"2025-12-16T04:07:21","slug":"municipales-2026-a-paris-le-rn-thierry-mariani-espere-entrer-au-conseil-de-paris","status":"publish","type":"post","link":"https:\/\/www.europesays.com\/fr\/602230\/","title":{"rendered":"Municipales 2026 \u00e0 Paris : le RN Thierry Mariani esp\u00e8re entrer au Conseil de Paris"},"content":{"rendered":"\n<p>L\u2019ancien ministre de Nicolas Sarkozy, pass\u00e9 au RN, va pr\u00e9senter des listes dans l\u2019ensemble des arrondissements de capitale (17), ainsi qu\u2019une liste centrale de conseillers de Paris, en alliance avec l\u2019UDR d\u2019Eric Ciotti, a-t-il annonc\u00e9 lors d\u2019une conf\u00e9rence de presse.<\/p>\n<p>\u201cNous avons l\u2019opportunit\u00e9 historique d\u2019entrer au Conseil de Paris pour donner une v\u00e9ritable voix aux id\u00e9es patriotes\u201d, alors qu\u2019aucun \u00e9lu d\u2019extr\u00eame droite ne si\u00e8ge aujourd\u2019hui dans les conseils d\u2019arrondissements de la capitale, estime Thierry Mariani, 67 ans, qui a exerc\u00e9 plusieurs mandats dans le Vaucluse dont celui de maire de Valr\u00e9as.<\/p>\n<p>Selon un sondage Ifop paru en novembre, le d\u00e9put\u00e9 europ\u00e9en r\u00e9colterait 8% des voix au premier tour le 15 mars 2026. Aux municipales de 2020, le candidat soutenu par le RN, Serge Federbusch, en avait obtenu moins de 1,5%.<\/p>\n<p>L\u2019eurod\u00e9put\u00e9e Sarah\u00a0Knafo, candidate potentielle du parti Reconqu\u00eate d\u2019Eric Zemmour dans la capitale, est elle donn\u00e9e \u00e0 7% des intentions de vote.<\/p>\n<p>\u201cJe pense qu\u2019au premier tour chacun pr\u00e9sentera sa liste. Si on d\u00e9passe les 10% il est \u00e9vident qu\u2019on se maintiendra au second\u201d, a fait savoir Thierry Mariani.<\/p>\n<p>Il a indiqu\u00e9 n\u2019avoir engag\u00e9 \u201caucune discussion pour le moment\u201d avec Sarah\u00a0Knafo sur une \u00e9ventuelle fusion des listes en cas de qualification pour le second tour.<\/p>\n<p>\u201cJe suis pr\u00eat \u00e0 fusionner avec tous ceux qui nous respectent. Mais il faut peut-\u00eatre arr\u00eater de dire qu\u2019on est un parti de gauche\u201d, a comment\u00e9 le d\u00e9put\u00e9 europ\u00e9en, en r\u00e9f\u00e9rence aux r\u00e9cents propos d\u2019Eric Zemmour selon lequel Reconqu\u00eate n\u2019aura pas de candidat commun \u00e0 la pr\u00e9sidentielle avec le parti de Marine Le Pen qu\u2019il juge \u201csocialiste\u201d.<\/p>\n<p>\u201cMais pour moi l\u2019ennemi, c\u2019est la municipalit\u00e9 de gauche qui en 25 ans a mis la capitale dans une situation catastrophique\u201d, a affirm\u00e9 Thierry Mariani, s\u2019en prenant \u00e0 \u201cl\u2019ins\u00e9curit\u00e9\u201d et la \u201csalet\u00e9\u201d de la capitale, la \u201csubmersion migratoire\u201d, ainsi qu\u2019\u00e0 \u201cl\u2019explosion de la dette\u201d laiss\u00e9e par la majorit\u00e9 socialiste sortante d\u2019Anne Hidalgo.<\/p>\n<p>\u201cMon adversaire c\u2019est aussi la fausse droite de Rachida Dati qui est en r\u00e9alit\u00e9 la candidate de Macron. Il ne suffit pas de se d\u00e9guiser en \u00e9boueur pour faire populaire\u201d, a-t-il tacl\u00e9, en allusion \u00e0 la vid\u00e9o montrant la candidate LR en tourn\u00e9e avec des agents de la propret\u00e9.<\/p>\n<p>Aucun \u00e9lu d\u2019extr\u00eame droite n\u2019a jamais si\u00e9g\u00e9 \u00e0 Paris, \u00e0 l\u2019exception de Jean-Marie Le Pen qui fut conseiller du Front national dans le 20e arrondissement dans les ann\u00e9es 1980, et d\u2019un conseiller de Paris, ind\u00e9pendant, \u00e0 la fin des ann\u00e9es 1990.<\/p>\n","protected":false},"excerpt":{"rendered":"L\u2019ancien ministre de Nicolas Sarkozy, pass\u00e9 au RN, va pr\u00e9senter des listes dans l\u2019ensemble des arrondissements de capitale&hellip;\n","protected":false},"author":2,"featured_media":602231,"comment_status":"","ping_status":"","sticky":false,"template":"","format":"standard","meta":{"footnotes":""},"categories":[1888],"tags":[11,2618,2617,6537,3220,1777,674,1076,1011,27,71485,6732,430,3554,3434,30216,12,3091,626,417,1078,10838,25,39672],"class_list":{"0":"post-602230","1":"post","2":"type-post","3":"status-publish","4":"format-standard","5":"has-post-thumbnail","7":"category-paris","8":"tag-actualites","9":"tag-anne-hidalgo","10":"tag-conseil-de-paris","11":"tag-eric-ciotti","12":"tag-eric-zemmour","13":"tag-eu","14":"tag-europe","15":"tag-extreme-droite","16":"tag-fr","17":"tag-france","18":"tag-front-national","19":"tag-jean-marie-le-pen","20":"tag-marine-le-pen","21":"tag-municipales","22":"tag-municipales-2026","23":"tag-municipales-2026-a-paris","24":"tag-news","25":"tag-nicolas-sarkozy","26":"tag-paris","27":"tag-rachida-dati","28":"tag-rassemblement-national","29":"tag-reconquete","30":"tag-republique-francaise","31":"tag-thierry-mariani"},"share_on_mastodon":{"url":"https:\/\/pubeurope.com\/@fr\/115727279454347695","error":""},"_links":{"self":[{"href":"https:\/\/www.europesays.com\/fr\/wp-json\/wp\/v2\/posts\/602230","targetHints":{"allow":["GET"]}}],"collection":[{"href":"https:\/\/www.europesays.com\/fr\/wp-json\/wp\/v2\/posts"}],"about":[{"href":"https:\/\/www.europesays.com\/fr\/wp-json\/wp\/v2\/types\/post"}],"author":[{"embeddable":true,"href":"https:\/\/www.europesays.com\/fr\/wp-json\/wp\/v2\/users\/2"}],"replies":[{"embeddable":true,"href":"https:\/\/www.europesays.com\/fr\/wp-json\/wp\/v2\/comments?post=602230"}],"version-history":[{"count":0,"href":"https:\/\/www.europesays.com\/fr\/wp-json\/wp\/v2\/posts\/602230\/revisions"}],"wp:featuredmedia":[{"embeddable":true,"href":"https:\/\/www.europesays.com\/fr\/wp-json\/wp\/v2\/media\/602231"}],"wp:attachment":[{"href":"https:\/\/www.europesays.com\/fr\/wp-json\/wp\/v2\/media?parent=602230"}],"wp:term":[{"taxonomy":"category","embeddable":true,"href":"https:\/\/www.europesays.com\/fr\/wp-json\/wp\/v2\/categories?post=602230"},{"taxonomy":"post_tag","embeddable":true,"href":"https:\/\/www.europesays.com\/fr\/wp-json\/wp\/v2\/tags?post=602230"}],"curies":[{"name":"wp","href":"https:\/\/api.w.org\/{rel}","templated":true}]}}