{"id":602232,"date":"2025-12-16T04:08:28","date_gmt":"2025-12-16T04:08:28","guid":{"rendered":"https:\/\/www.europesays.com\/fr\/602232\/"},"modified":"2025-12-16T04:08:28","modified_gmt":"2025-12-16T04:08:28","slug":"passage-de-la-marche-paris-bruxelles-pour-gaza-dans-les-communes-du-nord","status":"publish","type":"post","link":"https:\/\/www.europesays.com\/fr\/602232\/","title":{"rendered":"Passage de la marche Paris-Bruxelles pour Gaza dans les communes du Nord"},"content":{"rendered":"<p>La marche pour Gaza de Paris \u00e0 Bruxelles est pass\u00e9e par 5 \u00e9tapes dans le Nord du mardi 17 au dimanche 21 juin 2025. Elle a \u00e9t\u00e9 accueillie \u00e0 chaque \u00e9tape par l\u2019AFPS 59\/62.<\/p>\n<p><b>\u2013<\/b>\u00a017 juin\u00a0: Busigny \u2192 Cateau-Cambr\u00e9sis<\/p>\n<p><b>\u2013<\/b>\u00a018 juin\u00a0: Caudry \u2192 Cambrai<\/p>\n<p><b>\u2013<\/b>\u00a019 juin\u00a0: Aubigny-au-Bac \u2192 Douai<\/p>\n<p><b>\u2013<\/b>\u00a020 juin\u00a0: Seclin \u2192 F\u00e2ches-Thumesnil \u2192 Lille<\/p>\n<p><b>\u2013<\/b>\u00a021 juin\u00a0: Lille \u2192 Croix\u2192 Roubaix<\/p>\n<p> <a href=\"https:\/\/www.france-palestine.org\/IMG\/jpg\/image005_site-2.jpg\" class=\"spip_doc_lien mediabox\" type=\"image\/jpeg\" target=\"_blank\" rel=\"noopener\"><br \/>\n\t\t<img loading=\"lazy\" decoding=\"async\" src=\"https:\/\/www.europesays.com\/fr\/wp-content\/uploads\/2025\/12\/image005_site-2-4c689.jpg\" width=\"580\" height=\"317\" alt=\"\" \/><\/a><\/p>\n<p> <a href=\"https:\/\/www.france-palestine.org\/IMG\/jpg\/image004_site-4.jpg\" class=\"spip_doc_lien mediabox\" type=\"image\/jpeg\" target=\"_blank\" rel=\"noopener\"><br \/>\n\t\t<img loading=\"lazy\" decoding=\"async\" src=\"https:\/\/www.europesays.com\/fr\/wp-content\/uploads\/2025\/12\/image004_site-4-fe56b.jpg\" width=\"580\" height=\"318\" alt=\"\" \/><\/a><\/p>\n<p> <a href=\"https:\/\/www.france-palestine.org\/IMG\/jpg\/image011_site.jpg\" class=\"spip_doc_lien mediabox\" type=\"image\/jpeg\" target=\"_blank\" rel=\"noopener\"><br \/>\n\t\t<img loading=\"lazy\" decoding=\"async\" src=\"https:\/\/www.europesays.com\/fr\/wp-content\/uploads\/2025\/12\/image011_site-f941d.jpg\" width=\"580\" height=\"369\" alt=\"\" \/><\/a><\/p>\n<p> <a href=\"https:\/\/www.france-palestine.org\/IMG\/jpg\/image006-10.jpg\" class=\"spip_doc_lien mediabox\" type=\"image\/jpeg\" target=\"_blank\" rel=\"noopener\"><br \/>\n\t\t<img loading=\"lazy\" decoding=\"async\" src=\"https:\/\/www.europesays.com\/fr\/wp-content\/uploads\/2025\/12\/image006-10-8d128.jpg\" width=\"580\" height=\"326\" alt=\"\" \/><\/a><\/p>\n","protected":false},"excerpt":{"rendered":"La marche pour Gaza de Paris \u00e0 Bruxelles est pass\u00e9e par 5 \u00e9tapes dans le Nord du mardi&hellip;\n","protected":false},"author":2,"featured_media":602233,"comment_status":"","ping_status":"","sticky":false,"template":"","format":"standard","meta":{"footnotes":""},"categories":[1888],"tags":[11,1777,674,1011,27,12,626,25],"class_list":{"0":"post-602232","1":"post","2":"type-post","3":"status-publish","4":"format-standard","5":"has-post-thumbnail","7":"category-paris","8":"tag-actualites","9":"tag-eu","10":"tag-europe","11":"tag-fr","12":"tag-france","13":"tag-news","14":"tag-paris","15":"tag-republique-francaise"},"share_on_mastodon":{"url":"https:\/\/pubeurope.com\/@fr\/115727284959481647","error":""},"_links":{"self":[{"href":"https:\/\/www.europesays.com\/fr\/wp-json\/wp\/v2\/posts\/602232","targetHints":{"allow":["GET"]}}],"collection":[{"href":"https:\/\/www.europesays.com\/fr\/wp-json\/wp\/v2\/posts"}],"about":[{"href":"https:\/\/www.europesays.com\/fr\/wp-json\/wp\/v2\/types\/post"}],"author":[{"embeddable":true,"href":"https:\/\/www.europesays.com\/fr\/wp-json\/wp\/v2\/users\/2"}],"replies":[{"embeddable":true,"href":"https:\/\/www.europesays.com\/fr\/wp-json\/wp\/v2\/comments?post=602232"}],"version-history":[{"count":0,"href":"https:\/\/www.europesays.com\/fr\/wp-json\/wp\/v2\/posts\/602232\/revisions"}],"wp:featuredmedia":[{"embeddable":true,"href":"https:\/\/www.europesays.com\/fr\/wp-json\/wp\/v2\/media\/602233"}],"wp:attachment":[{"href":"https:\/\/www.europesays.com\/fr\/wp-json\/wp\/v2\/media?parent=602232"}],"wp:term":[{"taxonomy":"category","embeddable":true,"href":"https:\/\/www.europesays.com\/fr\/wp-json\/wp\/v2\/categories?post=602232"},{"taxonomy":"post_tag","embeddable":true,"href":"https:\/\/www.europesays.com\/fr\/wp-json\/wp\/v2\/tags?post=602232"}],"curies":[{"name":"wp","href":"https:\/\/api.w.org\/{rel}","templated":true}]}}