{"id":602234,"date":"2025-12-16T04:09:33","date_gmt":"2025-12-16T04:09:33","guid":{"rendered":"https:\/\/www.europesays.com\/fr\/602234\/"},"modified":"2025-12-16T04:09:33","modified_gmt":"2025-12-16T04:09:33","slug":"un-drone-naval-ukrainien-detruit-un-sous-marin-russe-pour-la-premiere-fois-de-lhistoire-les-images-de-lexplosion","status":"publish","type":"post","link":"https:\/\/www.europesays.com\/fr\/602234\/","title":{"rendered":"Un drone naval ukrainien d\u00e9truit un sous-marin russe \u00ab\u00a0pour la premi\u00e8re fois de l&rsquo;Histoire\u00a0\u00bb : les images de l&rsquo;explosion"},"content":{"rendered":"<ul class=\"jsx-862013697 ArticleChapo__List\">\n<li class=\"jsx-862013697 ArticleChapo__List_Item flex\">Un sous-marin russe a \u00e9t\u00e9 d\u00e9truit par un drone ukrainien, affirme Kiev.<\/li>\n<li class=\"jsx-862013697 ArticleChapo__List_Item flex\">L&rsquo;op\u00e9ration aurait \u00e9t\u00e9 men\u00e9e par un \u00ab\u00a0Sub sea baby\u00a0\u00bb, un petit sous-marin sans pilote.<\/li>\n<li class=\"jsx-862013697 ArticleChapo__List_Item flex\">Les services de s\u00e9curit\u00e9 ukrainiens ont publi\u00e9 une vid\u00e9o pr\u00e9sent\u00e9e comme celle de l&rsquo;explosion.<\/li>\n<\/ul>\n<p><a href=\"https:\/\/www.tf1info.fr\/actualite\/invasion-de-l-ukraine-par-la-russie-une-guerre-qui-dure-12951\/\" rel=\"noopener\" class=\"jsx-484472199 Link jsx-1428418400 jsx-554215408\" target=\"_blank\"><\/p>\n<p style=\"font-weight:400\" class=\"jsx-1837267516\">Suivez la couverture compl\u00e8te<\/p>\n<p style=\"font-weight:800\" class=\"jsx-1837267516\">Ukraine : 4\u1d49 ann\u00e9e de guerre<\/p>\n<p><\/a><\/p>\n<p data-module=\"article-paragraph\" class=\"jsx-3046738180 Paragraph Paragraph__End\">L&rsquo;Ukraine a affirm\u00e9 ce lundi 15 d\u00e9cembre avoir frapp\u00e9 pour la premi\u00e8re fois <a href=\"https:\/\/www.tf1info.fr\/international\/guerre-ukraine-russie-distance-charge-explosive-ia-quelles-sont-les-nouvelles-capacites-des-drones-navals-ukrainiens-sea-baby-2410591.html\" target=\"_blank\" rel=\"noopener\">\u00e0 l&rsquo;aide d&rsquo;un drone naval<\/a> un sous-marin russe amarr\u00e9 dans le port de Novorossi\u00efsk en mer Noire, assurant lui avoir inflig\u00e9 des \u00ab\u00a0dommages critiques\u00a0\u00bb. \u00ab\u00a0Pour la premi\u00e8re fois de l&rsquo;Histoire, des drones sous-marins Sub Sea Baby ont fait exploser un sous-marin russe\u00a0\u00bb de classe Kilo, ont annonc\u00e9 les services de s\u00e9curit\u00e9 ukrainiens (SBU) sur leur compte Telegram. Le SBU diffuse la vid\u00e9o d&rsquo;une explosion dans un port militaire, que vous pouvez retrouver ci-dessus, qui correspondrait \u00e0 l&rsquo;op\u00e9ration qu&rsquo;ils d\u00e9crivent. La valeur de cette classe d&rsquo;engins d\u00e9passe les 400 millions d&rsquo;euros.<\/p>\n<p>Drone sous-marin<\/p>\n<p data-module=\"article-paragraph\" class=\"jsx-3046738180 Paragraph\">\u00ab\u00a0\u00c0 la suite de l&rsquo;explosion, le sous-marin a subi des dommages critiques et a \u00e9t\u00e9 mis hors service\u00a0\u00bb, pr\u00e9cisent les militaires. Ce type de sous-marin d&rsquo;attaque conventionnel est fabriqu\u00e9 depuis les ann\u00e9es 1980. Selon les analystes militaires, la Russie en poss\u00e8de plus d&rsquo;une trentaine. La Russie n&rsquo;a pas communiqu\u00e9 dans l&rsquo;imm\u00e9diat sur ces affirmations ukrainiennes.<\/p>\n<p data-module=\"article-paragraph\" class=\"jsx-3046738180 Paragraph\">Depuis le d\u00e9but de la guerre en 2022, l&rsquo;Ukraine <a href=\"https:\/\/www.tf1info.fr\/international\/naufrage-du-moskva-un-avion-americain-a-t-il-aide-les-ukrainiens-a-couler-le-navire-amiral-russe-2217224.html\" target=\"_blank\" rel=\"noopener\">a frapp\u00e9 \u00e0 plusieurs reprises<\/a> avec des drones ou des missiles des navires russes dans les eaux de la mer Noire, les for\u00e7ant \u00e0 rester dans la partie orientale pour y \u00e9chapper. Elle avait d\u00e9j\u00e0 attaqu\u00e9 des ports russes, dont celui de Novorossi\u00efsk, pr\u00e8s duquel un important terminal p\u00e9trolier avait \u00e9t\u00e9 forc\u00e9 d&rsquo;interrompre ses activit\u00e9s fin novembre apr\u00e8s une attaque de drone naval. Le port russe de Novorossi\u00efsk se situe \u00e0 150 km au sud-est du pont de Kertch, qui relie la Russie \u00e0 la Crim\u00e9e occup\u00e9e.<\/p>\n<p data-module=\"article-paragraph\" class=\"jsx-3046738180 Paragraph Paragraph__End\">Les drones navals \u00ab\u00a0Sea Baby\u00a0\u00bb (\u00ab\u00a0b\u00e9b\u00e9 de mer\u00a0\u00bb, en fran\u00e7ais), utilis\u00e9s par les services ukrainiens, sont des hors-bord sans pilote, dont les capacit\u00e9s et la pr\u00e9cision se sont consid\u00e9rablement am\u00e9lior\u00e9es au cours du conflit, avec un rayon d&rsquo;action de 1.000 km, et une charge utile de 2 tonnes. Le \u00ab\u00a0Sub Sea Baby\u00a0\u00bb, utilis\u00e9 dans l&rsquo;op\u00e9ration de ce 15 d\u00e9cembre, en est la variante sous-marine.<\/p>\n<p><a href=\"https:\/\/www.tf1info.fr\/international\/turquie-un-petrolier-de-la-flotte-fantome-russe-attaque-par-un-drone-second-incident-en-24h-2409714.html\" rel=\"noopener\" class=\"jsx-3308031228 Link flex\" target=\"_blank\"><img decoding=\"async\" src=\"https:\/\/www.europesays.com\/fr\/wp-content\/uploads\/2025\/11\/petrolier-flotte-fantome-russe-boracay-d89d83-0@1x.jpeg\" alt=\"Damien MEYER \/ AFP\" loading=\"lazy\" importance=\"low\" fetchpriority=\"low\" class=\"\" aria-hidden=\"true\"\/><\/p>\n<p class=\"jsx-3657663356 ReadMoreArticle__Title\">Lire aussi<\/p>\n<p class=\"jsx-3657663356\">Guerre en Ukraine : les images de l&rsquo;attaque d&rsquo;un p\u00e9trolier de la flotte fant\u00f4me russe en mer Noire<\/p>\n<p><\/a><\/p>\n<p data-module=\"article-paragraph\" class=\"jsx-3046738180 Paragraph Paragraph__End\">Fin novembre et d\u00e9but d\u00e9cembre 2025, l&rsquo;Ukraine a par ailleurs frapp\u00e9 des navires p\u00e9troliers li\u00e9s \u00e0 la Russie dans les m\u00eames eaux. La Russie bombarde de son c\u00f4t\u00e9 r\u00e9guli\u00e8rement le port ukrainien d&rsquo;Odessa, o\u00f9 des navires de transport turcs ont \u00e9t\u00e9 touch\u00e9s ces derniers jours.<\/p>\n<p>F.Se avec AFP<\/p>\n","protected":false},"excerpt":{"rendered":"Un sous-marin russe a \u00e9t\u00e9 d\u00e9truit par un drone ukrainien, affirme Kiev. L&rsquo;op\u00e9ration aurait \u00e9t\u00e9 men\u00e9e par un&hellip;\n","protected":false},"author":2,"featured_media":602235,"comment_status":"","ping_status":"","sticky":false,"template":"","format":"standard","meta":{"footnotes":""},"categories":[1591],"tags":[1111,11,1921,5925,13469,1887,1922,12,8200,2543,1885,1886,132,220,1917,133,1920],"class_list":{"0":"post-602234","1":"post","2":"type-post","3":"status-publish","4":"format-standard","5":"has-post-thumbnail","7":"category-russie","8":"tag-actu","9":"tag-actualites","10":"tag-article-video","11":"tag-conflits-et-guerre","12":"tag-crimee","13":"tag-federation-de-russie","14":"tag-info","15":"tag-news","16":"tag-politique-et-crise-dun-pays-etranger","17":"tag-relations-internationales","18":"tag-russia","19":"tag-russian-federation","20":"tag-russie","21":"tag-ukraine","22":"tag-ukraine-4-annee-de-guerre","23":"tag-video","24":"tag-video-international"},"share_on_mastodon":{"url":"https:\/\/pubeurope.com\/@fr\/115727287305333918","error":""},"_links":{"self":[{"href":"https:\/\/www.europesays.com\/fr\/wp-json\/wp\/v2\/posts\/602234","targetHints":{"allow":["GET"]}}],"collection":[{"href":"https:\/\/www.europesays.com\/fr\/wp-json\/wp\/v2\/posts"}],"about":[{"href":"https:\/\/www.europesays.com\/fr\/wp-json\/wp\/v2\/types\/post"}],"author":[{"embeddable":true,"href":"https:\/\/www.europesays.com\/fr\/wp-json\/wp\/v2\/users\/2"}],"replies":[{"embeddable":true,"href":"https:\/\/www.europesays.com\/fr\/wp-json\/wp\/v2\/comments?post=602234"}],"version-history":[{"count":0,"href":"https:\/\/www.europesays.com\/fr\/wp-json\/wp\/v2\/posts\/602234\/revisions"}],"wp:featuredmedia":[{"embeddable":true,"href":"https:\/\/www.europesays.com\/fr\/wp-json\/wp\/v2\/media\/602235"}],"wp:attachment":[{"href":"https:\/\/www.europesays.com\/fr\/wp-json\/wp\/v2\/media?parent=602234"}],"wp:term":[{"taxonomy":"category","embeddable":true,"href":"https:\/\/www.europesays.com\/fr\/wp-json\/wp\/v2\/categories?post=602234"},{"taxonomy":"post_tag","embeddable":true,"href":"https:\/\/www.europesays.com\/fr\/wp-json\/wp\/v2\/tags?post=602234"}],"curies":[{"name":"wp","href":"https:\/\/api.w.org\/{rel}","templated":true}]}}